{"id":11176,"date":"2026-04-02T13:47:53","date_gmt":"2026-04-02T17:47:53","guid":{"rendered":"https:\/\/ermdigital.com\/index.php\/2026\/04\/02\/presidente-abinader-llama-a-la-prudencia-y-a-fortalecer-la-fe-durante-semana-santa-2026\/"},"modified":"2026-04-02T13:47:53","modified_gmt":"2026-04-02T17:47:53","slug":"presidente-abinader-llama-a-la-prudencia-y-a-fortalecer-la-fe-durante-semana-santa-2026","status":"publish","type":"post","link":"https:\/\/ermdigital.com\/index.php\/2026\/04\/02\/presidente-abinader-llama-a-la-prudencia-y-a-fortalecer-la-fe-durante-semana-santa-2026\/","title":{"rendered":"Presidente Abinader llama a la prudencia y a fortalecer la fe durante Semana Santa 2026"},"content":{"rendered":"<p>Santo Domingo.\u2013 El presidente de la Rep\u00fablica, <a href=\"https:\/\/generic-entity\/?number=0\">Luis Abinader<\/a>, exhort\u00f3 a la poblaci\u00f3n a vivir la <a href=\"https:\/\/generic-entity\/?number=1\">Semana Santa<\/a> con reflexi\u00f3n, unidad familiar y responsabilidad, en un mensaje difundido este Jueves Santo a trav\u00e9s de sus redes sociales.<\/p>\n<p>El mandatario expres\u00f3 su deseo de que este per\u00edodo religioso sea \u201cun espacio para renovar la fe y fortalecer los lazos que nos unen como dominicanos\u201d, al tiempo que inst\u00f3 a la ciudadan\u00eda a compartir en familia con prudencia.<\/p>\n<p>Asimismo, enfatiz\u00f3 la importancia de preservar la vida durante el asueto, recordando que la seguridad debe ser una prioridad en cada actividad. \u201cDisfrutemos en familia con prudencia y cuidando lo m\u00e1s valioso que tenemos: la vida\u201d, indic\u00f3 el jefe de Estado en su publicaci\u00f3n, acompa\u00f1ada de la etiqueta #ConcienciaPorLaVida.<\/p>\n<figure class=\"wp-block-image size-large\"><img decoding=\"async\" loading=\"lazy\" width=\"1024\" height=\"730\" src=\"https:\/\/cdn.deultimominuto.net\/wp-content\/uploads\/2026\/04\/IMG_8521-1024x730.jpeg\" alt=\"Presidente Abinader llama a la prudencia y a fortalecer la fe durante Semana Santa 2026 - Noticias de hoy en Rep\u00fablica Dominicana | De \u00daltimo Minuto\" class=\"wp-image-634868\" title=\"Presidente Abinader llama a la prudencia y a fortalecer la fe durante Semana Santa 2026 | 4 |\"><figcaption class=\"wp-element-caption\">Screenshot<\/figcaption><\/figure>\n<p>El mensaje presidencial se produce en el marco del inicio de los d\u00edas m\u00e1s significativos de la Semana Mayor, cuando miles de dominicanos se desplazan hacia distintos puntos del pa\u00eds para participar en actividades religiosas o recreativas.<\/p>\n<p>Las autoridades, por su parte, mantienen activos los operativos de prevenci\u00f3n y asistencia, con el objetivo de reducir incidentes y garantizar la seguridad ciudadana durante el feriado.<\/p>\n<p>\u200bSanto Domingo.\u2013 El presidente de la Rep\u00fablica, Luis Abinader, exhort\u00f3 a la poblaci\u00f3n a vivir la Semana Santa con reflexi\u00f3n, unidad familiar y responsabilidad, en un mensaje difundido este Jueves Santo a trav\u00e9s de sus redes sociales. El mandatario expres\u00f3 su deseo de que este per\u00edodo religioso sea \u201cun espacio para renovar la fe y\u00a0\u00a0Nacionales, Deultimominuto, ElPeri\u00f3dicodelaVerdad, Luis Abinader, mensaje, Rep\u00fablica Dominicana, Semana Santa 2026\u00a0\u00a0<\/p>\n","protected":false},"excerpt":{"rendered":"<p>Santo Domingo.\u2013 El presidente de la Rep\u00fablica, Luis Abinader, exhort\u00f3 a la poblaci\u00f3n a vivir la Semana Santa con reflexi\u00f3n, unidad familiar y responsabilidad, en un mensaje difundido este Jueves Santo a trav\u00e9s de sus redes sociales. El mandatario expres\u00f3 su deseo de que este per\u00edodo religioso sea \u201cun espacio para renovar la fe y [&hellip;]<\/p>\n","protected":false},"author":1,"featured_media":11177,"comment_status":"open","ping_status":"open","sticky":false,"template":"","format":"standard","meta":{"amp_status":"","footnotes":""},"categories":[3],"tags":[],"class_list":["post-11176","post","type-post","status-publish","format-standard","has-post-thumbnail","hentry","category-de-ultimo-minuto"],"_links":{"self":[{"href":"https:\/\/ermdigital.com\/index.php\/wp-json\/wp\/v2\/posts\/11176","targetHints":{"allow":["GET"]}}],"collection":[{"href":"https:\/\/ermdigital.com\/index.php\/wp-json\/wp\/v2\/posts"}],"about":[{"href":"https:\/\/ermdigital.com\/index.php\/wp-json\/wp\/v2\/types\/post"}],"author":[{"embeddable":true,"href":"https:\/\/ermdigital.com\/index.php\/wp-json\/wp\/v2\/users\/1"}],"replies":[{"embeddable":true,"href":"https:\/\/ermdigital.com\/index.php\/wp-json\/wp\/v2\/comments?post=11176"}],"version-history":[{"count":0,"href":"https:\/\/ermdigital.com\/index.php\/wp-json\/wp\/v2\/posts\/11176\/revisions"}],"wp:featuredmedia":[{"embeddable":true,"href":"https:\/\/ermdigital.com\/index.php\/wp-json\/wp\/v2\/media\/11177"}],"wp:attachment":[{"href":"https:\/\/ermdigital.com\/index.php\/wp-json\/wp\/v2\/media?parent=11176"}],"wp:term":[{"taxonomy":"category","embeddable":true,"href":"https:\/\/ermdigital.com\/index.php\/wp-json\/wp\/v2\/categories?post=11176"},{"taxonomy":"post_tag","embeddable":true,"href":"https:\/\/ermdigital.com\/index.php\/wp-json\/wp\/v2\/tags?post=11176"}],"curies":[{"name":"wp","href":"https:\/\/api.w.org\/{rel}","templated":true}]}}