{"id":11174,"date":"2026-04-02T13:50:39","date_gmt":"2026-04-02T17:50:39","guid":{"rendered":"https:\/\/ermdigital.com\/index.php\/2026\/04\/02\/obama-destaca-mision-artemis-ii-como-simbolo-de-inspiracion-global\/"},"modified":"2026-04-02T13:50:39","modified_gmt":"2026-04-02T17:50:39","slug":"obama-destaca-mision-artemis-ii-como-simbolo-de-inspiracion-global","status":"publish","type":"post","link":"https:\/\/ermdigital.com\/index.php\/2026\/04\/02\/obama-destaca-mision-artemis-ii-como-simbolo-de-inspiracion-global\/","title":{"rendered":"Obama destaca misi\u00f3n Artemis II como s\u00edmbolo de inspiraci\u00f3n global"},"content":{"rendered":"<p><strong>Estados Unidos.-<\/strong> El expresidente de Estados Unidos, <strong>Barack Obama<\/strong>, calific\u00f3 como \u201cinspirador\u201d el lanzamiento de la <a href=\"https:\/\/www.nasa.gov\/\" data-type=\"link\" data-id=\"https:\/\/www.nasa.gov\/\" target=\"_blank\" rel=\"noopener\">misi\u00f3n Artemis II<\/a>, destacando que el programa espacial \u201cplasma una parte esencial de lo que significa ir m\u00e1s all\u00e1 de lo que cre\u00edamos posible\u201d. <\/p>\n<p>A trav\u00e9s de un mensaje publicado en la red social X, el exmandatario expres\u00f3 su esperanza de que los <strong>cuatro astronautas <\/strong>de la misi\u00f3n motiven a una nueva generaci\u00f3n a seguir sus pasos, en lo que representa el regreso de vuelos tripulados alrededor de la Luna desde 1972.<\/p>\n<h2 class=\"wp-block-heading\">Las palabras de Obama llegan en un momento hist\u00f3rico para la exploraci\u00f3n espacial, tras el despegue exitoso de Artemis II, la primera misi\u00f3n tripulada de la NASA m\u00e1s all\u00e1 de la \u00f3rbita terrestre en m\u00e1s de cinco d\u00e9cadas.<\/h2>\n<figure class=\"wp-block-image size-full\"><img loading=\"lazy\" decoding=\"async\" width=\"577\" height=\"550\" src=\"https:\/\/cdn.deultimominuto.net\/wp-content\/uploads\/2026\/04\/Captura-de-pantalla-2026-04-02-134847.jpg\" alt=\"Obama destaca misi\u00f3n Artemis II como s\u00edmbolo de inspiraci\u00f3n global - Noticias de hoy en Rep\u00fablica Dominicana | De \u00daltimo Minuto\" class=\"wp-image-634872\" title=\"Obama destaca misi\u00f3n Artemis II como s\u00edmbolo de inspiraci\u00f3n global | 3 |\"><\/figure>\n<p><strong>Te puede interesar: <\/strong><a href=\"https:\/\/deultimominuto.net\/tecnologia\/astronautas-de-artemis-ii-tierra\/\" data-type=\"link\" data-id=\"https:\/\/deultimominuto.net\/tecnologia\/astronautas-de-artemis-ii-tierra\/\">Astronautas de Artemis II despiertan en la nave Ori\u00f3n y orbitan la Tierra en su primer d\u00eda<\/a><\/p>\n<p>La misi\u00f3n Artemis II <strong>despeg\u00f3 el mi\u00e9rcoles 1 de abril de 2026 desde el Centro Espacial Kennedy<\/strong>, en Florida, con una tripulaci\u00f3n integrada por cuatro astronautas: Reid Wiseman, Victor Glover, Christina Koch y Jeremy Hansen. Durante aproximadamente 10 d\u00edas, la nave Orion orbitar\u00e1 la Luna sin alunizar, en una prueba clave para validar sistemas de soporte vital, navegaci\u00f3n y operaciones en el espacio profundo.<\/p>\n<p>Este vuelo marca la primera vez desde la era Apolo que humanos viajan hacia el entorno lunar, alcanzando distancias superiores a los 250,000 millas de la Tierra y estableciendo nuevos r\u00e9cords en exploraci\u00f3n tripulada. Adem\u00e1s, la misi\u00f3n tiene hitos importantes en inclusi\u00f3n: <strong>Koch ser\u00e1 la primera mujer en orbitar la Luna<\/strong>, Glover el primer astronauta negro en hacerlo y Hansen el primer no estadounidense en participar en este tipo de misi\u00f3n.<\/p>\n<p>\u200bEstados Unidos.- El expresidente de Estados Unidos, Barack Obama, calific\u00f3 como \u201cinspirador\u201d el lanzamiento de la misi\u00f3n Artemis II, destacando que el programa espacial \u201cplasma una parte esencial de lo que significa ir m\u00e1s all\u00e1 de lo que cre\u00edamos posible\u201d. A trav\u00e9s de un mensaje publicado en la red social X, el exmandatario expres\u00f3 su\u00a0\u00a0Internacionales, Artemis II, Barack Obama, NASA\u00a0\u00a0<\/p>\n","protected":false},"excerpt":{"rendered":"<p>Estados Unidos.- El expresidente de Estados Unidos, Barack Obama, calific\u00f3 como \u201cinspirador\u201d el lanzamiento de la misi\u00f3n Artemis II, destacando que el programa espacial \u201cplasma una parte esencial de lo que significa ir m\u00e1s all\u00e1 de lo que cre\u00edamos posible\u201d. A trav\u00e9s de un mensaje publicado en la red social X, el exmandatario expres\u00f3 su [&hellip;]<\/p>\n","protected":false},"author":1,"featured_media":11175,"comment_status":"open","ping_status":"open","sticky":false,"template":"","format":"standard","meta":{"amp_status":"","footnotes":""},"categories":[3],"tags":[],"class_list":["post-11174","post","type-post","status-publish","format-standard","has-post-thumbnail","hentry","category-de-ultimo-minuto"],"_links":{"self":[{"href":"https:\/\/ermdigital.com\/index.php\/wp-json\/wp\/v2\/posts\/11174","targetHints":{"allow":["GET"]}}],"collection":[{"href":"https:\/\/ermdigital.com\/index.php\/wp-json\/wp\/v2\/posts"}],"about":[{"href":"https:\/\/ermdigital.com\/index.php\/wp-json\/wp\/v2\/types\/post"}],"author":[{"embeddable":true,"href":"https:\/\/ermdigital.com\/index.php\/wp-json\/wp\/v2\/users\/1"}],"replies":[{"embeddable":true,"href":"https:\/\/ermdigital.com\/index.php\/wp-json\/wp\/v2\/comments?post=11174"}],"version-history":[{"count":0,"href":"https:\/\/ermdigital.com\/index.php\/wp-json\/wp\/v2\/posts\/11174\/revisions"}],"wp:featuredmedia":[{"embeddable":true,"href":"https:\/\/ermdigital.com\/index.php\/wp-json\/wp\/v2\/media\/11175"}],"wp:attachment":[{"href":"https:\/\/ermdigital.com\/index.php\/wp-json\/wp\/v2\/media?parent=11174"}],"wp:term":[{"taxonomy":"category","embeddable":true,"href":"https:\/\/ermdigital.com\/index.php\/wp-json\/wp\/v2\/categories?post=11174"},{"taxonomy":"post_tag","embeddable":true,"href":"https:\/\/ermdigital.com\/index.php\/wp-json\/wp\/v2\/tags?post=11174"}],"curies":[{"name":"wp","href":"https:\/\/api.w.org\/{rel}","templated":true}]}}