{"id":11172,"date":"2026-04-02T13:51:56","date_gmt":"2026-04-02T17:51:56","guid":{"rendered":"https:\/\/ermdigital.com\/index.php\/2026\/04\/02\/organizaciones-proponen-medidas-para-proteger-economia-ante-impacto-de-crisis-internacional-en-rd\/"},"modified":"2026-04-02T13:51:56","modified_gmt":"2026-04-02T17:51:56","slug":"organizaciones-proponen-medidas-para-proteger-economia-ante-impacto-de-crisis-internacional-en-rd","status":"publish","type":"post","link":"https:\/\/ermdigital.com\/index.php\/2026\/04\/02\/organizaciones-proponen-medidas-para-proteger-economia-ante-impacto-de-crisis-internacional-en-rd\/","title":{"rendered":"Organizaciones proponen medidas para proteger econom\u00eda ante impacto de crisis internacional en RD"},"content":{"rendered":"<p><strong><em>Santo Domingo, RD. \u2013<\/em><\/strong> Diversas organizaciones sindicales, populares, estudiantiles y profesionales manifestaron su preocupaci\u00f3n ante los efectos que podr\u00eda generar en la econom\u00eda dominicana la actual crisis internacional vinculada al conflicto en el Medio Oriente.<\/p>\n<p>Se\u00f1alan que esta situaci\u00f3n podr\u00eda traducirse en un aumento de la inflaci\u00f3n, alza en los combustibles y una mayor presi\u00f3n sobre el poder adquisitivo de la clase <a href=\"https:\/\/deultimominuto.net\/estilo\/efemerides\/dia-de-la-trabajadora-sexual\/\" data-type=\"post\" data-id=\"483685\">trabajadora<\/a>.<\/p>\n<h3 class=\"wp-block-heading\"><strong>Leer m\u00e1s: <a href=\"https:\/\/deultimominuto.net\/economia\/desmienten-escasez-de-pollo\/\" data-type=\"post\" data-id=\"603695\">Organizaciones del comercio desmienten que exista escasez de la carne de pollo<\/a><\/strong><\/h3>\n<p>Juan N\u00fa\u00f1ez Batista, vocero de las organizaciones, consider\u00f3 que las medidas anunciadas por el gobierno resultan insuficientes, al carecer de un enfoque que priorice la protecci\u00f3n de las grandes mayor\u00edas. En ese sentido, plante\u00f3 un conjunto de propuestas orientadas a garantizar estabilidad econ\u00f3mica con justicia social.<\/p>\n<p><strong><em>Entre ellas, destacan:<\/em><\/strong><\/p>\n<ul class=\"wp-block-list\">\n<li>\u00a0\u00a0\u00a0\u00a0\u00a0\u00a0\u00a0La implementaci\u00f3n inmediata de un mecanismo de indexaci\u00f3n salarial que permita ajustar los ingresos conforme a la inflaci\u00f3n, con el objetivo de preservar el poder adquisitivo y dinamizar el consumo interno.<\/li>\n<\/ul>\n<ul class=\"wp-block-list\">\n<li>\u00a0\u00a0\u00a0\u00a0\u00a0\u00a0\u00a0La revisi\u00f3n de las exenciones fiscales otorgadas a sectores de alta rentabilidad, como el turismo y las zonas francas, entendiendo que una racionalizaci\u00f3n de estos incentivos permitir\u00eda ampliar el espacio fiscal sin afectar a los sectores m\u00e1s vulnerables.<\/li>\n<\/ul>\n<ul class=\"wp-block-list\">\n<li>\u00a0\u00a0\u00a0\u00a0\u00a0\u00a0\u00a0Renegociaci\u00f3n del contrato con la empresa minera Barrick Gold, con miras a asegurar una mayor participaci\u00f3n del Estado dominicano en los beneficios derivados de la explotaci\u00f3n de los recursos naturales<\/li>\n<\/ul>\n<p>Como medida de alivio inmediato, sugirieron la reducci\u00f3n temporal del ITBIS en productos de primera necesidad, con el fin de mitigar el impacto de la inflaci\u00f3n en los hogares dominicanos.<\/p>\n<p>De igual forma, plantearon la necesidad de racionalizar el gasto p\u00fablico, reduciendo partidas consideradas superfluas como la publicidad gubernamental y redirigiendo esos recursos hacia programas sociales y sectores productivos estrat\u00e9gicos.<\/p>\n<p>Enfatizaron que el contexto actual exige decisiones orientadas al bienestar colectivo, se\u00f1alando que la crisis internacional no debe convertirse en una carga adicional para los trabajadores, sino en una oportunidad para reorientar la pol\u00edtica econ\u00f3mica hacia un modelo m\u00e1s justo, sostenible y soberano.<\/p>\n<p>Asimismo, hicieron un llamado a la unidad de acci\u00f3n de todo el movimiento social y popular para la defensa de los intereses del pueblo, al tiempo que invitaron a la ciudadan\u00eda a participar en la conmemoraci\u00f3n del D\u00eda Internacional de los Trabajadores este primero de mayo.<\/p>\n<p>La declaraci\u00f3n fue suscrita por Juan N\u00fa\u00f1ez de la (Uni\u00f3n de Clasista de Trabajadores (UCT), Menegildo de la Rosa de la Corriente Magisterial Juan Pablo Duarte (CMJPD), Wagner Gomera Aquino del Frente Universitario Renovador (FUR), Jhon Mart\u00ednez y Oscarina Mart\u00ednez de Juventud Caribe (JC)<\/p>\n<p>Adem\u00e1s, Ram\u00f3n Nolasco Mart\u00ednez de la Corriente Sindical Juan Pablo Duarte-UASD (CSJPD), Manuel Mar\u00eda Mercedes de la Comisi\u00f3n Nacional de los Derechos Humanos (CNDH), Estalin Quezada (FEFLAS), Luz Eneida Mej\u00eda del Movimiento de Mujeres Trabajadoras (MMT), y la Asociaci\u00f3n Nacional de Enfermer\u00eda (ASONAEN).<\/p>\n<p>\u200bSanto Domingo, RD. \u2013 Diversas organizaciones sindicales, populares, estudiantiles y profesionales manifestaron su preocupaci\u00f3n ante los efectos que podr\u00eda generar en la econom\u00eda dominicana la actual crisis internacional vinculada al conflicto en el Medio Oriente. Se\u00f1alan que esta situaci\u00f3n podr\u00eda traducirse en un aumento de la inflaci\u00f3n, alza en los combustibles y una mayor presi\u00f3n\u00a0\u00a0Econom\u00eda, Crisis, Deultimominuto, ElPeri\u00f3dicodelaVerdad, medidas, Organizaciones, Rep\u00fablica Dominicana\u00a0\u00a0<\/p>\n","protected":false},"excerpt":{"rendered":"<p>Santo Domingo, RD. \u2013 Diversas organizaciones sindicales, populares, estudiantiles y profesionales manifestaron su preocupaci\u00f3n ante los efectos que podr\u00eda generar en la econom\u00eda dominicana la actual crisis internacional vinculada al conflicto en el Medio Oriente. Se\u00f1alan que esta situaci\u00f3n podr\u00eda traducirse en un aumento de la inflaci\u00f3n, alza en los combustibles y una mayor presi\u00f3n [&hellip;]<\/p>\n","protected":false},"author":1,"featured_media":11173,"comment_status":"open","ping_status":"open","sticky":false,"template":"","format":"standard","meta":{"amp_status":"","footnotes":""},"categories":[3],"tags":[],"class_list":["post-11172","post","type-post","status-publish","format-standard","has-post-thumbnail","hentry","category-de-ultimo-minuto"],"_links":{"self":[{"href":"https:\/\/ermdigital.com\/index.php\/wp-json\/wp\/v2\/posts\/11172","targetHints":{"allow":["GET"]}}],"collection":[{"href":"https:\/\/ermdigital.com\/index.php\/wp-json\/wp\/v2\/posts"}],"about":[{"href":"https:\/\/ermdigital.com\/index.php\/wp-json\/wp\/v2\/types\/post"}],"author":[{"embeddable":true,"href":"https:\/\/ermdigital.com\/index.php\/wp-json\/wp\/v2\/users\/1"}],"replies":[{"embeddable":true,"href":"https:\/\/ermdigital.com\/index.php\/wp-json\/wp\/v2\/comments?post=11172"}],"version-history":[{"count":0,"href":"https:\/\/ermdigital.com\/index.php\/wp-json\/wp\/v2\/posts\/11172\/revisions"}],"wp:featuredmedia":[{"embeddable":true,"href":"https:\/\/ermdigital.com\/index.php\/wp-json\/wp\/v2\/media\/11173"}],"wp:attachment":[{"href":"https:\/\/ermdigital.com\/index.php\/wp-json\/wp\/v2\/media?parent=11172"}],"wp:term":[{"taxonomy":"category","embeddable":true,"href":"https:\/\/ermdigital.com\/index.php\/wp-json\/wp\/v2\/categories?post=11172"},{"taxonomy":"post_tag","embeddable":true,"href":"https:\/\/ermdigital.com\/index.php\/wp-json\/wp\/v2\/tags?post=11172"}],"curies":[{"name":"wp","href":"https:\/\/api.w.org\/{rel}","templated":true}]}}