{"id":11162,"date":"2026-04-02T14:22:03","date_gmt":"2026-04-02T18:22:03","guid":{"rendered":"https:\/\/ermdigital.com\/index.php\/2026\/04\/02\/dimite-presidente-de-la-federacion-italiana-de-futbol-tras-el-fiasco\/"},"modified":"2026-04-02T14:22:03","modified_gmt":"2026-04-02T18:22:03","slug":"dimite-presidente-de-la-federacion-italiana-de-futbol-tras-el-fiasco","status":"publish","type":"post","link":"https:\/\/ermdigital.com\/index.php\/2026\/04\/02\/dimite-presidente-de-la-federacion-italiana-de-futbol-tras-el-fiasco\/","title":{"rendered":"Dimite presidente de la federaci\u00f3n italiana de f\u00fatbol tras el fiasco"},"content":{"rendered":"<p>\u00a0\u00a0<\/p>\n<p>El presidente de la Federaci\u00f3n Italiana de F\u00fatbol (FIGC), <strong>Gabriele Gravina<\/strong>, <strong>present\u00f3 la dimisi\u00f3n<\/strong> este jueves tras el fiasco de la selecci\u00f3n azzurra, que qued\u00f3 eliminada en la repesca europea y estar\u00e1 ausente de un Mundial por tercera ocasi\u00f3n consecutiva, anunci\u00f3 la instancia en un comunicado.<\/p>\n<p><strong>Gravina<\/strong>, de <strong>72 a\u00f1os<\/strong>, llevaba al frente de la <strong>FIGC desde 2018<\/strong>, justo despu\u00e9s de que <strong>Italia<\/strong> quedase fuera del Mundial de Rusia 2018, aunque ya bajo su mandato. <\/p>\n<p>La <strong>Nazionale<\/strong> tampoco fue capaz de clasificarse para <strong>Catar 2022 ni para el de Norteam\u00e9rica <\/strong>el pr\u00f3ximo verano (del 11 de junio al 19 de julio).<\/p>\n<ul class=\"list-text\">\n<li>La <strong>tetracampeona del mundo<\/strong> <strong>perdi\u00f3 el tren<\/strong> al Mundial que coorganizar\u00e1n <strong>Estados Unidos, M\u00e9xico y Canad\u00e1<\/strong>, al caer en los penales frente a Bosnia-Herzegovina (4-1, 1-1 tras pr\u00f3rroga) el pasado martes en Zenica.<\/li>\n<\/ul>\n<p><strong>Gravina<\/strong> \"inform\u00f3 a los miembros del <strong>consejo federal<\/strong> de que hab\u00eda <strong>presentado su dimisi\u00f3n<\/strong> del mandato que le hab\u00eda sido confiado en febrero de 2025 y de que hab\u00eda convocado una <strong>asamblea extraordinaria<\/strong> electiva para el pr\u00f3ximo 22 de junio en Roma\", inform\u00f3 la FIGC en su comunicado.<\/p>\n<p>\"Despu\u00e9s de tantos a\u00f1os, hay un sentimiento de <strong>gran amargura<\/strong>, pero tambi\u00e9n de <strong>gran serenidad<\/strong>\", declar\u00f3 <strong>Gravina<\/strong>, quien precis\u00f3 que los miembros del <strong>consejo federal<\/strong> le hab\u00edan pedido \"insistentemente que continuara\".<\/p>\n<p><strong>&#8211; Presi\u00f3n decisiva del ministro Abodi &#8211;<\/strong><\/p>\n<p><strong>Gravina<\/strong> tambi\u00e9n es el primer vicepresidente de la UEFA y cercano al presidente del organismo europeo, <strong>Aleksander Ceferin<\/strong>.<\/p>\n<p>Bajo su direcci\u00f3n, <strong>Italia<\/strong> gan\u00f3 la <strong>Eurocopa 2021<\/strong>, pero fracas\u00f3 a la hora de clasificarse para dos <strong>Mundiales (2022, 2026) y fue eliminada de la \u00faltima Eurocopa, en 2024<\/strong>, en octavos de final, en lo que fue una las peores actuaciones de la Azzurra en un torneo continental.<\/p>\n<div class=\"w-full pt-2 float-left inside-related\"><strong>RELACIONADAS<\/strong><\/p>\n<article class=\"flex flex-wrap border-b pb-4 mb-3 inline-block\">\n<div class=\"xl:w-2\/12 w-4\/12\">\n<figure class=\"mb-0\"><img loading=\"lazy\" decoding=\"async\" src=\"https:\/\/resources.diariolibre.com\/images\/2026\/04\/01\/mundial-2026-italia-vera-su-tercer-mundial-consecutivo-por-television-b8ae65c6-focus-0.23-0.61-149-99.jpg\" width=\"149\" height=\"99\" title=\"Italia ver\u00e1 su tercer Mundial consecutivo por televisi\u00f3n, hito para Bosnia\" alt=\"Italia ver\u00e1 su tercer Mundial consecutivo por televisi\u00f3n, hito para Bosnia\" class=\"object-cover\" \/><\/figure>\n<\/div>\n<\/article>\n<\/div>\n<p>Este <strong>antiguo empresario<\/strong> y expresidente de un peque\u00f1o club de los Abruzos que lleg\u00f3 a jugar brevemente en la <strong>Serie B<\/strong> estaba bajo presi\u00f3n desde la derrota de <strong>Italia<\/strong> el martes.<\/p>\n<p>Tratando de adelantarse a las peticiones de <strong>dimisi\u00f3n<\/strong>, <strong>Gravina<\/strong> convoc\u00f3, nada m\u00e1s acabar el partido en Zenica, un <strong>consejo federal<\/strong> para \"hacer balance y llevar a cabo evaluaciones\" de su gesti\u00f3n.<\/p>\n<div class=\"w-full pt-2 float-left inside-related\"><strong>RELACIONADAS<\/strong><\/p>\n<article class=\"flex flex-wrap border-b pb-4 mb-3 inline-block\">\n<div class=\"xl:w-2\/12 w-4\/12\">\n<figure class=\"mb-0\"><img loading=\"lazy\" decoding=\"async\" src=\"https:\/\/resources.diariolibre.com\/images\/2026\/04\/01\/descarga-df5e828e-focus-0-0.65-149-99.jpg\" width=\"149\" height=\"99\" title=\"El ministro de Deportes italiano pide un cambio de directivos en la federaci\u00f3n de f\u00fatbol del pa\u00eds\" alt=\"El ministro de Deportes italiano pide un cambio de directivos en la federaci\u00f3n de f\u00fatbol del pa\u00eds\" class=\"object-cover\" \/><\/figure>\n<\/div>\n<\/article>\n<\/div>\n<p>Pero el ministro de Deportes italiano, Andrea Abodi, <strong>pidi\u00f3 su marcha<\/strong> el mi\u00e9rcoles al considerarlo el m\u00e1ximo responsable de lo que la <strong>prensa italiana<\/strong> calific\u00f3 de \"tercer apocalipsis\" del calcio.<\/p>\n<p>\"El <strong>f\u00fatbol italiano<\/strong> debe <strong>refundarse<\/strong> y este proceso debe pasar por una renovaci\u00f3n en la direcci\u00f3n de la FIGC\", reclam\u00f3 Abodi.<\/p>\n<p>El nombre de <strong>Giovanni Malag\u00f2<\/strong>, expresidente del <strong>Comit\u00e9 Ol\u00edmpico Italiano<\/strong> y del comit\u00e9 de organizaci\u00f3n de los Juegos de Invierno de 2026 en Mil\u00e1n-Cortina, es el que m\u00e1s suena para tomar las riendas de un <strong>f\u00fatbol italiano<\/strong> en crisis.<\/p>\n<p><strong>&#8211; \u00bfY Gattuso? &#8211;<\/strong><\/p>\n<p>De aqu\u00ed al 22 de junio, el seleccionador de la <strong>Nazionale<\/strong>, Gennaro <strong>Gattuso<\/strong>, nombrado en junio de 2025, deber\u00eda, seg\u00fan la <strong>prensa italiana<\/strong>, <strong>dimitir<\/strong> tambi\u00e9n.<\/p>\n<ul class=\"list-text\">\n<li>De momento, el que s\u00ed lo hizo ha sido el exguardameta <strong>Gianluigi Buffon<\/strong>, que tras la renuncia de <strong>Gravina<\/strong> anunci\u00f3 que dejaba el puesto como <strong>m\u00e1nager general<\/strong> de la <strong>Nazionale<\/strong>.<\/li>\n<\/ul>\n<p>El <strong>nuevo presidente<\/strong> tendr\u00e1 as\u00ed la labor de encontrar un <strong>nuevo seleccionador<\/strong>, el cuarto desde junio de 2023, y avanzar en la organizaci\u00f3n de la <strong>Eurocopa 2032<\/strong>.<\/p>\n<p>En este sentido, el presidente de la UEFA, <strong>Aleksander Ceferin<\/strong>, en una entrevista este jueves a La Gazzetta dello Sport, amenaz\u00f3 a <strong>Italia<\/strong> con quitarle la organizaci\u00f3n del torneo continental si no se avanza en la renovaci\u00f3n de los estadios, que el dirigente considera qu est\u00e1n \"entre los peores de Europa\".<\/p>\n<div class=\"border-t border-b py-2 my-5 tags-container\"><strong>TEMAS &#8211; <\/strong><\/p>\n<ul>\n<li>\n<div class=\"inline-block border p-2 rounded-full align-middle\">\n<p><a href=\"https:\/\/www.diariolibre.com\/tags\/copa-del-mundo-2026\/172864\" title=\"Copa del Mundo 2026\">Copa del Mundo 2026<\/a><\/p>\n<\/div>\n<\/li>\n<li><\/li>\n<li>\n<div class=\"inline-block border p-2 rounded-full align-middle\">\n<p><a href=\"https:\/\/www.diariolibre.com\/tags\/italia\/5028\" title=\"Italia\">Italia<\/a><\/p>\n<\/div>\n<\/li>\n<\/ul>\n<\/div>\n<p>\u00a0<\/p>\n","protected":false},"excerpt":{"rendered":"<p>\u00a0\u00a0 El presidente de la Federaci\u00f3n Italiana de F\u00fatbol (FIGC), Gabriele Gravina, present\u00f3 la dimisi\u00f3n este jueves tras el fiasco de la selecci\u00f3n azzurra, que qued\u00f3 eliminada en la repesca europea y estar\u00e1 ausente de un Mundial por tercera ocasi\u00f3n consecutiva, anunci\u00f3 la instancia en un comunicado. Gravina, de 72 a\u00f1os, llevaba al frente de [&hellip;]<\/p>\n","protected":false},"author":1,"featured_media":11163,"comment_status":"open","ping_status":"open","sticky":false,"template":"","format":"standard","meta":{"amp_status":"","footnotes":""},"categories":[4],"tags":[],"class_list":["post-11162","post","type-post","status-publish","format-standard","has-post-thumbnail","hentry","category-deportes"],"_links":{"self":[{"href":"https:\/\/ermdigital.com\/index.php\/wp-json\/wp\/v2\/posts\/11162","targetHints":{"allow":["GET"]}}],"collection":[{"href":"https:\/\/ermdigital.com\/index.php\/wp-json\/wp\/v2\/posts"}],"about":[{"href":"https:\/\/ermdigital.com\/index.php\/wp-json\/wp\/v2\/types\/post"}],"author":[{"embeddable":true,"href":"https:\/\/ermdigital.com\/index.php\/wp-json\/wp\/v2\/users\/1"}],"replies":[{"embeddable":true,"href":"https:\/\/ermdigital.com\/index.php\/wp-json\/wp\/v2\/comments?post=11162"}],"version-history":[{"count":0,"href":"https:\/\/ermdigital.com\/index.php\/wp-json\/wp\/v2\/posts\/11162\/revisions"}],"wp:featuredmedia":[{"embeddable":true,"href":"https:\/\/ermdigital.com\/index.php\/wp-json\/wp\/v2\/media\/11163"}],"wp:attachment":[{"href":"https:\/\/ermdigital.com\/index.php\/wp-json\/wp\/v2\/media?parent=11162"}],"wp:term":[{"taxonomy":"category","embeddable":true,"href":"https:\/\/ermdigital.com\/index.php\/wp-json\/wp\/v2\/categories?post=11162"},{"taxonomy":"post_tag","embeddable":true,"href":"https:\/\/ermdigital.com\/index.php\/wp-json\/wp\/v2\/tags?post=11162"}],"curies":[{"name":"wp","href":"https:\/\/api.w.org\/{rel}","templated":true}]}}