{"id":11160,"date":"2026-04-02T14:22:03","date_gmt":"2026-04-02T18:22:03","guid":{"rendered":"https:\/\/ermdigital.com\/index.php\/2026\/04\/02\/la-frustracion-de-una-familia-mexicana-de-cara-al-mundial\/"},"modified":"2026-04-02T14:22:03","modified_gmt":"2026-04-02T18:22:03","slug":"la-frustracion-de-una-familia-mexicana-de-cara-al-mundial","status":"publish","type":"post","link":"https:\/\/ermdigital.com\/index.php\/2026\/04\/02\/la-frustracion-de-una-familia-mexicana-de-cara-al-mundial\/","title":{"rendered":"La frustraci\u00f3n de una familia mexicana de cara al Mundial"},"content":{"rendered":"<p>\u00a0\u00a0<\/p>\n<p><strong>Fernando, Jairo y Emilio Rueda<\/strong> comparten apellido y devoci\u00f3n por el f\u00fatbol. Pero con la <strong>disparada de precios<\/strong> respecto a los dos mundiales organizados anteriormente en <strong>M\u00e9xico<\/strong>, abuelo, padre y nieto ven inasequible ahora <strong>ir juntos a la cancha<\/strong> a alentar al Tricolor.<\/p>\n<p>Pocas veces en una vida se recibe una <strong>Copa del Mundo<\/strong> en casa, aunque el de este a\u00f1o ser\u00e1 el <strong>tercero en M\u00e9xico<\/strong>, tras <strong>1970 y 1986<\/strong>.\u00a0<strong>Jairo<\/strong> lo intent\u00f3 todo para <strong>comprar boletos<\/strong>, cuyos elevados valores han provocado cr\u00edticas de organizaciones de aficionados contra la <strong>FIFA<\/strong>.<\/p>\n<p>Sin suerte en el <strong>sorteo oficial<\/strong> para adquirirlos, qued\u00f3 librado a una <strong>oferta y demanda<\/strong> que ha llevado a que las entradas coticen en cientos o miles de d\u00f3lares.<\/p>\n<p>\"Los boletos se hicieron impagables\", sentencia este <strong>especialista en finanzas<\/strong>, de 51 a\u00f1os. Lamenta que \"siendo el f\u00fatbol un deporte tan popular, el acceso a los estadios para un <strong>Mundial<\/strong> se volvi\u00f3 algo clasista, elitista\".<\/p>\n<div class=\"w-full pt-2 float-left inside-related\"><strong>RELACIONADAS<\/strong><\/p>\n<article class=\"flex flex-wrap border-b pb-4 mb-3 inline-block\">\n<div class=\"xl:w-2\/12 w-4\/12\">\n<figure class=\"mb-0\"><img loading=\"lazy\" decoding=\"async\" src=\"https:\/\/resources.diariolibre.com\/images\/2026\/04\/02\/lego-lanza-coleccion-inspirada-en-jugadores-de-futbol-rumbo-a-la-fifa-be626548-focus-0-0-149-99.jpg\" width=\"149\" height=\"99\" title=\"LEGO lanza colecci\u00f3n inspirada en Cristiano, Messi, Mbapp\u00e9 y Vin\u00edcius rumbo al Mundial 2026\" alt=\"LEGO lanza colecci\u00f3n inspirada en Cristiano, Messi, Mbapp\u00e9 y Vin\u00edcius rumbo al Mundial 2026\" class=\"object-cover\" \/><\/figure>\n<\/div>\n<\/article>\n<\/div>\n<p>Habla por <strong>experiencia propia<\/strong> y cuenta con un <strong>testigo de excepci\u00f3n<\/strong>: su padre, <strong>Fernando Rueda<\/strong>, empleado p\u00fablico jubilado de 86 a\u00f1os. Aquel <strong>verano de 1986<\/strong>, cuando <strong>M\u00e9xico<\/strong> albergaba un <strong>Mundial<\/strong> por segunda vez en menos de veinte a\u00f1os, Fernando recibi\u00f3 un <strong>generoso regalo<\/strong>.<\/p>\n<p>Un <strong>compa\u00f1ero de trabajo<\/strong> \"no tan aficionado\" al balompi\u00e9 le obsequi\u00f3 <strong>abonos para tres partidos<\/strong>: <strong>Argentina-Corea del Sur<\/strong>, <strong>M\u00e9xico<\/strong>-Irak e Inglaterra-Paraguay.<\/p>\n<p>\"<strong>Mis dos hijos<\/strong> fueron a los tres\", recuerda Fernando. El gesto de aquel colega resulta impensable en 2026, cuando la reventa por internet facilita hallar compradores dispuestos a pagar millones de pesos.<\/p>\n<p><strong>&#8211; \"Recuerdos claritos\" &#8211;<\/strong><\/p>\n<p>\"Tengo los <strong>recuerdos claritos<\/strong>, ya estaba enganchad\u00edsimo con el f\u00fatbol\", relata <strong>Jairo<\/strong>, quien entonces ten\u00eda 12 a\u00f1os.<\/p>\n<p>De aquellas jornadas atesora la coronaci\u00f3n de la Argentina de <strong>Diego Maradona<\/strong>, el penal que fall\u00f3 el mexicano Hugo S\u00e1nchez contra los paraguayos en la fase de grupos y los temibles hooligans ingleses, a quienes tuvo de vecinos de tribuna en el Estadio Azteca.<\/p>\n<p>\"En las taquillas hab\u00eda filas al entrar al estadio porque pod\u00edas comprar los boletos el <strong>mismo d\u00eda<\/strong> del partido\", a\u00f1ade. Padre e hijo recuerdan tambi\u00e9n la algarab\u00eda que se adue\u00f1\u00f3 de la capital en los <strong>mundiales precedentes<\/strong>.\u00a0En 1970 \"el f\u00fatbol ya empezaba a ser un deporte m\u00e1s de masas\", se\u00f1ala Fernando.<\/p>\n<div class=\"w-full pt-2 float-left inside-related\"><strong>RELACIONADAS<\/strong><\/p>\n<article class=\"flex flex-wrap border-b pb-4 mb-3 inline-block\">\n<div class=\"xl:w-2\/12 w-4\/12\">\n<figure class=\"mb-0\"><img loading=\"lazy\" decoding=\"async\" src=\"https:\/\/resources.diariolibre.com\/images\/2026\/04\/01\/bosnia-celebrates-world-cup-spot-while-italy-misses-third-straight-321725420260401094441-492b9d40-focus-0.1-min0.02-149-99.jpg\" width=\"149\" height=\"99\" title=\"Una entrada por el Canad\u00e1-Bosnia y Herzegovina del Mundial llega a costar hasta 94 mil d\u00f3lares\" alt=\"Una entrada por el Canad\u00e1-Bosnia y Herzegovina del Mundial llega a costar hasta 94 mil d\u00f3lares\" class=\"object-cover\" \/><\/figure>\n<\/div>\n<\/article>\n<\/div>\n<p>Rendido admirador del brasile\u00f1o <strong>Pel\u00e9<\/strong>, quien comand\u00f3 al t\u00edtulo a una de las mejores selecciones de la historia, el <strong>abuelo Rueda<\/strong> rememora c\u00f3mo vio los partidos en horas de trabajo.<\/p>\n<p>\"De alguna forma conseguimos que alg\u00fan compa\u00f1ero que ten\u00eda televisi\u00f3n la llevara a la oficina y ah\u00ed vimos los partidos, sin emocionarse mucho porque era una <strong>oficina p\u00fablica<\/strong>\", dice sonriente.<\/p>\n<p><strong>Jairo<\/strong> no olvida el fervor de 1986: hinchas de todo el planeta invadiendo las calles, casas adornadas con motivos mundialistas o fans que deten\u00edan autom\u00f3viles e invitaban a sus ocupantes a cantar porras por <strong>M\u00e9xico<\/strong>.<\/p>\n<p>Cuarenta a\u00f1os despu\u00e9s, <strong>Emilio<\/strong>, de 13 a\u00f1os, se prepara para su <strong>primer Mundial en casa<\/strong>, que prolonga la pasi\u00f3n futbolera que lo une a su padre y su abuelo.<\/p>\n<p>Le toca sin embargo el primero con <strong>48 equipos<\/strong> y organizado entre tres pa\u00edses &#8211;<strong>M\u00e9xico<\/strong>, <strong>Estados Unidos<\/strong> y Canad\u00e1-, algo que no le parece \"muy buena idea\".<\/p>\n<p>\"A lo mejor el partido o la selecci\u00f3n que t\u00fa quer\u00edas ver no te va a tocar en tu pa\u00eds\", apunta. Es el caso de <strong>Francia<\/strong>, su gran favorito, que jugar\u00e1 en <strong>ciudades estadounidenses<\/strong>.<\/p>\n<p>Futbolista de ligas menores desde los seis a\u00f1os, <strong>Emilio<\/strong> admite que le \"da <strong>envidia<\/strong>\" pensar que su padre y su abuelo disfrutaron de partidos mundialistas en la cancha.<\/p>\n<p>\"Me siento un poco mal, <strong>frustrado de no poder asistir<\/strong> al <strong>Mundial<\/strong>\", a\u00f1ade.<\/p>\n<ul class=\"list-text\">\n<li>Reunidos alrededor de la <strong>mesa familiar<\/strong>, los tres exhiben sus tesoros de fan\u00e1ticos: <strong>\u00e1lbumes Panini<\/strong>, desde <strong>M\u00e9xico<\/strong> 1986 hasta Catar 2022, camisetas y <strong>memorabilia<\/strong> de sus equipos y jugadores favoritos.<\/li>\n<\/ul>\n<p>Y aunque cautelosos sobre las posibilidades del equipo mexicano, todos llevan puesta la <strong>camiseta del Tri<\/strong>, mientras el entusiasmo va in crescendo.<\/p>\n<p>\"Todav\u00eda espero por ah\u00ed tener el <strong>golpe de suerte<\/strong> de a lo mejor poder conseguir alguna entrada en un buen precio, e ir con mi pap\u00e1, con mi hijo, con mi hermano\", afirma <strong>Jairo<\/strong>.<\/p>\n<p>Confiesa que incluso <strong>pens\u00f3 en viajar<\/strong> a <strong>Estados Unidos<\/strong> con la esperanza de que la <strong>mayor oferta<\/strong> all\u00ed le permitiese acceder a una cancha.<\/p>\n<div class=\"border-t border-b py-2 my-5 tags-container\"><strong>TEMAS &#8211; <\/strong><\/p>\n<ul>\n<li>\n<div class=\"inline-block border p-2 rounded-full align-middle\">\n<p><a href=\"https:\/\/www.diariolibre.com\/tags\/mundial-de-futbol-2026\/92541\" title=\"Mundial de F\u00fatbol 2026\">Mundial de F\u00fatbol 2026<\/a><\/p>\n<\/div>\n<\/li>\n<li><\/li>\n<li>\n<div class=\"inline-block border p-2 rounded-full align-middle\">\n<p><a href=\"https:\/\/www.diariolibre.com\/tags\/mexico\/106\" title=\"M\u00e9xico\">M\u00e9xico<\/a><\/p>\n<\/div>\n<\/li>\n<\/ul>\n<\/div>\n<p>\u00a0<\/p>\n","protected":false},"excerpt":{"rendered":"<p>\u00a0\u00a0 Fernando, Jairo y Emilio Rueda comparten apellido y devoci\u00f3n por el f\u00fatbol. Pero con la disparada de precios respecto a los dos mundiales organizados anteriormente en M\u00e9xico, abuelo, padre y nieto ven inasequible ahora ir juntos a la cancha a alentar al Tricolor. Pocas veces en una vida se recibe una Copa del Mundo [&hellip;]<\/p>\n","protected":false},"author":1,"featured_media":11161,"comment_status":"open","ping_status":"open","sticky":false,"template":"","format":"standard","meta":{"amp_status":"","footnotes":""},"categories":[4],"tags":[],"class_list":["post-11160","post","type-post","status-publish","format-standard","has-post-thumbnail","hentry","category-deportes"],"_links":{"self":[{"href":"https:\/\/ermdigital.com\/index.php\/wp-json\/wp\/v2\/posts\/11160","targetHints":{"allow":["GET"]}}],"collection":[{"href":"https:\/\/ermdigital.com\/index.php\/wp-json\/wp\/v2\/posts"}],"about":[{"href":"https:\/\/ermdigital.com\/index.php\/wp-json\/wp\/v2\/types\/post"}],"author":[{"embeddable":true,"href":"https:\/\/ermdigital.com\/index.php\/wp-json\/wp\/v2\/users\/1"}],"replies":[{"embeddable":true,"href":"https:\/\/ermdigital.com\/index.php\/wp-json\/wp\/v2\/comments?post=11160"}],"version-history":[{"count":0,"href":"https:\/\/ermdigital.com\/index.php\/wp-json\/wp\/v2\/posts\/11160\/revisions"}],"wp:featuredmedia":[{"embeddable":true,"href":"https:\/\/ermdigital.com\/index.php\/wp-json\/wp\/v2\/media\/11161"}],"wp:attachment":[{"href":"https:\/\/ermdigital.com\/index.php\/wp-json\/wp\/v2\/media?parent=11160"}],"wp:term":[{"taxonomy":"category","embeddable":true,"href":"https:\/\/ermdigital.com\/index.php\/wp-json\/wp\/v2\/categories?post=11160"},{"taxonomy":"post_tag","embeddable":true,"href":"https:\/\/ermdigital.com\/index.php\/wp-json\/wp\/v2\/tags?post=11160"}],"curies":[{"name":"wp","href":"https:\/\/api.w.org\/{rel}","templated":true}]}}