{"id":11158,"date":"2026-04-02T14:22:03","date_gmt":"2026-04-02T18:22:03","guid":{"rendered":"https:\/\/ermdigital.com\/index.php\/2026\/04\/02\/atletico-fc-barcelona-episodio-iv-en-liga-con-un-ojo-en-la-champions\/"},"modified":"2026-04-02T14:22:03","modified_gmt":"2026-04-02T18:22:03","slug":"atletico-fc-barcelona-episodio-iv-en-liga-con-un-ojo-en-la-champions","status":"publish","type":"post","link":"https:\/\/ermdigital.com\/index.php\/2026\/04\/02\/atletico-fc-barcelona-episodio-iv-en-liga-con-un-ojo-en-la-champions\/","title":{"rendered":"Atl\u00e9tico-FC Barcelona, episodio IV en Liga con un ojo en la Champions"},"content":{"rendered":"<p>\u00a0\u00a0<\/p>\n<p>El <strong>Atl\u00e9tico de Madrid<\/strong> <strong>recibe<\/strong> el s\u00e1bado al <strong>l\u00edder FC Barcelona<\/strong> en la <strong>30\u00aa fecha<\/strong> de <strong>LaLiga<\/strong>, en el que ser\u00e1 el cuarto enfrentamiento en lo que va de temporada entre colchoneros y cul\u00e9s, que tienen pendiente tambi\u00e9n un doble duelo en cuartos de <strong>Champions<\/strong> (8 y 14 de abril).<\/p>\n<p>Los hombres de <strong>Diego Simeone<\/strong>, aunque cuartos en la tabla a 16 puntos del equipo dirigido por Hansi Flick, afrontan la cita con una <strong>doble ventaja moral<\/strong>; la reciente gesta al eliminar al equipo azulgrana en semifinales de Copa (4-0 en el <strong>Metropolitano<\/strong> y clasificados pese a perder 3-0 en <strong>Barcelona<\/strong>), y el hecho de que el <strong>Bar\u00e7a<\/strong> tenga mucha m\u00e1s presi\u00f3n por los puntos al estar jug\u00e1ndose el t\u00edtulo con el Real Madrid, a cuatro puntos de los azulgrana.<\/p>\n<p>Adem\u00e1s, el equipo catal\u00e1n deber\u00e1 afrontar el tr\u00edptico ante los rojiblancos sin su goleador brasile\u00f1o Raphinha, <strong>lesionado<\/strong> en el amistoso de la Canarinha ante Francia.<\/p>\n<p>Una baja significativamente m\u00e1s importante que las de <strong>Johnny Cardoso<\/strong> y <strong>Marcos Llorente<\/strong> en el <strong>Atl\u00e9tico<\/strong>.<\/p>\n<h2><strong>&#8211; Focos para Lamine y Juli\u00e1n &#8211;<\/strong><\/h2>\n<p>El central <strong>Marc Pubill<\/strong> y el arquero <strong>Jan Oblak<\/strong> apuran su <strong>recuperaci\u00f3n<\/strong> para estar en el <strong>partido<\/strong> del s\u00e1bado, pero Simeone est\u00e1 tranquilo en ese sentido habida cuenta del buen rendimiento del argentino Juan Musso bajo palos durante la ausencia del esloveno.<\/p>\n<p>Otro foco de inter\u00e9s ser\u00e1 <strong>Juli\u00e1n \u00c1lvarez<\/strong>, al que a menudo se le vincula en un futuro cercano con el <strong>Barcelona<\/strong>, aunque el delantero argentino no est\u00e1 haciendo su mejor temporada y s\u00f3lo suma dos goles en <strong>LaLiga<\/strong> desde octubre (8 en total).<\/p>\n<p>Sin olvidar tampoco la presencia de <strong>Lamine Yamal<\/strong> tras los <strong>gritos islam\u00f3fobos<\/strong> escuchados en el estadio del Espayol el pasado martes en un <strong>partido<\/strong> de la selecci\u00f3n espa\u00f1ola contra Egipto.<\/p>\n<ul class=\"list-text\">\n<li>En el pasado, en el estadio <strong>Metropolitano<\/strong> (como otros en Espa\u00f1a) ya se vivieron <strong>episodios racistas<\/strong> por ejemplo con el delantero brasile\u00f1o del Real Madrid <strong>Vinicius<\/strong>.<\/li>\n<\/ul>\n<p>El Atleti podr\u00e1 contar una vez m\u00e1s con el inquebrantable <strong>apoyo<\/strong> de su <strong>afici\u00f3n<\/strong>, que lleva en volandas al equipo rojiblanco cuando juega como <strong>local<\/strong>.<\/p>\n<p>El equipo de Simeone s\u00f3lo ha <strong>perdido un partido<\/strong> en <strong>LaLiga<\/strong> esta temporada en el <strong>Metropolitano<\/strong>: fue contra el <strong>Betis<\/strong> hace casi dos meses (1-0).<\/p>\n<h2>&#8211; Real Madrid viaja a <strong>Mallorca<\/strong> &#8211;<\/h2>\n<p>Pero, por otro lado, <strong>LaLiga<\/strong> ya ha dejado se ser un foco de inter\u00e9s para el aficionado colchonero, m\u00e1s pendiente de la eliminatoria de <strong>Champions<\/strong> (el <strong>partido<\/strong> de vuelta ser\u00e1 en Madrid) y, sobre todo, la final de la Copa del Rey contra la <strong>Real Sociedad<\/strong> el pr\u00f3ximo <strong>18 de abril<\/strong>.<\/p>\n<p>Para esa cita copera en el Estadio La Cartuja de Sevilla, los socios rojiblancos han adquirido las 22.440 localidades que la federaci\u00f3n espa\u00f1ola puso a disposici\u00f3n del club madrile\u00f1o.<\/p>\n<p>Y para los aficionados que no se desplacen a Sevilla, el Atleti abrir\u00e1 el <strong>Metropolitano<\/strong> para ofrecer el <strong>partido<\/strong> a trav\u00e9s de <strong>pantallas gigantes<\/strong> de televisi\u00f3n.<\/p>\n<div class=\"w-full pt-2 float-left inside-related\"><strong>RELACIONADAS<\/strong><\/p>\n<article class=\"flex flex-wrap border-b pb-4 mb-3 inline-block\">\n<div class=\"xl:w-2\/12 w-4\/12\">\n<figure class=\"mb-0\"><img loading=\"lazy\" decoding=\"async\" src=\"https:\/\/resources.diariolibre.com\/images\/2026\/03\/18\/el-barca-se-divierte-ante-el-newcastle-y-pasa-a-cuartos-en-champions-785668f4-focus-0-0.44-149-99.jpg\" width=\"149\" height=\"99\" title=\"El Barcelona estima la baja de Raphinha en unas cinco semanas\" alt=\"El Barcelona estima la baja de Raphinha en unas cinco semanas\" class=\"object-cover\" \/><\/figure>\n<\/div>\n<\/article>\n<\/div>\n<p>Para el inicio del choque en el <strong>Metropolitano<\/strong>, el <strong>Bar\u00e7a<\/strong> ya conocer\u00e1 el resultado del Real Madrid en su visita al <strong>Mallorca<\/strong> del argentino Mart\u00edn Demichelis, inmerso en la pelea por evitar el descenso.<\/p>\n<p>Esta <strong>30\u00aa fecha<\/strong> arrancar\u00e1 el viernes con el <strong>Rayo Vallecano-Elche<\/strong>, y concluir\u00e1 el lunes con la visita del Villarreal (3\u00ba) al Girona.<\/p>\n<p>Uno de los jugadores a seguir ser\u00e1 el del delantero belga del <strong>Valencia<\/strong> <strong>Ramazani<\/strong>. El jugador che de 25 a\u00f1os, cedido por el Leeds de la Premier League, ha marcado <strong>cinco goles<\/strong> en sus nueve \u00faltimos partidos. <\/p>\n<p>El <strong>Valencia<\/strong> buscar\u00e1 el domingo ante el <strong>Celta de Vigo<\/strong> del reci\u00e9n renovado t\u00e9cnico <strong>Claudio Gir\u00e1ldez<\/strong> ampliar su racha de tres victorias en los cuatro \u00faltimos partidos y sellar pr\u00e1cticamente la salvaci\u00f3n.<\/p>\n<div class=\"border-t border-b py-2 my-5 tags-container\"><strong>TEMAS &#8211; <\/strong><\/p>\n<ul>\n<li>\n<div class=\"inline-block border p-2 rounded-full align-middle\">\n<p><a href=\"https:\/\/www.diariolibre.com\/tags\/atletico-de-madrid\/553\" title=\"Atl\u00e9tico de Madrid\">Atl\u00e9tico de Madrid<\/a><\/p>\n<\/div>\n<\/li>\n<li><\/li>\n<li>\n<div class=\"inline-block border p-2 rounded-full align-middle\">\n<p><a href=\"https:\/\/www.diariolibre.com\/tags\/fc-barcelona\/8235\" title=\"FC Barcelona\">FC Barcelona<\/a><\/p>\n<\/div>\n<\/li>\n<li>\n<div class=\"inline-block border p-2 rounded-full align-middle\">\n<p><a href=\"https:\/\/www.diariolibre.com\/tags\/champions\/6475\" title=\"Champions\">Champions<\/a><\/p>\n<\/div>\n<\/li>\n<\/ul>\n<\/div>\n<p>\u00a0<\/p>\n","protected":false},"excerpt":{"rendered":"<p>\u00a0\u00a0 El Atl\u00e9tico de Madrid recibe el s\u00e1bado al l\u00edder FC Barcelona en la 30\u00aa fecha de LaLiga, en el que ser\u00e1 el cuarto enfrentamiento en lo que va de temporada entre colchoneros y cul\u00e9s, que tienen pendiente tambi\u00e9n un doble duelo en cuartos de Champions (8 y 14 de abril). Los hombres de Diego [&hellip;]<\/p>\n","protected":false},"author":1,"featured_media":11159,"comment_status":"open","ping_status":"open","sticky":false,"template":"","format":"standard","meta":{"amp_status":"","footnotes":""},"categories":[4],"tags":[],"class_list":["post-11158","post","type-post","status-publish","format-standard","has-post-thumbnail","hentry","category-deportes"],"_links":{"self":[{"href":"https:\/\/ermdigital.com\/index.php\/wp-json\/wp\/v2\/posts\/11158","targetHints":{"allow":["GET"]}}],"collection":[{"href":"https:\/\/ermdigital.com\/index.php\/wp-json\/wp\/v2\/posts"}],"about":[{"href":"https:\/\/ermdigital.com\/index.php\/wp-json\/wp\/v2\/types\/post"}],"author":[{"embeddable":true,"href":"https:\/\/ermdigital.com\/index.php\/wp-json\/wp\/v2\/users\/1"}],"replies":[{"embeddable":true,"href":"https:\/\/ermdigital.com\/index.php\/wp-json\/wp\/v2\/comments?post=11158"}],"version-history":[{"count":0,"href":"https:\/\/ermdigital.com\/index.php\/wp-json\/wp\/v2\/posts\/11158\/revisions"}],"wp:featuredmedia":[{"embeddable":true,"href":"https:\/\/ermdigital.com\/index.php\/wp-json\/wp\/v2\/media\/11159"}],"wp:attachment":[{"href":"https:\/\/ermdigital.com\/index.php\/wp-json\/wp\/v2\/media?parent=11158"}],"wp:term":[{"taxonomy":"category","embeddable":true,"href":"https:\/\/ermdigital.com\/index.php\/wp-json\/wp\/v2\/categories?post=11158"},{"taxonomy":"post_tag","embeddable":true,"href":"https:\/\/ermdigital.com\/index.php\/wp-json\/wp\/v2\/tags?post=11158"}],"curies":[{"name":"wp","href":"https:\/\/api.w.org\/{rel}","templated":true}]}}