{"id":11132,"date":"2026-04-02T12:27:42","date_gmt":"2026-04-02T16:27:42","guid":{"rendered":"https:\/\/ermdigital.com\/index.php\/2026\/04\/02\/la-totalidad-de-la-fuerza-antipandillas-de-la-onu-en-haiti-llegara-entre-abril-y-octubre\/"},"modified":"2026-04-02T12:27:42","modified_gmt":"2026-04-02T16:27:42","slug":"la-totalidad-de-la-fuerza-antipandillas-de-la-onu-en-haiti-llegara-entre-abril-y-octubre","status":"publish","type":"post","link":"https:\/\/ermdigital.com\/index.php\/2026\/04\/02\/la-totalidad-de-la-fuerza-antipandillas-de-la-onu-en-haiti-llegara-entre-abril-y-octubre\/","title":{"rendered":"La totalidad de la fuerza antipandillas de la ONU en Hait\u00ed llegar\u00e1 entre abril y octubre"},"content":{"rendered":"<p><strong>Puerto Pr\u00edncipe.-<\/strong> La <strong>Fuerza de Supresi\u00f3n de Pandillas (GSF, por sus siglas en ingl\u00e9s)<\/strong>, cuyos primeros contingentes llegaron a Hait\u00ed el mi\u00e9rcoles, contar\u00e1 con uniformados procedentes de \u00c1frica, Asia, Am\u00e9rica Latina y el Caribe, que <strong>se incorporar\u00e1n paulatinamente entre abril y octubre de este a\u00f1o, seg\u00fan lo previsto.<\/strong><\/p>\n<p>Los <strong>5.500 efectivos<\/strong> contemplados en total tendr\u00e1n como misi\u00f3n llevar a cabo \"operaciones selectivas basadas en informaci\u00f3n de inteligencia contra las bandas armadas\", adem\u00e1s de \"garantizar\" la seguridad de las infraestructuras cr\u00edticas y las principales v\u00edas de comunicaci\u00f3n, inform\u00f3 la GSF en X en la madrugada de este jueves.<\/p>\n<p>Tambi\u00e9n, deber\u00e1n \"proteger a la poblaci\u00f3n civil, respetando plenamente los derechos humanos\".<\/p>\n<p>La misi\u00f3n se llevar\u00e1 a cabo en colaboraci\u00f3n con la <strong>Polic\u00eda Nacional de Hait\u00ed (PNH),<\/strong> el Ministerio de Defensa, la Oficina Integrada de las Naciones Unidas en Hait\u00ed (Binuh), la Oficina de Apoyo de las Naciones Unidas en Hait\u00ed (Unsoh), el Equipo de Pa\u00eds de las Naciones Unidas y la Organizaci\u00f3n de los Estados Americanos (OEA).<\/p>\n<h2 class=\"wp-block-heading\">Hait\u00ed recibi\u00f3 este mi\u00e9rcoles las<strong> primeras tropas de la GSF, provenientes de Chad<\/strong>, que toman el relevo de la extinta Misi\u00f3n Multinacional de Apoyo a la Seguridad (MSS), tambi\u00e9n creada por la <a href=\"https:\/\/www.un.org\/es\/\" data-type=\"link\" data-id=\"https:\/\/www.un.org\/es\/\" target=\"_blank\" rel=\"noopener\">ONU<\/a> y que no tuvo los resultados esperados en el combate contra las bandas.<\/h2>\n<p><strong>Te puede interesar: <\/strong><a href=\"https:\/\/deultimominuto.net\/internacionales\/haiti-recibe-el-despliegue\/\" data-type=\"link\" data-id=\"https:\/\/deultimominuto.net\/internacionales\/haiti-recibe-el-despliegue\/\">Hait\u00ed recibe el primer despliegue de la nueva fuerza multinacional antipandillas de la ONU<\/a><\/p>\n<p>La llegada se produce en un momento en el que <strong>las bandas han expandido su dominio este \u00faltimo a\u00f1o m\u00e1s all\u00e1 de Puerto Pr\u00edncipe<\/strong>, la capital de Hait\u00ed, hacia los departamentos de Centro y Artibonite, en medio de altos niveles de violencia entre pandillas, fuerzas de seguridad, empresas privadas y grupos de \"autodefensa\".<\/p>\n<p>Entre el 1 de marzo de 2025 y el 15 de enero de este a\u00f1o ha habido 5.519 muertos y 2.608 heridos.<\/p>\n<p>Este mi\u00e9rcoles la Polic\u00eda inform\u00f3 de enfrentamientos armados con pandilleros en el marco de una \"gran operaci\u00f3n\" en el departamento de Artibonite, situado al norte de la capital y donde el domingo ocurri\u00f3 la masacre de al menos 70 personas en un ataque atribuido al grupo armado Gran Grif, seg\u00fan denuncias de una ONG y la ONU.<\/p>\n<p>\u200bPuerto Pr\u00edncipe.- La Fuerza de Supresi\u00f3n de Pandillas (GSF, por sus siglas en ingl\u00e9s), cuyos primeros contingentes llegaron a Hait\u00ed el mi\u00e9rcoles, contar\u00e1 con uniformados procedentes de \u00c1frica, Asia, Am\u00e9rica Latina y el Caribe, que se incorporar\u00e1n paulatinamente entre abril y octubre de este a\u00f1o, seg\u00fan lo previsto. Los 5.500 efectivos contemplados en total tendr\u00e1n\u00a0\u00a0Internacionales, Antipandillas, Hait\u00ed, ONU\u00a0\u00a0<\/p>\n","protected":false},"excerpt":{"rendered":"<p>Puerto Pr\u00edncipe.- La Fuerza de Supresi\u00f3n de Pandillas (GSF, por sus siglas en ingl\u00e9s), cuyos primeros contingentes llegaron a Hait\u00ed el mi\u00e9rcoles, contar\u00e1 con uniformados procedentes de \u00c1frica, Asia, Am\u00e9rica Latina y el Caribe, que se incorporar\u00e1n paulatinamente entre abril y octubre de este a\u00f1o, seg\u00fan lo previsto. Los 5.500 efectivos contemplados en total tendr\u00e1n [&hellip;]<\/p>\n","protected":false},"author":1,"featured_media":11133,"comment_status":"open","ping_status":"open","sticky":false,"template":"","format":"standard","meta":{"amp_status":"","footnotes":""},"categories":[3],"tags":[],"class_list":["post-11132","post","type-post","status-publish","format-standard","has-post-thumbnail","hentry","category-de-ultimo-minuto"],"_links":{"self":[{"href":"https:\/\/ermdigital.com\/index.php\/wp-json\/wp\/v2\/posts\/11132","targetHints":{"allow":["GET"]}}],"collection":[{"href":"https:\/\/ermdigital.com\/index.php\/wp-json\/wp\/v2\/posts"}],"about":[{"href":"https:\/\/ermdigital.com\/index.php\/wp-json\/wp\/v2\/types\/post"}],"author":[{"embeddable":true,"href":"https:\/\/ermdigital.com\/index.php\/wp-json\/wp\/v2\/users\/1"}],"replies":[{"embeddable":true,"href":"https:\/\/ermdigital.com\/index.php\/wp-json\/wp\/v2\/comments?post=11132"}],"version-history":[{"count":0,"href":"https:\/\/ermdigital.com\/index.php\/wp-json\/wp\/v2\/posts\/11132\/revisions"}],"wp:featuredmedia":[{"embeddable":true,"href":"https:\/\/ermdigital.com\/index.php\/wp-json\/wp\/v2\/media\/11133"}],"wp:attachment":[{"href":"https:\/\/ermdigital.com\/index.php\/wp-json\/wp\/v2\/media?parent=11132"}],"wp:term":[{"taxonomy":"category","embeddable":true,"href":"https:\/\/ermdigital.com\/index.php\/wp-json\/wp\/v2\/categories?post=11132"},{"taxonomy":"post_tag","embeddable":true,"href":"https:\/\/ermdigital.com\/index.php\/wp-json\/wp\/v2\/tags?post=11132"}],"curies":[{"name":"wp","href":"https:\/\/api.w.org\/{rel}","templated":true}]}}