{"id":11130,"date":"2026-04-02T12:35:32","date_gmt":"2026-04-02T16:35:32","guid":{"rendered":"https:\/\/ermdigital.com\/index.php\/2026\/04\/02\/fallece-la-madre-de-comunicadora-dafne-guzman\/"},"modified":"2026-04-02T12:35:32","modified_gmt":"2026-04-02T16:35:32","slug":"fallece-la-madre-de-comunicadora-dafne-guzman","status":"publish","type":"post","link":"https:\/\/ermdigital.com\/index.php\/2026\/04\/02\/fallece-la-madre-de-comunicadora-dafne-guzman\/","title":{"rendered":"Fallece la madre de comunicadora Dafne Guzm\u00e1n"},"content":{"rendered":"<p>Falleci\u00f3 esta ma\u00f1ana la se\u00f1ora Zeneida L\u00f3pez, madre de la reconocida comunicadora Dafne Guzm\u00e1n, luego de varios meses con delicados problemas de salud.<\/p>\n<p>Los restos de L\u00f3pez, madre de Dafne y Lucas Guzm\u00e1n, ser\u00e1n velados desde esta tarde en el Jard\u00edn Memorial de la 27 de Febrero y recibir\u00e1n cristiana sepultura ma\u00f1ana viernes en horas\u00a0de la tarde\u00a0en el Cementerio Cristo Redentor.<\/p>\n<p>Dafne, visiblemente afectada por la p\u00e9rdida de su madre, recuenta que en noviembre del pasado a\u00f1o, cuando fue dada de alta luego de recibir tratamiento en Miami para su c\u00e1ncer de pulm\u00f3n, al regresar al pa\u00eds, se enter\u00f3 que su madre sufri\u00f3 una ca\u00edda y no dijo nada, por lo que al llevarla al m\u00e9dico fue internada y le diagnosticaron que hab\u00eda sufrido un ACV.<\/p>\n<p>Luego de varios estudios se determin\u00f3 que ten\u00eda dos hematomas subdurales y la sometieron a una operaci\u00f3n, en la que le encontraron adem\u00e1s dos n\u00f3dulos en los pulmones que al ser analizados en el pet scan, dieron positivo a c\u00e9lulas cancerosas.<\/p>\n<p>Dafne cuenta que su madre decidi\u00f3 no tratarse y pidi\u00f3 que la dejaran vivir lo que le quedara de vida viajando, por lo que ella y su familia, hicieron varios viajes con ella.<\/p>\n<p>En cita con el neum\u00f3logo le indicaron una biopsia, por lo que fueron donde la doctora Ligia Cardona, directora de radiolog\u00eda de Cedimat, solicit\u00e1ndole que les enviara los resultados lo antes posible porque ir\u00edan a chequearla a Miami. La doctora nunca les dijo nada m\u00e1s, pero pudieron darse cuenta de que los resultados estaban en la plataforma de Cedimat.<\/p>\n<p>La comunicadora cuenta con dolor que cuando el especialista de la cl\u00ednica de Miami, vio los resultados y las im\u00e1genes adjuntas, expres\u00f3 \u00a1Dios m\u00edo, pero pr\u00e1cticamente la mataron! Al ver que el pulm\u00f3n hab\u00eda sido perforado.<\/p>\n<p>A su regreso al pa\u00eds, en una cita ya pautada con la misma doctora, \u00e9sta no admiti\u00f3 su error y les dijo que eso hab\u00eda sido un derrame pleural, por lo que iniciaron con do\u00f1a Zeneida tratamientos paliativos.<\/p>\n<blockquote class=\"wp-block-quote is-layout-flow wp-block-quote-is-layout-flow\">\n<p>\u201cLa biopsia fue\u00a0el 12 de agosto\u00a0del pasado a\u00f1o, fruto de eso se intern\u00f3 4 veces, perdi\u00f3 parte de un pie ya que no le estaba llegando el ox\u00edgeno fruto de una ar\u00edtmia card\u00edaca, le dio una neumon\u00eda y muri\u00f3\u201d, recuenta Dafne.<\/p>\n<\/blockquote>\n<p>A la hora de su muerte Zeneida contaba con 74 a\u00f1os.<\/p>\n<p>\u200bFalleci\u00f3 esta ma\u00f1ana la se\u00f1ora Zeneida L\u00f3pez, madre de la reconocida comunicadora Dafne Guzm\u00e1n, luego de varios meses con delicados problemas de salud. Los restos de L\u00f3pez, madre de Dafne y Lucas Guzm\u00e1n, ser\u00e1n velados desde esta tarde en el Jard\u00edn Memorial de la 27 de Febrero y recibir\u00e1n cristiana sepultura ma\u00f1ana viernes en horas\u00a0de\u00a0\u00a0Entretenimiento, Dafne Guzm\u00e1n, Deultimominuto, ElPeri\u00f3dicodelaVerdad, madre, Rep\u00fablica Dominicana\u00a0\u00a0<\/p>\n","protected":false},"excerpt":{"rendered":"<p>Falleci\u00f3 esta ma\u00f1ana la se\u00f1ora Zeneida L\u00f3pez, madre de la reconocida comunicadora Dafne Guzm\u00e1n, luego de varios meses con delicados problemas de salud. Los restos de L\u00f3pez, madre de Dafne y Lucas Guzm\u00e1n, ser\u00e1n velados desde esta tarde en el Jard\u00edn Memorial de la 27 de Febrero y recibir\u00e1n cristiana sepultura ma\u00f1ana viernes en horas\u00a0de [&hellip;]<\/p>\n","protected":false},"author":1,"featured_media":11131,"comment_status":"open","ping_status":"open","sticky":false,"template":"","format":"standard","meta":{"amp_status":"","footnotes":""},"categories":[3],"tags":[],"class_list":["post-11130","post","type-post","status-publish","format-standard","has-post-thumbnail","hentry","category-de-ultimo-minuto"],"_links":{"self":[{"href":"https:\/\/ermdigital.com\/index.php\/wp-json\/wp\/v2\/posts\/11130","targetHints":{"allow":["GET"]}}],"collection":[{"href":"https:\/\/ermdigital.com\/index.php\/wp-json\/wp\/v2\/posts"}],"about":[{"href":"https:\/\/ermdigital.com\/index.php\/wp-json\/wp\/v2\/types\/post"}],"author":[{"embeddable":true,"href":"https:\/\/ermdigital.com\/index.php\/wp-json\/wp\/v2\/users\/1"}],"replies":[{"embeddable":true,"href":"https:\/\/ermdigital.com\/index.php\/wp-json\/wp\/v2\/comments?post=11130"}],"version-history":[{"count":0,"href":"https:\/\/ermdigital.com\/index.php\/wp-json\/wp\/v2\/posts\/11130\/revisions"}],"wp:featuredmedia":[{"embeddable":true,"href":"https:\/\/ermdigital.com\/index.php\/wp-json\/wp\/v2\/media\/11131"}],"wp:attachment":[{"href":"https:\/\/ermdigital.com\/index.php\/wp-json\/wp\/v2\/media?parent=11130"}],"wp:term":[{"taxonomy":"category","embeddable":true,"href":"https:\/\/ermdigital.com\/index.php\/wp-json\/wp\/v2\/categories?post=11130"},{"taxonomy":"post_tag","embeddable":true,"href":"https:\/\/ermdigital.com\/index.php\/wp-json\/wp\/v2\/tags?post=11130"}],"curies":[{"name":"wp","href":"https:\/\/api.w.org\/{rel}","templated":true}]}}