{"id":11126,"date":"2026-04-02T12:41:34","date_gmt":"2026-04-02T16:41:34","guid":{"rendered":"https:\/\/ermdigital.com\/index.php\/2026\/04\/02\/abogados-de-joven-agredida-mp-solicitara-prision-preventiva-contra-coronel-made\/"},"modified":"2026-04-02T12:41:34","modified_gmt":"2026-04-02T16:41:34","slug":"abogados-de-joven-agredida-mp-solicitara-prision-preventiva-contra-coronel-made","status":"publish","type":"post","link":"https:\/\/ermdigital.com\/index.php\/2026\/04\/02\/abogados-de-joven-agredida-mp-solicitara-prision-preventiva-contra-coronel-made\/","title":{"rendered":"Abogados de joven agredida: MP solicitar\u00e1 prisi\u00f3n preventiva contra coronel Mad\u00e9"},"content":{"rendered":"<p><strong>Santo Domingo Este.\u2013<\/strong> Los abogados<em> <strong>Jos\u00e9 Antonio Mej\u00eda<\/strong><\/em><strong> <\/strong>y <strong><em>Josu\u00e9 Antonio Garc\u00eda,<\/em><\/strong> representantes de la joven <strong>Charlizze Altagracia, <\/strong>ofrecieron declaraciones al salir de la <strong><em>Fiscal\u00eda de Violencia de G\u00e9nero de Santo Domingo Este, <\/em><\/strong>donde se han llevado a cabo las diligencias preliminares en el caso contra el coronel <strong><em>Fausto Mad\u00e9 Ram\u00edrez.<\/em><\/strong><\/p>\n<p>Seg\u00fan los juristas, durante la jornada se agotaron las pausas procesales y en las pr\u00f3ximas horas el <a href=\"https:\/\/pgr.gob.do\/\" target=\"_blank\" rel=\"noopener\">Ministerio P\u00fablico<\/a> estar\u00e1 solicitando formalmente la medida de coerci\u00f3n contra el oficial implicado en el presunto caso de agresi\u00f3n.<\/p>\n<h3 class=\"wp-block-heading\"><strong>Leer m\u00e1s: <a href=\"https:\/\/deultimominuto.net\/nacionales\/apresan-a-coronel-que-agredio-a-joven-y-le-conoceran-medida-de-coercion-este-jueves\/\" data-type=\"post\" data-id=\"634686\">Apresan a coronel que agredi\u00f3 a joven y le conocer\u00e1n medida de coerci\u00f3n este jueves<\/a><\/strong><\/h3>\n<p>Mej\u00eda y Garc\u00eda tambi\u00e9n informaron que otros querellantes han presentado denuncias contra el coronel, y que sus oficinas asumir\u00e1n la representaci\u00f3n de estos denunciantes para presentar las querellas correspondientes.<\/p>\n<p><strong><em>\u201cEn la pr\u00f3xima hora estaremos tomando poder de representaci\u00f3n y posteriormente haremos nuestra querella en constituci\u00f3n en el actor civil de los dem\u00e1s denunciantes\u201d, <\/em><\/strong>indicaron.<\/p>\n<p>Sobre la defensa del coronel, los abogados aclararon que el equipo del imputado asegura tener un certificado m\u00e9dico y que presuntamente la joven lo habr\u00eda agredido verbal y f\u00edsicamente, lo que habr\u00eda motivado su reacci\u00f3n.<\/p>\n<p>Sin embargo, los representantes de la v\u00edctima enfatizaron que no emitir\u00e1n opiniones sobre las pruebas presentadas, ya que es el Ministerio P\u00fablico quien custodia todos los elementos de evidencia relacionados con el proceso penal.<\/p>\n<p>Los juristas precisaron que la medida de coerci\u00f3n podr\u00eda conocerse ma\u00f1ana a las 9:00 a.m. en la Ciudad Judicial, momento en que se definir\u00e1 si el coronel ser\u00e1 sometido a prisi\u00f3n preventiva u otra medida cautelar.<\/p>\n<p>Finalmente, los abogados hicieron un llamado a la ciudadan\u00eda a respetar la privacidad de la joven y evitar especulaciones mientras se desarrolla el proceso judicial.<\/p>\n<p>\u200bSanto Domingo Este.\u2013 Los abogados Jos\u00e9 Antonio Mej\u00eda y Josu\u00e9 Antonio Garc\u00eda, representantes de la joven Charlizze Altagracia, ofrecieron declaraciones al salir de la Fiscal\u00eda de Violencia de G\u00e9nero de Santo Domingo Este, donde se han llevado a cabo las diligencias preliminares en el caso contra el coronel Fausto Mad\u00e9 Ram\u00edrez. Seg\u00fan los juristas, durante\u00a0\u00a0Nacionales, Abogados, agresi\u00f3n, Coronel, Deultimominuto, ElPeri\u00f3dicodelaVerdad, Los Mina, Rep\u00fablica Dominicana\u00a0\u00a0<\/p>\n","protected":false},"excerpt":{"rendered":"<p>Santo Domingo Este.\u2013 Los abogados Jos\u00e9 Antonio Mej\u00eda y Josu\u00e9 Antonio Garc\u00eda, representantes de la joven Charlizze Altagracia, ofrecieron declaraciones al salir de la Fiscal\u00eda de Violencia de G\u00e9nero de Santo Domingo Este, donde se han llevado a cabo las diligencias preliminares en el caso contra el coronel Fausto Mad\u00e9 Ram\u00edrez. Seg\u00fan los juristas, durante [&hellip;]<\/p>\n","protected":false},"author":1,"featured_media":11127,"comment_status":"open","ping_status":"open","sticky":false,"template":"","format":"standard","meta":{"amp_status":"","footnotes":""},"categories":[3],"tags":[],"class_list":["post-11126","post","type-post","status-publish","format-standard","has-post-thumbnail","hentry","category-de-ultimo-minuto"],"_links":{"self":[{"href":"https:\/\/ermdigital.com\/index.php\/wp-json\/wp\/v2\/posts\/11126","targetHints":{"allow":["GET"]}}],"collection":[{"href":"https:\/\/ermdigital.com\/index.php\/wp-json\/wp\/v2\/posts"}],"about":[{"href":"https:\/\/ermdigital.com\/index.php\/wp-json\/wp\/v2\/types\/post"}],"author":[{"embeddable":true,"href":"https:\/\/ermdigital.com\/index.php\/wp-json\/wp\/v2\/users\/1"}],"replies":[{"embeddable":true,"href":"https:\/\/ermdigital.com\/index.php\/wp-json\/wp\/v2\/comments?post=11126"}],"version-history":[{"count":0,"href":"https:\/\/ermdigital.com\/index.php\/wp-json\/wp\/v2\/posts\/11126\/revisions"}],"wp:featuredmedia":[{"embeddable":true,"href":"https:\/\/ermdigital.com\/index.php\/wp-json\/wp\/v2\/media\/11127"}],"wp:attachment":[{"href":"https:\/\/ermdigital.com\/index.php\/wp-json\/wp\/v2\/media?parent=11126"}],"wp:term":[{"taxonomy":"category","embeddable":true,"href":"https:\/\/ermdigital.com\/index.php\/wp-json\/wp\/v2\/categories?post=11126"},{"taxonomy":"post_tag","embeddable":true,"href":"https:\/\/ermdigital.com\/index.php\/wp-json\/wp\/v2\/tags?post=11126"}],"curies":[{"name":"wp","href":"https:\/\/api.w.org\/{rel}","templated":true}]}}