{"id":11124,"date":"2026-04-02T13:18:35","date_gmt":"2026-04-02T17:18:35","guid":{"rendered":"https:\/\/ermdigital.com\/index.php\/2026\/04\/02\/abogado-del-coronel-made-asegura-que-su-cliente-fue-agredido-y-anuncia-presentacion-de-certificados-medicos\/"},"modified":"2026-04-02T13:18:35","modified_gmt":"2026-04-02T17:18:35","slug":"abogado-del-coronel-made-asegura-que-su-cliente-fue-agredido-y-anuncia-presentacion-de-certificados-medicos","status":"publish","type":"post","link":"https:\/\/ermdigital.com\/index.php\/2026\/04\/02\/abogado-del-coronel-made-asegura-que-su-cliente-fue-agredido-y-anuncia-presentacion-de-certificados-medicos\/","title":{"rendered":"Abogado del coronel Made asegura que su cliente fue agredido y anuncia presentaci\u00f3n de certificados m\u00e9dicos"},"content":{"rendered":"<p>Santo Domingo Este.\u2013 El abogado Ambiorix Arnaud, representante legal del coronel Fausto Mad\u00e9 Ram\u00edrez, ofreci\u00f3 declaraciones a los medios tras salir de la Fiscal\u00eda de Violencia de G\u00e9nero de Santo Domingo Este, donde se desarrolla el proceso contra su cliente por presunta agresi\u00f3n a una joven.<\/p>\n<p>Arnaud asegur\u00f3 que Mad\u00e9 fue agredido tanto verbal como f\u00edsicamente por la joven y que esto ser\u00e1 respaldado con certificados m\u00e9dicos que se est\u00e1n homologando con el m\u00e9dico legista.<\/p>\n<blockquote class=\"wp-block-quote is-layout-flow wp-block-quote-is-layout-flow\">\n<p>\u201c\u00c9l fue agredido con palabras obscenas por parte de la joven, y luego f\u00edsicamente. El certificado m\u00e9dico lo va a demostrar\u201d, afirm\u00f3 el abogado.<\/p>\n<\/blockquote>\n<p>El jurista aclar\u00f3 que la medida de coerci\u00f3n se presentar\u00e1 ma\u00f1ana, aunque esto no garantiza que ser\u00e1 conocida ese mismo d\u00eda, debido a que a\u00fan se encuentra en la fase de preparaci\u00f3n de los argumentos a favor del coronel.<\/p>\n<blockquote class=\"wp-block-quote is-layout-flow wp-block-quote-is-layout-flow\">\n<p>\u201cEstamos en la fase de preparaci\u00f3n de presupuestos a favor del coronel Mad\u00e9. La magistrada va a presentar la medida ma\u00f1ana, eso no significa que se conozca ma\u00f1ana\u201d, explic\u00f3.<\/p>\n<\/blockquote>\n<p>Arnaud rechaz\u00f3 versiones sobre que su cliente se habr\u00eda atrincherado o actuado de manera intempestiva.<\/p>\n<p>\u201cEso es falso. Los videos solo muestran la parte donde \u00e9l sale; el inicio donde la joven lo agrede verbalmente y luego f\u00edsicamente no se ve. Eso ser\u00e1 documentado con el certificado m\u00e9dico y los testimonios correspondientes\u201d, puntualiz\u00f3.<\/p>\n<p>Sobre la actuaci\u00f3n de la Polic\u00eda y la atenci\u00f3n medi\u00e1tica del caso, el abogado expres\u00f3 que las redes sociales aceleraron la percepci\u00f3n del hecho, pero que no hubo irregularidades en el procedimiento policial. Asimismo, neg\u00f3 conocer otras denuncias en contra de Mad\u00e9 y destac\u00f3 la trayectoria correcta y pulcra de su cliente.<\/p>\n<p>\u200bSanto Domingo Este.\u2013 El abogado Ambiorix Arnaud, representante legal del coronel Fausto Mad\u00e9 Ram\u00edrez, ofreci\u00f3 declaraciones a los medios tras salir de la Fiscal\u00eda de Violencia de G\u00e9nero de Santo Domingo Este, donde se desarrolla el proceso contra su cliente por presunta agresi\u00f3n a una joven. Arnaud asegur\u00f3 que Mad\u00e9 fue agredido tanto verbal como\u00a0\u00a0Nacionales, Abogado, Coronel made, Deultimominuto, ElPeri\u00f3dicodelaVerdad, Rep\u00fablica Dominicana\u00a0\u00a0<\/p>\n","protected":false},"excerpt":{"rendered":"<p>Santo Domingo Este.\u2013 El abogado Ambiorix Arnaud, representante legal del coronel Fausto Mad\u00e9 Ram\u00edrez, ofreci\u00f3 declaraciones a los medios tras salir de la Fiscal\u00eda de Violencia de G\u00e9nero de Santo Domingo Este, donde se desarrolla el proceso contra su cliente por presunta agresi\u00f3n a una joven. Arnaud asegur\u00f3 que Mad\u00e9 fue agredido tanto verbal como [&hellip;]<\/p>\n","protected":false},"author":1,"featured_media":11125,"comment_status":"open","ping_status":"open","sticky":false,"template":"","format":"standard","meta":{"amp_status":"","footnotes":""},"categories":[3],"tags":[],"class_list":["post-11124","post","type-post","status-publish","format-standard","has-post-thumbnail","hentry","category-de-ultimo-minuto"],"_links":{"self":[{"href":"https:\/\/ermdigital.com\/index.php\/wp-json\/wp\/v2\/posts\/11124","targetHints":{"allow":["GET"]}}],"collection":[{"href":"https:\/\/ermdigital.com\/index.php\/wp-json\/wp\/v2\/posts"}],"about":[{"href":"https:\/\/ermdigital.com\/index.php\/wp-json\/wp\/v2\/types\/post"}],"author":[{"embeddable":true,"href":"https:\/\/ermdigital.com\/index.php\/wp-json\/wp\/v2\/users\/1"}],"replies":[{"embeddable":true,"href":"https:\/\/ermdigital.com\/index.php\/wp-json\/wp\/v2\/comments?post=11124"}],"version-history":[{"count":0,"href":"https:\/\/ermdigital.com\/index.php\/wp-json\/wp\/v2\/posts\/11124\/revisions"}],"wp:featuredmedia":[{"embeddable":true,"href":"https:\/\/ermdigital.com\/index.php\/wp-json\/wp\/v2\/media\/11125"}],"wp:attachment":[{"href":"https:\/\/ermdigital.com\/index.php\/wp-json\/wp\/v2\/media?parent=11124"}],"wp:term":[{"taxonomy":"category","embeddable":true,"href":"https:\/\/ermdigital.com\/index.php\/wp-json\/wp\/v2\/categories?post=11124"},{"taxonomy":"post_tag","embeddable":true,"href":"https:\/\/ermdigital.com\/index.php\/wp-json\/wp\/v2\/tags?post=11124"}],"curies":[{"name":"wp","href":"https:\/\/api.w.org\/{rel}","templated":true}]}}