{"id":11107,"date":"2026-04-02T11:32:42","date_gmt":"2026-04-02T15:32:42","guid":{"rendered":"https:\/\/ermdigital.com\/index.php\/2026\/04\/02\/renuncia-el-presidente-del-futbol-italiano-tras-fracaso-rumbo-al-mundial\/"},"modified":"2026-04-02T11:32:42","modified_gmt":"2026-04-02T15:32:42","slug":"renuncia-el-presidente-del-futbol-italiano-tras-fracaso-rumbo-al-mundial","status":"publish","type":"post","link":"https:\/\/ermdigital.com\/index.php\/2026\/04\/02\/renuncia-el-presidente-del-futbol-italiano-tras-fracaso-rumbo-al-mundial\/","title":{"rendered":"Renuncia el presidente del f\u00fatbol italiano tras fracaso rumbo al Mundial"},"content":{"rendered":"<\/p>\n<p><strong>ROMA, Italia.<\/strong> \u2014 El presidente de la Federaci\u00f3n Italiana de F\u00fatbol, Gabriele Gravina, present\u00f3 su dimisi\u00f3n este jueves luego del fracaso de la selecci\u00f3n italiana en su intento por clasificar al Mundial, lo que habr\u00eda sido la tercera ausencia consecutiva del combinado nacional en la cita mundialista.<\/p>\n<p><strong>Te puede interesar:<\/strong> <a href=\"https:\/\/deultimominuto.net\/deportes\/futbol\/prestianni-niega-insulto-racista-a-vinicius-y-asegura-que-fue-sancionado-sin-pruebas\/\">Prestianni niega insulto racista a Vin\u00edcius y asegura que fue sancionado sin pruebas<\/a><\/p>\n<p>La renuncia se produjo tras una reuni\u00f3n celebrada en la sede de la federaci\u00f3n en Roma, d\u00edas despu\u00e9s de la derrota de Italia en la final del repechaje mundialista ante Bosnia y Herzegovina, resultado que provoc\u00f3 fuertes cr\u00edticas y pedidos de renuncia contra la dirigencia del f\u00fatbol italiano.<\/p>\n<p>La Federaci\u00f3n Italiana inform\u00f3 que el pr\u00f3ximo 22 de junio se celebrar\u00e1n elecciones para escoger al nuevo presidente del organismo, en medio de un proceso de reestructuraci\u00f3n tras el fracaso deportivo.<\/p>\n<p>Tras la salida de Gravina, tambi\u00e9n present\u00f3 su dimisi\u00f3n el hist\u00f3rico exguardameta italiano Gianluigi Buffon, quien se desempe\u00f1aba como jefe de delegaci\u00f3n de la selecci\u00f3n nacional. Buffon calific\u00f3 su renuncia como un \u201cacto de responsabilidad\u201d, luego de no cumplirse el objetivo principal de clasificar a Italia al Mundial.<\/p>\n<p>El exjugador se\u00f1al\u00f3 que, aunque se trabaj\u00f3 en la construcci\u00f3n de un buen ambiente dentro del grupo junto al cuerpo t\u00e9cnico encabezado por Gennaro Gattuso, el objetivo deportivo no se logr\u00f3, por lo que consider\u00f3 correcto dar un paso al costado y permitir que las nuevas autoridades elijan a su sustituto.<\/p>\n<p>La dimisi\u00f3n de ambas figuras marca el inicio de una nueva etapa en el f\u00fatbol italiano, tras uno de los momentos m\u00e1s dif\u00edciles en la historia reciente de la selecci\u00f3n nacional.<\/p>\n<p>\u200bROMA, Italia. \u2014 El presidente de la Federaci\u00f3n Italiana de F\u00fatbol, Gabriele Gravina, present\u00f3 su dimisi\u00f3n este jueves luego del fracaso de la selecci\u00f3n italiana en su intento por clasificar al Mundial, lo que habr\u00eda sido la tercera ausencia consecutiva del combinado nacional en la cita mundialista. Te puede interesar: Prestianni niega insulto racista a\u00a0\u00a0F\u00fatbol, Deultimominuto, ElPeri\u00f3dicodelaVerdad\u00a0\u00a0<\/p>\n","protected":false},"excerpt":{"rendered":"<p>ROMA, Italia. \u2014 El presidente de la Federaci\u00f3n Italiana de F\u00fatbol, Gabriele Gravina, present\u00f3 su dimisi\u00f3n este jueves luego del fracaso de la selecci\u00f3n italiana en su intento por clasificar al Mundial, lo que habr\u00eda sido la tercera ausencia consecutiva del combinado nacional en la cita mundialista. Te puede interesar: Prestianni niega insulto racista a [&hellip;]<\/p>\n","protected":false},"author":1,"featured_media":11108,"comment_status":"open","ping_status":"open","sticky":false,"template":"","format":"standard","meta":{"amp_status":"","footnotes":""},"categories":[3],"tags":[],"class_list":["post-11107","post","type-post","status-publish","format-standard","has-post-thumbnail","hentry","category-de-ultimo-minuto"],"_links":{"self":[{"href":"https:\/\/ermdigital.com\/index.php\/wp-json\/wp\/v2\/posts\/11107","targetHints":{"allow":["GET"]}}],"collection":[{"href":"https:\/\/ermdigital.com\/index.php\/wp-json\/wp\/v2\/posts"}],"about":[{"href":"https:\/\/ermdigital.com\/index.php\/wp-json\/wp\/v2\/types\/post"}],"author":[{"embeddable":true,"href":"https:\/\/ermdigital.com\/index.php\/wp-json\/wp\/v2\/users\/1"}],"replies":[{"embeddable":true,"href":"https:\/\/ermdigital.com\/index.php\/wp-json\/wp\/v2\/comments?post=11107"}],"version-history":[{"count":0,"href":"https:\/\/ermdigital.com\/index.php\/wp-json\/wp\/v2\/posts\/11107\/revisions"}],"wp:featuredmedia":[{"embeddable":true,"href":"https:\/\/ermdigital.com\/index.php\/wp-json\/wp\/v2\/media\/11108"}],"wp:attachment":[{"href":"https:\/\/ermdigital.com\/index.php\/wp-json\/wp\/v2\/media?parent=11107"}],"wp:term":[{"taxonomy":"category","embeddable":true,"href":"https:\/\/ermdigital.com\/index.php\/wp-json\/wp\/v2\/categories?post=11107"},{"taxonomy":"post_tag","embeddable":true,"href":"https:\/\/ermdigital.com\/index.php\/wp-json\/wp\/v2\/tags?post=11107"}],"curies":[{"name":"wp","href":"https:\/\/api.w.org\/{rel}","templated":true}]}}