{"id":11105,"date":"2026-04-02T11:35:10","date_gmt":"2026-04-02T15:35:10","guid":{"rendered":"https:\/\/ermdigital.com\/index.php\/2026\/04\/02\/policia-localiza-sana-y-salva-adolescente-reportada-como-desaparecida-en-santiago\/"},"modified":"2026-04-02T11:35:10","modified_gmt":"2026-04-02T15:35:10","slug":"policia-localiza-sana-y-salva-adolescente-reportada-como-desaparecida-en-santiago","status":"publish","type":"post","link":"https:\/\/ermdigital.com\/index.php\/2026\/04\/02\/policia-localiza-sana-y-salva-adolescente-reportada-como-desaparecida-en-santiago\/","title":{"rendered":"Polic\u00eda localiza sana y salva adolescente reportada como desaparecida en Santiago"},"content":{"rendered":"<p><strong>Santiago, R.D. \u2013<\/strong> La Polic\u00eda <a href=\"https:\/\/www.policianacional.gob.do\/\" target=\"_blank\" rel=\"noopener\">Nacional <\/a>inform\u00f3 la localizaci\u00f3n sana y salva de una adolescente de 13 a\u00f1os que hab\u00eda sido reportada como desaparecida por sus familiares en el sector Matanza, en esta provincia.<\/p>\n<p>La instituci\u00f3n indic\u00f3 que la menor fue ubicada la madrugada de este jueves, tras un operativo de b\u00fasqueda activado de inmediato que incluy\u00f3 labores de inteligencia, rastreo y verificaci\u00f3n de informaciones, luego de que el caso generara preocupaci\u00f3n en la comunidad y circulara en redes sociales.<\/p>\n<h3 class=\"wp-block-heading\"><strong>Leer m\u00e1s: <a href=\"https:\/\/deultimominuto.net\/nacionales\/localizan-sana-y-salva-adolescente-de-14-anos-reportada-desaparecida-en-santiago\/\" data-type=\"post\" data-id=\"600605\">Localizan sana y salva adolescente de 14 a\u00f1os reportada desaparecida en Santiago<\/a><\/strong><\/h3>\n<p>De acuerdo con el informe preliminar, la adolescente fue entregada por la madre de un joven con quien presuntamente se encontraba.<\/p>\n<p>Las autoridades precisaron que las investigaciones contin\u00faan en coordinaci\u00f3n con el Ministerio P\u00fablico, a trav\u00e9s de la jurisdicci\u00f3n especializada de Ni\u00f1os, Ni\u00f1as y Adolescentes, con el objetivo de esclarecer las circunstancias de su ausencia.<\/p>\n<p>Seg\u00fan datos iniciales, la menor hab\u00eda salido la tarde del martes, alrededor de las 3:00 p.m., desde el sector Matanza con destino hacia La Canela, donde presuntamente visitar\u00eda a su padre.<\/p>\n<p>La Polic\u00eda Nacional reiter\u00f3 su compromiso de actuar con rapidez ante este tipo de situaciones y exhort\u00f3 a la ciudadan\u00eda a canalizar cualquier informaci\u00f3n relevante a trav\u00e9s de los canales oficiales. Asimismo, indic\u00f3 que ofrecer\u00e1 mayores detalles conforme avance el proceso investigativo.<\/p>\n<p>\u200bSantiago, R.D. \u2013 La Polic\u00eda Nacional inform\u00f3 la localizaci\u00f3n sana y salva de una adolescente de 13 a\u00f1os que hab\u00eda sido reportada como desaparecida por sus familiares en el sector Matanza, en esta provincia. La instituci\u00f3n indic\u00f3 que la menor fue ubicada la madrugada de este jueves, tras un operativo de b\u00fasqueda activado de inmediato\u00a0\u00a0Nacionales, Desaparecida, Deultimominuto, ElPeri\u00f3dicodelaVerdad, Localizada, Menor, Rep\u00fablica Dominicana, Santiago\u00a0\u00a0<\/p>\n","protected":false},"excerpt":{"rendered":"<p>Santiago, R.D. \u2013 La Polic\u00eda Nacional inform\u00f3 la localizaci\u00f3n sana y salva de una adolescente de 13 a\u00f1os que hab\u00eda sido reportada como desaparecida por sus familiares en el sector Matanza, en esta provincia. La instituci\u00f3n indic\u00f3 que la menor fue ubicada la madrugada de este jueves, tras un operativo de b\u00fasqueda activado de inmediato [&hellip;]<\/p>\n","protected":false},"author":1,"featured_media":11106,"comment_status":"open","ping_status":"open","sticky":false,"template":"","format":"standard","meta":{"amp_status":"","footnotes":""},"categories":[3],"tags":[],"class_list":["post-11105","post","type-post","status-publish","format-standard","has-post-thumbnail","hentry","category-de-ultimo-minuto"],"_links":{"self":[{"href":"https:\/\/ermdigital.com\/index.php\/wp-json\/wp\/v2\/posts\/11105","targetHints":{"allow":["GET"]}}],"collection":[{"href":"https:\/\/ermdigital.com\/index.php\/wp-json\/wp\/v2\/posts"}],"about":[{"href":"https:\/\/ermdigital.com\/index.php\/wp-json\/wp\/v2\/types\/post"}],"author":[{"embeddable":true,"href":"https:\/\/ermdigital.com\/index.php\/wp-json\/wp\/v2\/users\/1"}],"replies":[{"embeddable":true,"href":"https:\/\/ermdigital.com\/index.php\/wp-json\/wp\/v2\/comments?post=11105"}],"version-history":[{"count":0,"href":"https:\/\/ermdigital.com\/index.php\/wp-json\/wp\/v2\/posts\/11105\/revisions"}],"wp:featuredmedia":[{"embeddable":true,"href":"https:\/\/ermdigital.com\/index.php\/wp-json\/wp\/v2\/media\/11106"}],"wp:attachment":[{"href":"https:\/\/ermdigital.com\/index.php\/wp-json\/wp\/v2\/media?parent=11105"}],"wp:term":[{"taxonomy":"category","embeddable":true,"href":"https:\/\/ermdigital.com\/index.php\/wp-json\/wp\/v2\/categories?post=11105"},{"taxonomy":"post_tag","embeddable":true,"href":"https:\/\/ermdigital.com\/index.php\/wp-json\/wp\/v2\/tags?post=11105"}],"curies":[{"name":"wp","href":"https:\/\/api.w.org\/{rel}","templated":true}]}}