{"id":11103,"date":"2026-04-02T11:39:44","date_gmt":"2026-04-02T15:39:44","guid":{"rendered":"https:\/\/ermdigital.com\/index.php\/2026\/04\/02\/grave-accidente-deja-hospitalizado-al-ciclista-jaume-guardeno\/"},"modified":"2026-04-02T11:39:44","modified_gmt":"2026-04-02T15:39:44","slug":"grave-accidente-deja-hospitalizado-al-ciclista-jaume-guardeno","status":"publish","type":"post","link":"https:\/\/ermdigital.com\/index.php\/2026\/04\/02\/grave-accidente-deja-hospitalizado-al-ciclista-jaume-guardeno\/","title":{"rendered":"Grave accidente deja hospitalizado al ciclista Jaume Guarde\u00f1o"},"content":{"rendered":"<\/p>\n<p><strong>ALTEA, Espa\u00f1a.<\/strong> \u2014 El joven ciclista espa\u00f1ol Jaume Guarde\u00f1o permanece ingresado en estado delicado tras sufrir un accidente durante una sesi\u00f3n de entrenamiento, en el que colision\u00f3 con un veh\u00edculo, seg\u00fan confirm\u00f3 su equipo, el Caja Rural-Seguros RGA.<\/p>\n<p><strong>Te puede interesar:<\/strong><a href=\"https:\/\/deultimominuto.net\/deportes\/futbol\/renuncia-el-presidente-del-futbol-italiano-tras-fracaso-rumbo-al-mundial\/\">Renuncia el presidente del f\u00fatbol italiano tras fracaso rumbo al Mundial<\/a><\/p>\n<p>El incidente ocurri\u00f3 el pasado martes, cuando el corredor perdi\u00f3 el control de su bicicleta tras tropezar con una piedra, lo que provoc\u00f3 el impacto con un autom\u00f3vil que circulaba en sentido contrario. A ra\u00edz del fuerte golpe, especialmente en la cabeza, Guarde\u00f1o sufri\u00f3 un traumatismo craneoencef\u00e1lico.<\/p>\n<p>El ciclista, de 23 a\u00f1os, fue evacuado en helic\u00f3ptero hasta el Hospital Taul\u00ed de Sabadell, en Barcelona, donde permanece en la Unidad de Cuidados Intensivos bajo observaci\u00f3n m\u00e9dica y pendiente de evoluci\u00f3n.<\/p>\n<p>A trav\u00e9s de un comunicado, el equipo Caja Rural-Seguros RGA expres\u00f3 su respaldo al atleta y le envi\u00f3 mensajes de \u00e1nimo, confiando en su pronta recuperaci\u00f3n.<\/p>\n<p>Considerado una de las principales promesas del ciclismo espa\u00f1ol, Guarde\u00f1o ven\u00eda de firmar destacadas actuaciones en competencias como la Volta a Catalunya y la Vuelta a Espa\u00f1a, donde finaliz\u00f3 en la posici\u00f3n 14 de la clasificaci\u00f3n general y fue el segundo mejor espa\u00f1ol. Para la presente temporada, estaba proyectado como una de las piezas clave del equipo en su hist\u00f3rica participaci\u00f3n en el Tour de Francia.<\/p>\n<p>\u200bALTEA, Espa\u00f1a. \u2014 El joven ciclista espa\u00f1ol Jaume Guarde\u00f1o permanece ingresado en estado delicado tras sufrir un accidente durante una sesi\u00f3n de entrenamiento, en el que colision\u00f3 con un veh\u00edculo, seg\u00fan confirm\u00f3 su equipo, el Caja Rural-Seguros RGA. Te puede interesar:Renuncia el presidente del f\u00fatbol italiano tras fracaso rumbo al Mundial El incidente ocurri\u00f3 el\u00a0\u00a0Deportes, Deultimominuto, ElPeri\u00f3dicodelaVerdad, Rep\u00fablica Dominicana\u00a0\u00a0<\/p>\n","protected":false},"excerpt":{"rendered":"<p>ALTEA, Espa\u00f1a. \u2014 El joven ciclista espa\u00f1ol Jaume Guarde\u00f1o permanece ingresado en estado delicado tras sufrir un accidente durante una sesi\u00f3n de entrenamiento, en el que colision\u00f3 con un veh\u00edculo, seg\u00fan confirm\u00f3 su equipo, el Caja Rural-Seguros RGA. Te puede interesar:Renuncia el presidente del f\u00fatbol italiano tras fracaso rumbo al Mundial El incidente ocurri\u00f3 el [&hellip;]<\/p>\n","protected":false},"author":1,"featured_media":11104,"comment_status":"open","ping_status":"open","sticky":false,"template":"","format":"standard","meta":{"amp_status":"","footnotes":""},"categories":[3],"tags":[],"class_list":["post-11103","post","type-post","status-publish","format-standard","has-post-thumbnail","hentry","category-de-ultimo-minuto"],"_links":{"self":[{"href":"https:\/\/ermdigital.com\/index.php\/wp-json\/wp\/v2\/posts\/11103","targetHints":{"allow":["GET"]}}],"collection":[{"href":"https:\/\/ermdigital.com\/index.php\/wp-json\/wp\/v2\/posts"}],"about":[{"href":"https:\/\/ermdigital.com\/index.php\/wp-json\/wp\/v2\/types\/post"}],"author":[{"embeddable":true,"href":"https:\/\/ermdigital.com\/index.php\/wp-json\/wp\/v2\/users\/1"}],"replies":[{"embeddable":true,"href":"https:\/\/ermdigital.com\/index.php\/wp-json\/wp\/v2\/comments?post=11103"}],"version-history":[{"count":0,"href":"https:\/\/ermdigital.com\/index.php\/wp-json\/wp\/v2\/posts\/11103\/revisions"}],"wp:featuredmedia":[{"embeddable":true,"href":"https:\/\/ermdigital.com\/index.php\/wp-json\/wp\/v2\/media\/11104"}],"wp:attachment":[{"href":"https:\/\/ermdigital.com\/index.php\/wp-json\/wp\/v2\/media?parent=11103"}],"wp:term":[{"taxonomy":"category","embeddable":true,"href":"https:\/\/ermdigital.com\/index.php\/wp-json\/wp\/v2\/categories?post=11103"},{"taxonomy":"post_tag","embeddable":true,"href":"https:\/\/ermdigital.com\/index.php\/wp-json\/wp\/v2\/tags?post=11103"}],"curies":[{"name":"wp","href":"https:\/\/api.w.org\/{rel}","templated":true}]}}