{"id":11093,"date":"2026-04-02T12:17:07","date_gmt":"2026-04-02T16:17:07","guid":{"rendered":"https:\/\/ermdigital.com\/index.php\/2026\/04\/02\/celebran-misa-crismal-en-la-catedral-primada-de-america-presidida-por-arzobispo-carlos-tomas-morel-duran\/"},"modified":"2026-04-02T12:17:07","modified_gmt":"2026-04-02T16:17:07","slug":"celebran-misa-crismal-en-la-catedral-primada-de-america-presidida-por-arzobispo-carlos-tomas-morel-duran","status":"publish","type":"post","link":"https:\/\/ermdigital.com\/index.php\/2026\/04\/02\/celebran-misa-crismal-en-la-catedral-primada-de-america-presidida-por-arzobispo-carlos-tomas-morel-duran\/","title":{"rendered":"Celebran Misa Crismal en la Catedral Primada de Am\u00e9rica presidida por arzobispo Carlos Tom\u00e1s Morel Dur\u00e1n"},"content":{"rendered":"<p><strong>Santo Domingo.\u2013<\/strong> La <strong>Catedral Primada de Am\u00e9rica <\/strong>fue escenario este jueves de la <strong>tradicional Misa Crismal<\/strong>, ceremonia central de la Semana Santa en la que los sacerdotes renuevan sus compromisos y se consagran los santos \u00f3leos que ser\u00e1n utilizados durante el a\u00f1o en los sacramentos.<\/p>\n<p>La celebraci\u00f3n estuvo presidida por <strong>Carlos Tom\u00e1s Morel Dur\u00e1n<\/strong>, <strong>arzobispo coadjutor de la Arquidi\u00f3cesis de Santo Domingo<\/strong>, quien destac\u00f3 la importancia de la liturgia para fortalecer la fe de los fieles y la misi\u00f3n pastoral de los sacerdotes en sus comunidades.<\/p>\n<figure class=\"wp-block-gallery has-nested-images columns-default is-cropped wp-block-gallery-1 is-layout-flex wp-block-gallery-is-layout-flex\">\n<figure class=\"wp-block-image size-large\"><img loading=\"lazy\" decoding=\"async\" width=\"1024\" height=\"683\" data-id=\"634826\" src=\"https:\/\/cdn.deultimominuto.net\/wp-content\/uploads\/2026\/04\/WhatsApp-Image-2026-04-02-at-11.50.19-AM-1024x683.jpeg\" alt=\"Celebran Misa Crismal en la Catedral Primada de Am\u00e9rica presidida por arzobispo Carlos Tom\u00e1s Morel Dur\u00e1n - Noticias de hoy en Rep\u00fablica Dominicana | De \u00daltimo Minuto\" class=\"wp-image-634826\" title=\"Celebran Misa Crismal en la Catedral Primada de Am\u00e9rica presidida por arzobispo Carlos Tom\u00e1s Morel Dur\u00e1n | 1 |\"><\/figure>\n<figure class=\"wp-block-image size-large\"><img loading=\"lazy\" decoding=\"async\" width=\"1024\" height=\"683\" data-id=\"634827\" src=\"https:\/\/cdn.deultimominuto.net\/wp-content\/uploads\/2026\/04\/WhatsApp-Image-2026-04-02-at-11.50.18-AM-1-1024x683.jpeg\" alt=\"Celebran Misa Crismal en la Catedral Primada de Am\u00e9rica presidida por arzobispo Carlos Tom\u00e1s Morel Dur\u00e1n - Noticias de hoy en Rep\u00fablica Dominicana | De \u00daltimo Minuto\" class=\"wp-image-634827\" title=\"Celebran Misa Crismal en la Catedral Primada de Am\u00e9rica presidida por arzobispo Carlos Tom\u00e1s Morel Dur\u00e1n | 2 |\"><\/figure>\n<\/figure>\n<h2 class=\"wp-block-heading\">Durante la homil\u00eda, Morel Dur\u00e1n hizo un <strong>llamado a la unidad, al servicio a los dem\u00e1s y a la renovaci\u00f3n espiritual<\/strong>, enfatizando el papel de la iglesia en tiempos de desaf\u00edos sociales y familiares.<\/h2>\n<p><strong>Te puede interesar: <\/strong><a href=\"https:\/\/deultimominuto.net\/nacionales\/domingo-de-ramos-reune-a-catolicos-con-procesiones\/\" data-type=\"link\" data-id=\"https:\/\/deultimominuto.net\/nacionales\/domingo-de-ramos-reune-a-catolicos-con-procesiones\/\">Domingo de Ramos re\u00fane a cat\u00f3licos con procesiones y llamado a \u201cpausa\u201d en inicio de la Semana Santa<\/a><\/p>\n<p>La ceremonia cont\u00f3 con la presencia de numerosos<strong> sacerdotes, di\u00e1conos y feligreses<\/strong>, quienes participaron activamente en la bendici\u00f3n de los \u00f3leos y en la renovaci\u00f3n de los compromisos sacerdotales.<\/p>\n<p>La Misa Crismal marca el inicio de las celebraciones de la <strong>Semana Santa<\/strong>, recordando la entrega de Jes\u00fas y fortaleciendo la vocaci\u00f3n y el compromiso pastoral de quienes sirven en la Iglesia.<\/p>\n<p>\u200bSanto Domingo.\u2013 La Catedral Primada de Am\u00e9rica fue escenario este jueves de la tradicional Misa Crismal, ceremonia central de la Semana Santa en la que los sacerdotes renuevan sus compromisos y se consagran los santos \u00f3leos que ser\u00e1n utilizados durante el a\u00f1o en los sacramentos. La celebraci\u00f3n estuvo presidida por Carlos Tom\u00e1s Morel Dur\u00e1n, arzobispo\u00a0\u00a0Nacionales\u00a0\u00a0<\/p>\n","protected":false},"excerpt":{"rendered":"<p>Santo Domingo.\u2013 La Catedral Primada de Am\u00e9rica fue escenario este jueves de la tradicional Misa Crismal, ceremonia central de la Semana Santa en la que los sacerdotes renuevan sus compromisos y se consagran los santos \u00f3leos que ser\u00e1n utilizados durante el a\u00f1o en los sacramentos. La celebraci\u00f3n estuvo presidida por Carlos Tom\u00e1s Morel Dur\u00e1n, arzobispo [&hellip;]<\/p>\n","protected":false},"author":1,"featured_media":11094,"comment_status":"open","ping_status":"open","sticky":false,"template":"","format":"standard","meta":{"amp_status":"","footnotes":""},"categories":[3],"tags":[],"class_list":["post-11093","post","type-post","status-publish","format-standard","has-post-thumbnail","hentry","category-de-ultimo-minuto"],"_links":{"self":[{"href":"https:\/\/ermdigital.com\/index.php\/wp-json\/wp\/v2\/posts\/11093","targetHints":{"allow":["GET"]}}],"collection":[{"href":"https:\/\/ermdigital.com\/index.php\/wp-json\/wp\/v2\/posts"}],"about":[{"href":"https:\/\/ermdigital.com\/index.php\/wp-json\/wp\/v2\/types\/post"}],"author":[{"embeddable":true,"href":"https:\/\/ermdigital.com\/index.php\/wp-json\/wp\/v2\/users\/1"}],"replies":[{"embeddable":true,"href":"https:\/\/ermdigital.com\/index.php\/wp-json\/wp\/v2\/comments?post=11093"}],"version-history":[{"count":0,"href":"https:\/\/ermdigital.com\/index.php\/wp-json\/wp\/v2\/posts\/11093\/revisions"}],"wp:featuredmedia":[{"embeddable":true,"href":"https:\/\/ermdigital.com\/index.php\/wp-json\/wp\/v2\/media\/11094"}],"wp:attachment":[{"href":"https:\/\/ermdigital.com\/index.php\/wp-json\/wp\/v2\/media?parent=11093"}],"wp:term":[{"taxonomy":"category","embeddable":true,"href":"https:\/\/ermdigital.com\/index.php\/wp-json\/wp\/v2\/categories?post=11093"},{"taxonomy":"post_tag","embeddable":true,"href":"https:\/\/ermdigital.com\/index.php\/wp-json\/wp\/v2\/tags?post=11093"}],"curies":[{"name":"wp","href":"https:\/\/api.w.org\/{rel}","templated":true}]}}