{"id":11070,"date":"2026-04-02T10:50:11","date_gmt":"2026-04-02T14:50:11","guid":{"rendered":"https:\/\/ermdigital.com\/index.php\/2026\/04\/02\/astronautas-de-artemis-ii-despiertan-en-la-nave-orion-y-orbitan-la-tierra-en-su-primer-dia\/"},"modified":"2026-04-02T10:50:11","modified_gmt":"2026-04-02T14:50:11","slug":"astronautas-de-artemis-ii-despiertan-en-la-nave-orion-y-orbitan-la-tierra-en-su-primer-dia","status":"publish","type":"post","link":"https:\/\/ermdigital.com\/index.php\/2026\/04\/02\/astronautas-de-artemis-ii-despiertan-en-la-nave-orion-y-orbitan-la-tierra-en-su-primer-dia\/","title":{"rendered":"Astronautas de Artemis II despiertan en la nave Ori\u00f3n y orbitan la Tierra en su primer d\u00eda"},"content":{"rendered":"<p><strong>Miami.-<\/strong> Los<strong> cuatro astronautas de Artemis II<\/strong> despertaron este jueves dentro de la nave espacial Ori\u00f3n, tras despegar el mi\u00e9rcoles, para dedicar su primer d\u00eda de misi\u00f3n a orbitar la Tierra antes de emprender su viaje hacia la Luna, lo que tomar\u00eda otros cuatro d\u00edas.<\/p>\n<p>El equipo en tierra de la<strong><a href=\"https:\/\/www.nasa.gov\/\" data-type=\"link\" data-id=\"https:\/\/www.nasa.gov\/\" target=\"_blank\" rel=\"noopener\"> NASA<\/a> <\/strong>despert\u00f3 a los tripulantes con la <strong>canci\u00f3n 'Sleepyhead'<\/strong> de la banda Young &amp; Sick a las 7:06 horas del este de Estados Unidos (11:06 GMT), \"tras un breve periodo de descanso\", casi 12 horas despu\u00e9s del lanzamiento desde Cabo Ca\u00f1averal, en Florida, seg\u00fan inform\u00f3 la agencia espacial.<\/p>\n<p>La nave espacial encendi\u00f3 el motor principal de su m\u00f3dulo de servicio por 43 segundos para \"refinar su trayectoria mientras contin\u00faa circulando la Tierra\" y colocar al veh\u00edculo \"en una alta \u00f3rbita terrestre estable que se alinee con su camino a la Luna\", detall\u00f3 la NASA en su transmisi\u00f3n en directo.<\/p>\n<blockquote class=\"wp-block-quote is-layout-flow wp-block-quote-is-layout-flow\">\n<p>\"Los tripulantes ahora regresar\u00e1n a un periodo de descanso por otras cuatro horas y media antes de que despierten otra vez para empezar su primer d\u00eda entero en el espacio\", expuso el organismo estadounidense.<\/p>\n<\/blockquote>\n<p>Tras el despegue, que ocurri\u00f3 el <strong>mi\u00e9rcoles a las 18:35 horas de Florida (22:35 GMT)<\/strong>, la tripulaci\u00f3n primero orbitar\u00e1 cerca de 24 horas alrededor de la Tierra para probar los sistemas y decidir si contin\u00faa el camino hacia la Luna o abortan la misi\u00f3n.<\/p>\n<p>De tener \u00e9xito, los tripulantes llegar\u00e1n al lado m\u00e1s oculto de la Luna el pr\u00f3ximo lunes, 6 de abril, y alcanzar\u00e1n el punto m\u00e1s lejano en el espacio profundo al que jam\u00e1s haya llegado una persona, m\u00e1s de 400.000 kil\u00f3metros desde la Tierra.<\/p>\n<p><strong>Te puede interesar: <\/strong><a href=\"https:\/\/deultimominuto.net\/tecnologia\/despega-la-historica-mision\/\" data-type=\"link\" data-id=\"https:\/\/deultimominuto.net\/tecnologia\/despega-la-historica-mision\/\">Despega la hist\u00f3rica misi\u00f3n Artemis II, que busca el regreso del ser humano a la Luna tras 50 a\u00f1os<\/a><\/p>\n<p>\"M\u00e1s tarde hoy, el equipo de administraci\u00f3n de la misi\u00f3n tendr\u00e1 su primera reuni\u00f3n de la misi\u00f3n para evaluar los sistemas de la nave espacial y dar\u00e1 su aprobaci\u00f3n para la pr\u00f3xima propulsi\u00f3n translunar que enviar\u00e1 a los astronautas fuera de la \u00f3rbita de la Tierra y hacia la Luna por primera vez desde 1972&#8243;, apunt\u00f3 la NASA.<\/p>\n<h2 class=\"wp-block-heading\">La tripulaci\u00f3n la conforman el <strong>comandante Reid Wiseman<\/strong>, la <strong>especialista Christina Koch<\/strong> y el <strong>piloto Victor Glover,<\/strong> los tres de la NASA, as\u00ed como <strong>Jeremy Hansen<\/strong>, de la Agencia Espacial Canadiense (CSA).<\/h2>\n<p><strong>Esta misi\u00f3n de 10 d\u00edas es la segunda del programa Artemis<\/strong>, tras el vuelo no tripulado de 2022, y precede a las pr\u00f3ximas misiones, en las que astronautas esperan pisar la Luna en 2028 y comenzar una presencia permanente en el sat\u00e9lite natural con una base, adem\u00e1s de sentar las condiciones para la exploraci\u00f3n de Marte.\u00a0<\/p>\n<p>\u200bMiami.- Los cuatro astronautas de Artemis II despertaron este jueves dentro de la nave espacial Ori\u00f3n, tras despegar el mi\u00e9rcoles, para dedicar su primer d\u00eda de misi\u00f3n a orbitar la Tierra antes de emprender su viaje hacia la Luna, lo que tomar\u00eda otros cuatro d\u00edas. El equipo en tierra de la NASA despert\u00f3 a los\u00a0\u00a0Tecnolog\u00eda, Artemis II, Luna, NASA, nave espacial, Tierra\u00a0\u00a0<\/p>\n","protected":false},"excerpt":{"rendered":"<p>Miami.- Los cuatro astronautas de Artemis II despertaron este jueves dentro de la nave espacial Ori\u00f3n, tras despegar el mi\u00e9rcoles, para dedicar su primer d\u00eda de misi\u00f3n a orbitar la Tierra antes de emprender su viaje hacia la Luna, lo que tomar\u00eda otros cuatro d\u00edas. El equipo en tierra de la NASA despert\u00f3 a los [&hellip;]<\/p>\n","protected":false},"author":1,"featured_media":11071,"comment_status":"open","ping_status":"open","sticky":false,"template":"","format":"standard","meta":{"amp_status":"","footnotes":""},"categories":[3],"tags":[],"class_list":["post-11070","post","type-post","status-publish","format-standard","has-post-thumbnail","hentry","category-de-ultimo-minuto"],"_links":{"self":[{"href":"https:\/\/ermdigital.com\/index.php\/wp-json\/wp\/v2\/posts\/11070","targetHints":{"allow":["GET"]}}],"collection":[{"href":"https:\/\/ermdigital.com\/index.php\/wp-json\/wp\/v2\/posts"}],"about":[{"href":"https:\/\/ermdigital.com\/index.php\/wp-json\/wp\/v2\/types\/post"}],"author":[{"embeddable":true,"href":"https:\/\/ermdigital.com\/index.php\/wp-json\/wp\/v2\/users\/1"}],"replies":[{"embeddable":true,"href":"https:\/\/ermdigital.com\/index.php\/wp-json\/wp\/v2\/comments?post=11070"}],"version-history":[{"count":0,"href":"https:\/\/ermdigital.com\/index.php\/wp-json\/wp\/v2\/posts\/11070\/revisions"}],"wp:featuredmedia":[{"embeddable":true,"href":"https:\/\/ermdigital.com\/index.php\/wp-json\/wp\/v2\/media\/11071"}],"wp:attachment":[{"href":"https:\/\/ermdigital.com\/index.php\/wp-json\/wp\/v2\/media?parent=11070"}],"wp:term":[{"taxonomy":"category","embeddable":true,"href":"https:\/\/ermdigital.com\/index.php\/wp-json\/wp\/v2\/categories?post=11070"},{"taxonomy":"post_tag","embeddable":true,"href":"https:\/\/ermdigital.com\/index.php\/wp-json\/wp\/v2\/tags?post=11070"}],"curies":[{"name":"wp","href":"https:\/\/api.w.org\/{rel}","templated":true}]}}