{"id":11064,"date":"2026-04-02T11:08:25","date_gmt":"2026-04-02T15:08:25","guid":{"rendered":"https:\/\/ermdigital.com\/index.php\/2026\/04\/02\/apresan-en-santiago-a-dos-haitianos-vinculados-a-asesinato-de-prestamistas-en-licey-al-medio\/"},"modified":"2026-04-02T11:08:25","modified_gmt":"2026-04-02T15:08:25","slug":"apresan-en-santiago-a-dos-haitianos-vinculados-a-asesinato-de-prestamistas-en-licey-al-medio","status":"publish","type":"post","link":"https:\/\/ermdigital.com\/index.php\/2026\/04\/02\/apresan-en-santiago-a-dos-haitianos-vinculados-a-asesinato-de-prestamistas-en-licey-al-medio\/","title":{"rendered":"Apresan en Santiago a dos haitianos vinculados a asesinato de prestamistas en Licey al Medio"},"content":{"rendered":"<p><strong>Santiago.-<\/strong>  Agentes de la Polic\u00eda Nacional apresaron la madrugada de este mi\u00e9rcoles a dos ciudadanos haitianos que eran activamente buscados por su presunta participaci\u00f3n en el doble homicidio de dos prestamistas dominicanos, cuyos cuerpos fueron encontrados enterrados en una finca de pl\u00e1tanos en el municipio Licey al Medio, en un caso que caus\u00f3 gran conmoci\u00f3n a inicios de este a\u00f1o.<\/p>\n<p>Los detenidos fueron identificados como <strong><em>Yelson Trinidad Garc\u00eda, <\/em><\/strong>alias \u201cVillano\u201d, de 19 a\u00f1os, y <strong><em>Jimmy Jules Mecid, <\/em><\/strong>de 22, quienes fueron capturados por miembros de la Divisi\u00f3n de Investigaci\u00f3n de Cr\u00edmenes y Delitos Contra las Personas (<a href=\"https:\/\/deultimominuto.net\/nacionales\/apresan-a-presunto-autor-de-homicidio-ocurrido-en-la-vega\/\" data-type=\"post\" data-id=\"631773\">Homicidios<\/a>), en coordinaci\u00f3n con la Subdirecci\u00f3n Regional de Investigaci\u00f3n, durante un operativo realizado en la avenida Circunvalaci\u00f3n Norte, en el municipio de Villa Gonz\u00e1lez.<\/p>\n<h3 class=\"wp-block-heading\"><strong>Leer m\u00e1s: <a href=\"https:\/\/deultimominuto.net\/nacionales\/apresan-joven-tras-agredir-madre\/\" data-type=\"post\" data-id=\"591343\">Apresan a joven tras agredir a su madre en Cienfuegos, Santiago<\/a><\/strong><\/h3>\n<p>De acuerdo con el informe policial, ambos eran requeridos mediante orden de arresto por su presunta vinculaci\u00f3n con la muerte de los prestamistas Reimy Tom\u00e1s Rodr\u00edguez Rojas, de 32 a\u00f1os, y Rodolfo Mart\u00ednez Parell\u00f3, de 43.<\/p>\n<p>Por este mismo caso, las autoridades ya hab\u00edan sometido a la justicia a Dieupanou Jul\u00e9, alias \u201cJhonny\u201d, tambi\u00e9n de nacionalidad haitiana, se\u00f1alado como otro de los implicados y padre de los ahora detenidos.<\/p>\n<p>Las investigaciones indican que las v\u00edctimas hab\u00edan sido reportadas como desaparecidas desde el 31 de diciembre de 2025, luego de salir desde Nagua hacia Santiago para realizar cobros en distintas comunidades.<\/p>\n<p>El caso tom\u00f3 un giro tr\u00e1gico el 2 de enero de 2026, cuando ambos cuerpos fueron hallados sepultados en un terreno sembrado de pl\u00e1tanos, en el sector Los Santanas, de Licey al Medio.<\/p>\n<p>El m\u00e9dico legista certific\u00f3 que las muertes se produjeron a causa de heridas de arma de fuego y traumas severos, evidenciando la violencia del hecho.<\/p>\n<p>De manera preliminar, las autoridades manejan la hip\u00f3tesis de que el crimen estar\u00eda relacionado con una presunta deuda, mientras contin\u00faan profundizando las investigaciones para esclarecer completamente el caso.<\/p>\n<p>Los detenidos ser\u00e1n puestos a disposici\u00f3n del Ministerio P\u00fablico en las pr\u00f3ximas horas para los fines legales correspondientes.<\/p>\n<p>\u200bSantiago.- Agentes de la Polic\u00eda Nacional apresaron la madrugada de este mi\u00e9rcoles a dos ciudadanos haitianos que eran activamente buscados por su presunta participaci\u00f3n en el doble homicidio de dos prestamistas dominicanos, cuyos cuerpos fueron encontrados enterrados en una finca de pl\u00e1tanos en el municipio Licey al Medio, en un caso que caus\u00f3 gran conmoci\u00f3n\u00a0\u00a0Nacionales, Apresan, asesinato, Deultimominuto, ElPeri\u00f3dicodelaVerdad, haitianos, Prestamistas, Rep\u00fablica Dominicana\u00a0\u00a0<\/p>\n","protected":false},"excerpt":{"rendered":"<p>Santiago.- Agentes de la Polic\u00eda Nacional apresaron la madrugada de este mi\u00e9rcoles a dos ciudadanos haitianos que eran activamente buscados por su presunta participaci\u00f3n en el doble homicidio de dos prestamistas dominicanos, cuyos cuerpos fueron encontrados enterrados en una finca de pl\u00e1tanos en el municipio Licey al Medio, en un caso que caus\u00f3 gran conmoci\u00f3n [&hellip;]<\/p>\n","protected":false},"author":1,"featured_media":11065,"comment_status":"open","ping_status":"open","sticky":false,"template":"","format":"standard","meta":{"amp_status":"","footnotes":""},"categories":[3],"tags":[],"class_list":["post-11064","post","type-post","status-publish","format-standard","has-post-thumbnail","hentry","category-de-ultimo-minuto"],"_links":{"self":[{"href":"https:\/\/ermdigital.com\/index.php\/wp-json\/wp\/v2\/posts\/11064","targetHints":{"allow":["GET"]}}],"collection":[{"href":"https:\/\/ermdigital.com\/index.php\/wp-json\/wp\/v2\/posts"}],"about":[{"href":"https:\/\/ermdigital.com\/index.php\/wp-json\/wp\/v2\/types\/post"}],"author":[{"embeddable":true,"href":"https:\/\/ermdigital.com\/index.php\/wp-json\/wp\/v2\/users\/1"}],"replies":[{"embeddable":true,"href":"https:\/\/ermdigital.com\/index.php\/wp-json\/wp\/v2\/comments?post=11064"}],"version-history":[{"count":0,"href":"https:\/\/ermdigital.com\/index.php\/wp-json\/wp\/v2\/posts\/11064\/revisions"}],"wp:featuredmedia":[{"embeddable":true,"href":"https:\/\/ermdigital.com\/index.php\/wp-json\/wp\/v2\/media\/11065"}],"wp:attachment":[{"href":"https:\/\/ermdigital.com\/index.php\/wp-json\/wp\/v2\/media?parent=11064"}],"wp:term":[{"taxonomy":"category","embeddable":true,"href":"https:\/\/ermdigital.com\/index.php\/wp-json\/wp\/v2\/categories?post=11064"},{"taxonomy":"post_tag","embeddable":true,"href":"https:\/\/ermdigital.com\/index.php\/wp-json\/wp\/v2\/tags?post=11064"}],"curies":[{"name":"wp","href":"https:\/\/api.w.org\/{rel}","templated":true}]}}