{"id":11030,"date":"2026-04-02T10:03:50","date_gmt":"2026-04-02T14:03:50","guid":{"rendered":"https:\/\/ermdigital.com\/index.php\/2026\/04\/02\/isabel-valdez-llama-a-vivir-una-semana-santa-con-fe-prudencia-y-amor-familiar\/"},"modified":"2026-04-02T10:03:50","modified_gmt":"2026-04-02T14:03:50","slug":"isabel-valdez-llama-a-vivir-una-semana-santa-con-fe-prudencia-y-amor-familiar","status":"publish","type":"post","link":"https:\/\/ermdigital.com\/index.php\/2026\/04\/02\/isabel-valdez-llama-a-vivir-una-semana-santa-con-fe-prudencia-y-amor-familiar\/","title":{"rendered":"Isabel Valdez llama a vivir una Semana Santa con fe, prudencia y amor familiar"},"content":{"rendered":"<p><strong>Santo Domingo.-<\/strong> La artista cristiana<strong> Isabel Valdez<\/strong> exhort\u00f3 a la sociedad dominicana y al mundo a vivir el asueto de <strong>Semana Santa<\/strong> con reflexi\u00f3n, cuidado y conexi\u00f3n espiritual, recordando el valor de la vida y la familia.<\/p>\n<p>Durante un mensaje a trav\u00e9s de la plataforma de <strong>De \u00daltimo Minuto<\/strong>, la int\u00e9rprete destac\u00f3 que cada persona debe actuar con responsabilidad, especialmente en estos d\u00edas de alta movilidad, pensando en sus seres queridos. \u201cTodo lo que usted vaya a hacer, h\u00e1galo con cuidado, con orden, porque hay gente que te espera en casa, hay familia que te ama\u201d, expres\u00f3.<\/p>\n<p>Valdez tambi\u00e9n hizo un llamado a fortalecer la fe en medio de cualquier circunstancia, asegurando que no hay situaci\u00f3n imposible para Dios. Record\u00f3 las palabras de Jes\u00fas al invitar a quienes est\u00e1n cargados a encontrar descanso en \u00c9l, enfatizando que el amor divino no rechaza a nadie.<\/p>\n<h2 class=\"wp-block-heading\">La artista pidi\u00f3 adem\u00e1s que la paz y el amor de Dios reinen en cada hogar, elevando una bendici\u00f3n especial por la Rep\u00fablica Dominicana y por todos sus ciudadanos dentro y fuera del territorio.<\/h2>\n<p><strong>Te puede interesar: <\/strong><a href=\"https:\/\/deultimominuto.net\/nacionales\/las-terrenas-ciudad-de-dios\/\" data-type=\"link\" data-id=\"https:\/\/deultimominuto.net\/nacionales\/las-terrenas-ciudad-de-dios\/\">\"Las Terrenas, Ciudad de Dios\u201d re\u00fane a cientos de creyentes en una jornada de fe, unidad y esperanza<\/a><\/p>\n<p>El mensaje de Isabel Valdez se suma a las voces que, en el marco de la Semana Santa, promueven la prudencia, la espiritualidad y la uni\u00f3n familiar como pilares para vivir este tiempo de reflexi\u00f3n.<\/p>\n<p>\u200bSanto Domingo.- La artista cristiana Isabel Valdez exhort\u00f3 a la sociedad dominicana y al mundo a vivir el asueto de Semana Santa con reflexi\u00f3n, cuidado y conexi\u00f3n espiritual, recordando el valor de la vida y la familia. Durante un mensaje a trav\u00e9s de la plataforma de De \u00daltimo Minuto, la int\u00e9rprete destac\u00f3 que cada persona\u00a0\u00a0Entretenimiento, Isabel Valdez, Prudencia, Semana Santa\u00a0\u00a0<\/p>\n","protected":false},"excerpt":{"rendered":"<p>Santo Domingo.- La artista cristiana Isabel Valdez exhort\u00f3 a la sociedad dominicana y al mundo a vivir el asueto de Semana Santa con reflexi\u00f3n, cuidado y conexi\u00f3n espiritual, recordando el valor de la vida y la familia. Durante un mensaje a trav\u00e9s de la plataforma de De \u00daltimo Minuto, la int\u00e9rprete destac\u00f3 que cada persona [&hellip;]<\/p>\n","protected":false},"author":1,"featured_media":11031,"comment_status":"open","ping_status":"open","sticky":false,"template":"","format":"standard","meta":{"amp_status":"","footnotes":""},"categories":[3],"tags":[],"class_list":["post-11030","post","type-post","status-publish","format-standard","has-post-thumbnail","hentry","category-de-ultimo-minuto"],"_links":{"self":[{"href":"https:\/\/ermdigital.com\/index.php\/wp-json\/wp\/v2\/posts\/11030","targetHints":{"allow":["GET"]}}],"collection":[{"href":"https:\/\/ermdigital.com\/index.php\/wp-json\/wp\/v2\/posts"}],"about":[{"href":"https:\/\/ermdigital.com\/index.php\/wp-json\/wp\/v2\/types\/post"}],"author":[{"embeddable":true,"href":"https:\/\/ermdigital.com\/index.php\/wp-json\/wp\/v2\/users\/1"}],"replies":[{"embeddable":true,"href":"https:\/\/ermdigital.com\/index.php\/wp-json\/wp\/v2\/comments?post=11030"}],"version-history":[{"count":0,"href":"https:\/\/ermdigital.com\/index.php\/wp-json\/wp\/v2\/posts\/11030\/revisions"}],"wp:featuredmedia":[{"embeddable":true,"href":"https:\/\/ermdigital.com\/index.php\/wp-json\/wp\/v2\/media\/11031"}],"wp:attachment":[{"href":"https:\/\/ermdigital.com\/index.php\/wp-json\/wp\/v2\/media?parent=11030"}],"wp:term":[{"taxonomy":"category","embeddable":true,"href":"https:\/\/ermdigital.com\/index.php\/wp-json\/wp\/v2\/categories?post=11030"},{"taxonomy":"post_tag","embeddable":true,"href":"https:\/\/ermdigital.com\/index.php\/wp-json\/wp\/v2\/tags?post=11030"}],"curies":[{"name":"wp","href":"https:\/\/api.w.org\/{rel}","templated":true}]}}