{"id":11028,"date":"2026-04-02T10:11:50","date_gmt":"2026-04-02T14:11:50","guid":{"rendered":"https:\/\/ermdigital.com\/index.php\/2026\/04\/02\/centro-cultural-taino-casa-del-cordon-profundiza-en-las-raices-linguisticas-de-la-espanola\/"},"modified":"2026-04-02T10:11:50","modified_gmt":"2026-04-02T14:11:50","slug":"centro-cultural-taino-casa-del-cordon-profundiza-en-las-raices-linguisticas-de-la-espanola","status":"publish","type":"post","link":"https:\/\/ermdigital.com\/index.php\/2026\/04\/02\/centro-cultural-taino-casa-del-cordon-profundiza-en-las-raices-linguisticas-de-la-espanola\/","title":{"rendered":"Centro Cultural Ta\u00edno Casa del Cord\u00f3n profundiza en las ra\u00edces ling\u00fc\u00edsticas de la Espa\u00f1ola"},"content":{"rendered":"<p><strong>Santo Domingo, D. N. \u2013 <\/strong>El Centro Cultural Ta\u00edno Casa del Cord\u00f3n, iniciativa del <a href=\"https:\/\/popularenlinea.com\/\" target=\"_blank\" rel=\"noopener\">Banco <\/a>Popular Dominicano, realiz\u00f3 el conversatorio \u201cVoces de la Isla: Idiomas originarios de la Espa\u00f1ola\u201d, un espacio de reflexi\u00f3n que abord\u00f3 la diversidad ling\u00fc\u00edstica existente en la isla antes de la llegada de los europeos y c\u00f3mo vocablos, expresiones e incluso pronunciaci\u00f3n lograron entrar en el espa\u00f1ol caribe\u00f1o y permanecer en el habla contempor\u00e1nea.<\/p>\n<p>La actividad cont\u00f3 con la participaci\u00f3n del escritor, m\u00fasico y antrop\u00f3logo Leonardo Nin, y del poeta, ensayista e investigador Rafael Garc\u00eda Bid\u00f3. Durante el encuentro, los especialistas compartieron hallazgos y aproximaciones en torno a las lenguas de los primeros pobladores de la isla.<\/p>\n<h3 class=\"wp-block-heading\"><strong>Leer m\u00e1s: <a href=\"https:\/\/deultimominuto.net\/estilo\/centro-cultural-taino-casa-del-cordon-proyecta-documental-galeones-de-azogue\/\" data-type=\"post\" data-id=\"609744\">Centro Cultural Ta\u00edno Casa del Cord\u00f3n proyecta documental \u201cGaleones de Azogue\u201d<\/a><\/strong><\/h3>\n<p>Los expositores se\u00f1alaron que, al momento del contacto europeo en 1492, en la Espa\u00f1ola conviv\u00edan diversos grupos con ra\u00edces, vocabularios y sonoridades propias, que adoptaron el ta\u00edno como lengua principal de intercambio. Presentaron una aproximaci\u00f3n de c\u00f3mo sonaba esta lengua, usada tanto para la comunicaci\u00f3n cotidiana como para las transacciones comerciales.<\/p>\n<p><strong>Permanencia del ta\u00edno en el espa\u00f1ol caribe\u00f1o<\/strong><\/p>\n<p>Los investigadores expusieron avances en el estudio de las lenguas originarias de la isla, destacando que numerosos rasgos del ta\u00edno siguen presentes en el espa\u00f1ol caribe\u00f1o. Aunque esta lengua se considere desaparecida, su estructura y huellas fon\u00e9ticas a\u00fan se reflejan en expresiones comunes y formas del habla en la Rep\u00fablica Dominicana, Puerto Rico y Cuba.<\/p>\n<p>En su intervenci\u00f3n, el se\u00f1or Leonardo Nin explic\u00f3 los m\u00e9todos comparativos que emplea para reconstruir la fonolog\u00eda ta\u00edna a partir de ra\u00edces conservadas en palabras como \u201c<em>mav\u00ed\u201d<\/em>, \u201c<em>bejuco\u201d<\/em>, \u201c<em>anaiboa\u201d<\/em>, \u201c<em>ma\u00edz\u201d<\/em>\u00a0o \u201c<em>iguana\u201d<\/em>. Detall\u00f3 que estos elementos permiten inferir significados, sonidos y estructuras gramaticales que sobrevivieron al contacto colonial.<\/p>\n<p>A su vez, el se\u00f1or Rafael Garc\u00eda Bid\u00f3 profundiz\u00f3 en la clasificaci\u00f3n de los tres idiomas que coexistieron en la isla y en los rasgos fon\u00e9ticos que distingu\u00edan al ta\u00edno del resto. Tambi\u00e9n destac\u00f3 la presencia de m\u00faltiples diminutivos y variaciones fon\u00e9ticas que a\u00fan pueden rastrearse en el habla contempor\u00e1nea.<\/p>\n<p>El conversatorio ofreci\u00f3 al p\u00fablico una mirada actual sobre este patrimonio intangible, resaltando el aporte de los estudios ling\u00fc\u00edsticos para comprender la identidad cultural dominicana y el papel del Centro Cultural Ta\u00edno Casa del Cord\u00f3n en el impulso de iniciativas de investigaci\u00f3n y desarrollo cultural.<\/p>\n<p>\u200bSanto Domingo, D. N. \u2013 El Centro Cultural Ta\u00edno Casa del Cord\u00f3n, iniciativa del Banco Popular Dominicano, realiz\u00f3 el conversatorio \u201cVoces de la Isla: Idiomas originarios de la Espa\u00f1ola\u201d, un espacio de reflexi\u00f3n que abord\u00f3 la diversidad ling\u00fc\u00edstica existente en la isla antes de la llegada de los europeos y c\u00f3mo vocablos, expresiones e incluso\u00a0\u00a0Estilo, Banco Popular, Deultimominuto, ElPeri\u00f3dicodelaVerdad, espa\u00f1ola, Ling\u00fc\u00edsticas, Rep\u00fablica Dominicana\u00a0\u00a0<\/p>\n","protected":false},"excerpt":{"rendered":"<p>Santo Domingo, D. N. \u2013 El Centro Cultural Ta\u00edno Casa del Cord\u00f3n, iniciativa del Banco Popular Dominicano, realiz\u00f3 el conversatorio \u201cVoces de la Isla: Idiomas originarios de la Espa\u00f1ola\u201d, un espacio de reflexi\u00f3n que abord\u00f3 la diversidad ling\u00fc\u00edstica existente en la isla antes de la llegada de los europeos y c\u00f3mo vocablos, expresiones e incluso [&hellip;]<\/p>\n","protected":false},"author":1,"featured_media":11029,"comment_status":"open","ping_status":"open","sticky":false,"template":"","format":"standard","meta":{"amp_status":"","footnotes":""},"categories":[3],"tags":[],"class_list":["post-11028","post","type-post","status-publish","format-standard","has-post-thumbnail","hentry","category-de-ultimo-minuto"],"_links":{"self":[{"href":"https:\/\/ermdigital.com\/index.php\/wp-json\/wp\/v2\/posts\/11028","targetHints":{"allow":["GET"]}}],"collection":[{"href":"https:\/\/ermdigital.com\/index.php\/wp-json\/wp\/v2\/posts"}],"about":[{"href":"https:\/\/ermdigital.com\/index.php\/wp-json\/wp\/v2\/types\/post"}],"author":[{"embeddable":true,"href":"https:\/\/ermdigital.com\/index.php\/wp-json\/wp\/v2\/users\/1"}],"replies":[{"embeddable":true,"href":"https:\/\/ermdigital.com\/index.php\/wp-json\/wp\/v2\/comments?post=11028"}],"version-history":[{"count":0,"href":"https:\/\/ermdigital.com\/index.php\/wp-json\/wp\/v2\/posts\/11028\/revisions"}],"wp:featuredmedia":[{"embeddable":true,"href":"https:\/\/ermdigital.com\/index.php\/wp-json\/wp\/v2\/media\/11029"}],"wp:attachment":[{"href":"https:\/\/ermdigital.com\/index.php\/wp-json\/wp\/v2\/media?parent=11028"}],"wp:term":[{"taxonomy":"category","embeddable":true,"href":"https:\/\/ermdigital.com\/index.php\/wp-json\/wp\/v2\/categories?post=11028"},{"taxonomy":"post_tag","embeddable":true,"href":"https:\/\/ermdigital.com\/index.php\/wp-json\/wp\/v2\/tags?post=11028"}],"curies":[{"name":"wp","href":"https:\/\/api.w.org\/{rel}","templated":true}]}}