{"id":11024,"date":"2026-04-02T10:16:17","date_gmt":"2026-04-02T14:16:17","guid":{"rendered":"https:\/\/ermdigital.com\/index.php\/2026\/04\/02\/cuatro-anos-sin-kendry-alcantara-madre-no-pierde-la-esperanza-de-encontrar-a-su-hijo\/"},"modified":"2026-04-02T10:16:17","modified_gmt":"2026-04-02T14:16:17","slug":"cuatro-anos-sin-kendry-alcantara-madre-no-pierde-la-esperanza-de-encontrar-a-su-hijo","status":"publish","type":"post","link":"https:\/\/ermdigital.com\/index.php\/2026\/04\/02\/cuatro-anos-sin-kendry-alcantara-madre-no-pierde-la-esperanza-de-encontrar-a-su-hijo\/","title":{"rendered":"Cuatro a\u00f1os sin Kendry Alc\u00e1ntara: madre no pierde la esperanza de encontrar a su hijo"},"content":{"rendered":"<p><strong>Por Arileidy Toribio<\/strong><\/p>\n<p><strong><em>San Juan.-<\/em><\/strong> Este jueves se cumplen cuatro a\u00f1os de la desaparici\u00f3n del ni\u00f1o Kendry Alc\u00e1ntara, quien fue visto por \u00faltima vez el 2 de abril del 2022 mientras jugaba en el patio de su vivienda en el sector Los Montones, municipio Juan de Herrera, en la provincia San Juan.<\/p>\n<p>Su madre, Pamela Garc\u00eda, recuerda que ese d\u00eda se encontraba trabajando cuando not\u00f3 la ausencia del menor de 4 a\u00f1os, quien ten\u00eda dificultad del habla. Desde entonces, la familia ha vivido una angustiante b\u00fasqueda sin resultados, marcada por denuncias, recorridos en distintas localidades, visitas a hospitales y gestiones ante instituciones como el Consejo Nacional de la Ni\u00f1ez y la Adolescencia (Conani).<\/p>\n<p><em><strong>Te Puede interesar: <a href=\"https:\/\/deultimominuto.net\/nacionales\/familia-de-nino-desaparecido\/\" data-type=\"link\" data-id=\"https:\/\/deultimominuto.net\/nacionales\/familia-de-nino-desaparecido\/\">Familia de ni\u00f1o desaparecido en Jarabacoa pide avances en la investigaci\u00f3n tras un a\u00f1o sin respuestas<\/a><\/strong><\/em><\/p>\n<p>A pesar del tiempo transcurrido, la madre asegura que no pierde la fe de volver a ver a su hijo. En un testimonio, reitera su llamado a las autoridades para que intensifiquen las investigaciones y puedan ofrecer respuestas concretas sobre el paradero del ni\u00f1o.<\/p>\n<p>Durante estos a\u00f1os, los familiares han realizado protestas, colocado carteles y agotado m\u00faltiples v\u00edas para dar con su ubicaci\u00f3n, sin obtener resultados concluyentes. <strong><em>\u201cMi hijo no aparece\u201d<\/em><\/strong>, expresa entre l\u00e1grimas Pamela, quien mantiene viva la esperanza de reencontrarse con Kendry.<\/p>\n<p>Si usted tiene informaci\u00f3n sobre el paradero del ni\u00f1o, puede comunicarse a los tel\u00e9fonos <strong>809-979-9820 y 829-904-0005.<\/strong><\/p>\n<\/p>\n<p>\u200bPor Arileidy Toribio San Juan.- Este jueves se cumplen cuatro a\u00f1os de la desaparici\u00f3n del ni\u00f1o Kendry Alc\u00e1ntara, quien fue visto por \u00faltima vez el 2 de abril del 2022 mientras jugaba en el patio de su vivienda en el sector Los Montones, municipio Juan de Herrera, en la provincia San Juan. Su madre, Pamela\u00a0\u00a0Nacionales, deparecido, kendry alcantara, San Juan, se buca\u00a0\u00a0<\/p>\n","protected":false},"excerpt":{"rendered":"<p>Por Arileidy Toribio San Juan.- Este jueves se cumplen cuatro a\u00f1os de la desaparici\u00f3n del ni\u00f1o Kendry Alc\u00e1ntara, quien fue visto por \u00faltima vez el 2 de abril del 2022 mientras jugaba en el patio de su vivienda en el sector Los Montones, municipio Juan de Herrera, en la provincia San Juan. Su madre, Pamela [&hellip;]<\/p>\n","protected":false},"author":1,"featured_media":11025,"comment_status":"open","ping_status":"open","sticky":false,"template":"","format":"standard","meta":{"amp_status":"","footnotes":""},"categories":[3],"tags":[],"class_list":["post-11024","post","type-post","status-publish","format-standard","has-post-thumbnail","hentry","category-de-ultimo-minuto"],"_links":{"self":[{"href":"https:\/\/ermdigital.com\/index.php\/wp-json\/wp\/v2\/posts\/11024","targetHints":{"allow":["GET"]}}],"collection":[{"href":"https:\/\/ermdigital.com\/index.php\/wp-json\/wp\/v2\/posts"}],"about":[{"href":"https:\/\/ermdigital.com\/index.php\/wp-json\/wp\/v2\/types\/post"}],"author":[{"embeddable":true,"href":"https:\/\/ermdigital.com\/index.php\/wp-json\/wp\/v2\/users\/1"}],"replies":[{"embeddable":true,"href":"https:\/\/ermdigital.com\/index.php\/wp-json\/wp\/v2\/comments?post=11024"}],"version-history":[{"count":0,"href":"https:\/\/ermdigital.com\/index.php\/wp-json\/wp\/v2\/posts\/11024\/revisions"}],"wp:featuredmedia":[{"embeddable":true,"href":"https:\/\/ermdigital.com\/index.php\/wp-json\/wp\/v2\/media\/11025"}],"wp:attachment":[{"href":"https:\/\/ermdigital.com\/index.php\/wp-json\/wp\/v2\/media?parent=11024"}],"wp:term":[{"taxonomy":"category","embeddable":true,"href":"https:\/\/ermdigital.com\/index.php\/wp-json\/wp\/v2\/categories?post=11024"},{"taxonomy":"post_tag","embeddable":true,"href":"https:\/\/ermdigital.com\/index.php\/wp-json\/wp\/v2\/tags?post=11024"}],"curies":[{"name":"wp","href":"https:\/\/api.w.org\/{rel}","templated":true}]}}