{"id":10999,"date":"2026-04-02T08:37:28","date_gmt":"2026-04-02T12:37:28","guid":{"rendered":"https:\/\/ermdigital.com\/index.php\/2026\/04\/02\/apresan-a-coronel-que-agredio-a-joven-y-le-conoceran-medida-de-coercion-este-jueves\/"},"modified":"2026-04-02T08:37:28","modified_gmt":"2026-04-02T12:37:28","slug":"apresan-a-coronel-que-agredio-a-joven-y-le-conoceran-medida-de-coercion-este-jueves","status":"publish","type":"post","link":"https:\/\/ermdigital.com\/index.php\/2026\/04\/02\/apresan-a-coronel-que-agredio-a-joven-y-le-conoceran-medida-de-coercion-este-jueves\/","title":{"rendered":"Apresan a coronel que agredi\u00f3 a joven y le conocer\u00e1n medida de coerci\u00f3n este jueves"},"content":{"rendered":"<p>Santo Domingo Este.\u2013 El coronel <a href=\"https:\/\/generic-entity\/?number=0\">Fausto Mad\u00e9 Ram\u00edrez<\/a> fue apresado la madrugada de este martes en cumplimiento de una orden judicial, durante un operativo conjunto realizado por unidades de inteligencia y prevenci\u00f3n de la Polic\u00eda Nacional.<\/p>\n<p>De acuerdo con informaciones difundidas por el comunicador <a href=\"https:\/\/generic-entity\/?number=1\">Jos\u00e9 Mart\u00ednez Brito<\/a>, el arresto se llev\u00f3 a cabo mediante la intervenci\u00f3n de agentes del Departamento de Inteligencia, la Polic\u00eda de Violencia de G\u00e9nero (DEAMVI) y la Polic\u00eda Preventiva, quienes ejecutaron la orden de captura en horas de la madrugada.<\/p>\n<p>Tras su detenci\u00f3n, el oficial fue trasladado a la fiscal\u00eda del sector Puerto Rico, en el ensanche Ozama, en <a href=\"https:\/\/generic-entity\/?number=2\">Santo Domingo Este<\/a>, donde ser\u00e1 sometido al proceso correspondiente.<\/p>\n<p>Se espera que en el transcurso de este mismo d\u00eda le sea conocida la medida de coerci\u00f3n, en medio de acusaciones que lo vinculan a presuntos hechos de violencia. De manera preliminar, se ha indicado que el Ministerio P\u00fablico podr\u00eda solicitar prisi\u00f3n preventiva como medida cautelar.<\/p>\n<\/p>\n<p>\u200bSanto Domingo Este.\u2013 El coronel Fausto Mad\u00e9 Ram\u00edrez fue apresado la madrugada de este martes en cumplimiento de una orden judicial, durante un operativo conjunto realizado por unidades de inteligencia y prevenci\u00f3n de la Polic\u00eda Nacional. De acuerdo con informaciones difundidas por el comunicador Jos\u00e9 Mart\u00ednez Brito, el arresto se llev\u00f3 a cabo mediante la\u00a0\u00a0Nacionales, Deultimominuto, ElPeri\u00f3dicodelaVerdad, Rep\u00fablica Dominicana\u00a0\u00a0<\/p>\n","protected":false},"excerpt":{"rendered":"<p>Santo Domingo Este.\u2013 El coronel Fausto Mad\u00e9 Ram\u00edrez fue apresado la madrugada de este martes en cumplimiento de una orden judicial, durante un operativo conjunto realizado por unidades de inteligencia y prevenci\u00f3n de la Polic\u00eda Nacional. De acuerdo con informaciones difundidas por el comunicador Jos\u00e9 Mart\u00ednez Brito, el arresto se llev\u00f3 a cabo mediante la [&hellip;]<\/p>\n","protected":false},"author":1,"featured_media":11000,"comment_status":"open","ping_status":"open","sticky":false,"template":"","format":"standard","meta":{"amp_status":"","footnotes":""},"categories":[3],"tags":[],"class_list":["post-10999","post","type-post","status-publish","format-standard","has-post-thumbnail","hentry","category-de-ultimo-minuto"],"_links":{"self":[{"href":"https:\/\/ermdigital.com\/index.php\/wp-json\/wp\/v2\/posts\/10999","targetHints":{"allow":["GET"]}}],"collection":[{"href":"https:\/\/ermdigital.com\/index.php\/wp-json\/wp\/v2\/posts"}],"about":[{"href":"https:\/\/ermdigital.com\/index.php\/wp-json\/wp\/v2\/types\/post"}],"author":[{"embeddable":true,"href":"https:\/\/ermdigital.com\/index.php\/wp-json\/wp\/v2\/users\/1"}],"replies":[{"embeddable":true,"href":"https:\/\/ermdigital.com\/index.php\/wp-json\/wp\/v2\/comments?post=10999"}],"version-history":[{"count":0,"href":"https:\/\/ermdigital.com\/index.php\/wp-json\/wp\/v2\/posts\/10999\/revisions"}],"wp:featuredmedia":[{"embeddable":true,"href":"https:\/\/ermdigital.com\/index.php\/wp-json\/wp\/v2\/media\/11000"}],"wp:attachment":[{"href":"https:\/\/ermdigital.com\/index.php\/wp-json\/wp\/v2\/media?parent=10999"}],"wp:term":[{"taxonomy":"category","embeddable":true,"href":"https:\/\/ermdigital.com\/index.php\/wp-json\/wp\/v2\/categories?post=10999"},{"taxonomy":"post_tag","embeddable":true,"href":"https:\/\/ermdigital.com\/index.php\/wp-json\/wp\/v2\/tags?post=10999"}],"curies":[{"name":"wp","href":"https:\/\/api.w.org\/{rel}","templated":true}]}}