{"id":10968,"date":"2026-04-02T09:21:28","date_gmt":"2026-04-02T13:21:28","guid":{"rendered":"https:\/\/ermdigital.com\/index.php\/2026\/04\/02\/kia-presenta-el-nuevo-suv-seltos-el-ev3-2027-y-el-concepto-de-movilidad-accesible-pv5-wav-enel-salon-internacional-del-automovil-de-nueva-york\/"},"modified":"2026-04-02T09:21:28","modified_gmt":"2026-04-02T13:21:28","slug":"kia-presenta-el-nuevo-suv-seltos-el-ev3-2027-y-el-concepto-de-movilidad-accesible-pv5-wav-enel-salon-internacional-del-automovil-de-nueva-york","status":"publish","type":"post","link":"https:\/\/ermdigital.com\/index.php\/2026\/04\/02\/kia-presenta-el-nuevo-suv-seltos-el-ev3-2027-y-el-concepto-de-movilidad-accesible-pv5-wav-enel-salon-internacional-del-automovil-de-nueva-york\/","title":{"rendered":"Kia presenta el nuevo SUV Seltos, el EV3 2027 y el concepto de movilidad accesible PV5 WAV enel Sal\u00f3n Internacional del Autom\u00f3vil de Nueva York"},"content":{"rendered":"<p><strong>NUEVA YORK\/SE\u00daL, 1 de abril de 2026 \u2013 <\/strong>Kia ha presentado tres modelos clave en el Sal\u00f3n Internacional del Autom\u00f3vil de Nueva York 2026, demostrando su compromiso con ampliar la elecci\u00f3n del cliente en veh\u00edculos de combusti\u00f3n interna, h\u00edbridos y totalmente el\u00e9ctricos, al tiempo que avanza en soluciones de movilidad inclusivas para las necesidades futuras de transporte.<\/p>\n<p>Debutando en Norteam\u00e9rica est\u00e1n el totalmente nuevo Kia Seltos 2027, el SUV el\u00e9ctrico compacto EV3 y el concepto PV5 WAV (Veh\u00edculo Accesible para Sillas de Ruedas). En conjunto, reflejan la estrategia de producto en evoluci\u00f3n de Kia, combinando veh\u00edculos pr\u00e1cticos y tecnol\u00f3gicos con soluciones de movilidad innovadoras dise\u00f1adas para satisfacer una amplia gama de necesidades de los clientes.<\/p>\n<figure class=\"wp-block-image size-full is-resized\"><img loading=\"lazy\" decoding=\"async\" width=\"640\" height=\"393\" src=\"https:\/\/viamarnoticias.com.do\/wp-content\/uploads\/2026\/04\/Photo-4-Kurt-Kahl-Chief-Designer-Kia-Design-Center-America.jpg\" alt=\"\" class=\"wp-image-4345\"><\/figure>\n<p>Los tres modelos forman parte de una exposici\u00f3n m\u00e1s amplia de 21 veh\u00edculos exhibidos en el Jacob K. Javits Convention Center de Manhattan, incluyendo marcas clave como Telluride, Sportage y EV6. La exposici\u00f3n destaca la continua inversi\u00f3n de Kia en el mercado norteamericano y su ambici\u00f3n de fortalecer su presencia en m\u00faltiples segmentos.<\/p>\n<p>Al presentar una combinaci\u00f3n de modelos b\u00e1sicos consolidados, nuevas ofertas electrificadas y conceptos innovadores de movilidad, Kia est\u00e1 reforzando su estrategia de ofrecer soluciones de movilidad accesibles, flexibles y sostenibles adaptadas a las demandas del mercado regional.<\/p>\n<figure class=\"wp-block-image size-full is-resized\"><img loading=\"lazy\" decoding=\"async\" width=\"640\" height=\"360\" src=\"https:\/\/viamarnoticias.com.do\/wp-content\/uploads\/2026\/04\/Photo-1-Kia-North-America-executives-gather-for-a-commemorative-photo-in-front-of-the-Seltos-X-Line.jpg\" alt=\"\" class=\"wp-image-4346\"><\/figure>\n<p>Seungkyu (Sean) Yoon, presidente y CEO de Kia Norteam\u00e9rica y Kia Am\u00e9rica, dijo: <em>\"Kia est\u00e1 expandiendo r\u00e1pidamente la producci\u00f3n h\u00edbrida en toda nuestra gama de SUV, aumentando la producci\u00f3n con cada lanzamiento de nuevos modelos y construyendo hacia una gama completa de SUV h\u00edbridos para finales de este a\u00f1o. Con la producci\u00f3n del Sportage Hybrid prevista para comenzar en nuestra Metaplanta de Georgia a finales de mayo, seguimos acercando opciones m\u00e1s diversas a los clientes de todo Estados Unidos.\"<\/em><\/p>\n<figure class=\"wp-block-image size-full is-resized\"><img loading=\"lazy\" decoding=\"async\" width=\"640\" height=\"426\" src=\"https:\/\/viamarnoticias.com.do\/wp-content\/uploads\/2026\/04\/Photo-6-The-Seltos-on-display-at-the-2026-New-York-International-Auto-Show.jpg\" alt=\"\" class=\"wp-image-4347\"><\/figure>\n<p><strong>All-new Kia Seltos<\/strong><\/p>\n<p>El totalmente nuevo Kia Seltos 2027 debuta en Norteam\u00e9rica como una evoluci\u00f3n significativamente mejorada del SUV compacto de Kia, dise\u00f1ado para elevar las expectativas en el segmento mediante mayor espacio, mayor capacidad y tecnolog\u00eda avanzada.<\/p>\n<p>Bas\u00e1ndose en el \u00e9xito del modelo de primera generaci\u00f3n, el nuevo Seltos es m\u00e1s grande, ancho y refinado, ofreciendo una mayor comodidad para los pasajeros y flexibilidad de carga. La mayor longitud total y una mayor distancia entre ejes contribuyen a un mayor espacio para las piernas traseras y a un dise\u00f1o interior mejorado, mientras que un dise\u00f1o m\u00e1s erguido mejora la visibilidad exterior y refuerza su car\u00e1cter de SUV.<\/p>\n<p><strong>Dise\u00f1o exterior: El aut\u00e9ntico SUV moderno<\/strong><\/p>\n<p>El Seltos es el \u00faltimo modelo que se beneficia de la filosof\u00eda de dise\u00f1o Opposites United de Kia, que re\u00fane elementos contrastantes de la naturaleza y la humanidad para crear dise\u00f1os reflexivos y expresivos. El nuevo Seltos tambi\u00e9n toma inspiraciones en el dise\u00f1o del SUV insignia Telluride para forjar su propio legado como un SUV peque\u00f1o que encarna una personalidad din\u00e1mica y en\u00e9rgica. Los DRL \u00e1mbar enmarcan la fachada frontal, mientras que los \u00e1ngulos marcados y las l\u00edneas limpias se combinan con manillas de puertas al ras para ofrecer una presencia distintiva y fuerte.<\/p>\n<p>Las llantas est\u00e1ndar son de aleaci\u00f3n de 16 pulgadas, mientras que la Seltos X-Line 2.0L viene con aleaciones m\u00e1s grandes de 18 pulgadas y la X-Line 1.6T lleva llantas de 19 pulgadas. El acabado X-Line tambi\u00e9n presenta parachoques y umbrales laterales \u00fanicos con detalles Piano Black y detalles oscuros en metal de arma, subrayando su personalidad distintiva.<\/p>\n<p><strong>Dise\u00f1o de interiores: Funcionalmente sofisticado<\/strong><\/p>\n<p>En el interior, el Seltos adopta una distribuci\u00f3n de habit\u00e1culo m\u00e1s sofisticada y centrada en la tecnolog\u00eda, inspirada en los modelos m\u00e1s grandes de Kia. Una interfaz digital panor\u00e1mica \u2013 con dos pantallas de 12,3 pulgadas y una pantalla de clima disponible \u2013 constituye el eje central del interior, apoyada por el sistema Connected Car Navigation Cockpit (ccNC) de Kia con capacidad de actualizaci\u00f3n por aire. Funciones disponibles como streaming en el coche, temas de visualizaci\u00f3n personalizables y un asistente de IA generativa mejoran a\u00fan m\u00e1s la conectividad y la usabilidad.<\/p>\n<p>El nuevo Seltos tambi\u00e9n introduce caracter\u00edsticas t\u00edpicamente asociadas a los segmentos superiores, incluyendo monitor de vista envolvente, monitor de punto ciego y controladores de memoria seat, and a panoramic sunroof. These enhancements are complemented by a clean, intuitive control layout that blends touch and physical interfaces for ease of use.<\/p>\n<p>La capacidad de carga y la usabilidad diaria tambi\u00e9n se han mejorado, con un mayor espacio para equipaje y soluciones flexibles de almacenamiento como suelos de carga ajustables y sistemas integrados de organizaci\u00f3n de carga. En conjunto, estas mejoras hacen del Seltos un compa\u00f1ero vers\u00e1til tanto para el estilo de vida urbano como al aire libre.<\/p>\n<p><strong>Trenes motrices Seltos: Tres formas de aventurarse<\/strong><\/p>\n<p>La elecci\u00f3n del tren motriz es una fortaleza clave del nuevo Seltos. Por primera vez, se ofrecer\u00e1 con tres opciones distintas: un motor atmosf\u00e9rico de 2.0 litros, un motor turboalimentado de 1.6 litros y un nuevo tren motriz h\u00edbrido introducido. Esto convierte a Seltos en uno de los pocos veh\u00edculos de su segmento que ofrece una gama tan diversa de sistemas de propulsi\u00f3n.<\/p>\n<p>El modelo h\u00edbrido combina un motor de 1,6 litros con un sistema electrificado dise\u00f1ado para ofrecer una mayor eficiencia y una experiencia de conducci\u00f3n similar a la de un veh\u00edculo el\u00e9ctrico. Tambi\u00e9n incorpora tracci\u00f3n total el\u00e9ctrica (e-AWD) disponible, proporcionando una mayor tracci\u00f3n y rendimiento cuando es necesario. Por su parte, el motor turboalimentado ofrece una mayor potencia, mientras que la tracci\u00f3n multimodo AWD disponible y hasta 8,1 pulgadas de altura libre refuerzan la capacidad del veh\u00edculo en diversas condiciones de conducci\u00f3n.<\/p>\n<p>Se espera que los modelos de gasolina salgan a la venta en Estados Unidos en el segundo trimestre de 2026, y la variante h\u00edbrida est\u00e1 prevista para m\u00e1s adelante ese a\u00f1o.<\/p>\n<figure class=\"wp-block-image size-full is-resized\"><img decoding=\"async\" loading=\"lazy\" width=\"640\" height=\"417\" src=\"https:\/\/viamarnoticias.com.do\/wp-content\/uploads\/2026\/04\/Photo-7-The-EV3-on-display-at-the-2026-New-York-International-Auto-Show.jpg\" alt=\"\" class=\"wp-image-4348\"><\/figure>\n<p><strong>Kia EV3 2027 completamente nuevo<\/strong><\/p>\n<p>El Kia EV3 debuta en Norteam\u00e9rica como un SUV el\u00e9ctrico compacto dise\u00f1ado para ampliar el acceso a la movilidad el\u00e9ctrica, combinando tecnolog\u00eda avanzada, autonom\u00eda pr\u00e1ctica y usabilidad diaria en un paquete del tama\u00f1o adecuado.<\/p>\n<p><strong>Enfrent\u00e1ndose desde fuera<\/strong><\/p>\n<p>Como el modelo m\u00e1s accesible de la creciente gama de veh\u00edculos el\u00e9ctricos de Kia, el EV3 incorpora la filosof\u00eda de dise\u00f1o 'Opposites United' de la marca y cuenta con el caracter\u00edstico concepto 'Star Map' DRL de Kia con faros LED de peque\u00f1o cubo est\u00e1ndar. Las luces dispuestas verticalmente resaltan la amplia parte frontal del EV3, mientras que las luces configuradas horizontalmente subrayan la \u00faltima interpretaci\u00f3n de la cara de tigre de Kia, dotando al EV3 de un aspecto expresivo y futurista y una personalidad que desprende una audacia similar a la de la EV9.<\/p>\n<p>El perfil aerodin\u00e1mico combina voladizos cortos y un techo inclinado que da una ilusi\u00f3n de 'flotaci\u00f3n'. Los ra\u00edles de techo a ras son est\u00e1ndar (los ra\u00edles tipo puente son opcionales). La l\u00ednea del techo vuelve a los pilotos traseros combinados que reflejan el dise\u00f1o del Mapa Estelar en la parte delantera. Los manillas ocultas de las puertas traseras favorecen la vista lateral limpia del EV3, similar a la del EV9.<\/p>\n<p><strong>Espacio, comodidad y utilidad interior<\/strong><\/p>\n<p>En el interior, el EV3 ofrece un habit\u00e1culo espacioso, flexible y de aspecto hogare\u00f1o, dise\u00f1ado para satisfacer las necesidades de una amplia gama de clientes. Una pantalla panor\u00e1mica \u2014compuesta por dos pantallas de 12,3 pulgadas y una pantalla clim\u00e1tica\u2014 constituye el n\u00facleo del interior, ofreciendo una experiencia de usuario altamente conectada. La distribuci\u00f3n enfatiza la simplicidad y la practicidad, con soluciones de almacenamiento flexibles y un dise\u00f1o limpio y abierto.<\/p>\n<p>La zona del conductor y del pasajero delantero presenta una disposici\u00f3n limpia y abierta con una consola central abierta que cuenta con portavasos retr\u00e1ctiles para permitir un almacenamiento flexible en objetos m\u00e1s grandes, junto con compartimentos abiertos y cubiertos.<\/p>\n<p>El control autom\u00e1tico de temperatura de doble zona (FATC), con asientos delanteros opcionalmente calefactados y ventilados de serie est\u00e1n instalados de serie, mientras que los pasajeros traseros pueden disfrutar de caracter\u00edsticas est\u00e1ndar como respaldos que se reclinan hasta 39 grados.<\/p>\n<p>El \u00e1rea de carga del EV3 ofrece amplitud y utilidad gracias a asientos traseros abatibles planos 60\/40, un espacio de carga de tama\u00f1o generoso, una cabina de equipaje est\u00e1ndar de dos posiciones con almacenamiento bajo el suelo, adem\u00e1s de un frunk. Tambi\u00e9n est\u00e1 disponible una puerta trasera Smart Power opcional.<\/p>\n<p><strong>Potencia y rendimiento electrificados<\/strong><\/p>\n<p>Construido sobre la Plataforma Modular Global El\u00e9ctrica (E-GMP) de Kia, el EV3 est\u00e1 disponible con dos opciones de bater\u00eda: una unidad est\u00e1ndar de 58,3 kWh y una bater\u00eda m\u00e1s grande de 81,4 kWh. Estas configuraciones ofrecen una autonom\u00eda estimada de hasta 320 millas en ciertos acabados, lo que convierte al EV3 en una opci\u00f3n pr\u00e1ctica tanto para desplazamientos diarios como para trayectos m\u00e1s largos.<\/p>\n<p>La capacidad de carga r\u00e1pida permite que la bater\u00eda cargue entre el 10 y el 80 por ciento en aproximadamente 29 minutos bajo condiciones \u00f3ptimas, permitiendo viajes de larga distancia c\u00f3modos. Un puerto de carga nativo NACS y la funcionalidad Plug and Charge simplifican a\u00fan m\u00e1s la experiencia de carga al permitir un acceso fluido a redes compatibles.<\/p>\n<p>El EV3 tambi\u00e9n introduce una serie de caracter\u00edsticas avanzadas dise\u00f1adas para mejorar la eficiencia y la facilidad de uso. Entre ellos se encuentran el sistema i-Pedal 3.0 de Kia para conducci\u00f3n con un solo pedal, un sistema adaptativo de regeneraci\u00f3n inteligente para optimizar la recuperaci\u00f3n de energ\u00eda y la capacidad disponible Vehicle-to-Load (V2L), que permite al veh\u00edculo suministrar energ\u00eda a dispositivos externos.<\/p>\n<p><strong>Equipado con comodidad, tecnolog\u00eda y conectividad<\/strong><\/p>\n<p>La conectividad y la tecnolog\u00eda a bordo son fundamentales en la experiencia EV3. El Connected Car Navigation Cockpit (ccNC) soporta actualizaciones por aire y una variedad de servicios digitales, incluyendo contenido en streaming, juegos y aplicaciones de productividad. Un asistente de IA basado en reconocimiento de voz permite una interacci\u00f3n m\u00e1s natural entre conductor y veh\u00edculo, mientras que funciones como Digital Key 2.0 permiten el acceso y control del veh\u00edculo desde smartphone.<\/p>\n<p>Los sistemas avanzados de asistencia al conductor mejoran a\u00fan m\u00e1s la seguridad y la comodidad, con funciones como Asistencia de Evitaci\u00f3n de Colisi\u00f3n Frontal, Asistencia de Conducci\u00f3n en Autopista 2 y Asistencia de Aparcamiento Inteligente a Distancia disponibles en toda la gama.<\/p>\n<p>El Kia EV3 2027 estar\u00e1 disponible en cinco acabados: Ligero, Viento, Tierra, GT-Line y GT, y saldr\u00e1 a la venta a finales de 2026. Los precios para el mercado norteamericano se anunciar\u00e1n m\u00e1s cerca de la fecha de salida del EV3.<\/p>\n<figure class=\"wp-block-image size-full is-resized\"><img decoding=\"async\" loading=\"lazy\" width=\"640\" height=\"426\" src=\"https:\/\/viamarnoticias.com.do\/wp-content\/uploads\/2026\/04\/Photo-8-The-PV5-WAV-on-display-at-the-2026-New-York-International-Auto-Show.jpg\" alt=\"\" class=\"wp-image-4349\"><\/figure>\n<p><strong>Concepto de WAV PV5<\/strong><\/p>\n<p>Tambi\u00e9n se present\u00f3 en Nueva York el concepto PV5 Wheelchair Accessible Vehicle (WAV), un veh\u00edculo totalmente el\u00e9ctrico y accesible para sillas de ruedas desarrollado en colaboraci\u00f3n con la principal empresa de conversi\u00f3n de WAV BraunAbility, demostrando el compromiso de la compa\u00f1\u00eda con la creaci\u00f3n de soluciones de movilidad m\u00e1s inclusivas y sostenibles.<\/p>\n<p>Basado en la estrategia PBV (Platform Beyond Vehicle) de Kia, el concepto de PV5, conforme a la Ley de Estadounidenses con Discapacidades (ADA), est\u00e1 dise\u00f1ado como una soluci\u00f3n de taxi y transporte compartido que aborda tanto los desaf\u00edos medioambientales como los de accesibilidad. El veh\u00edculo combina una plataforma el\u00e9ctrica dedicada con un dise\u00f1o enfocado en la accesibilidad, incluyendo una baja altura de escal\u00f3n y un acceso optimizado para usuarios de silla de ruedas.<\/p>\n<p>El concepto se ha desarrollado desde el principio pensando en la viabilidad de la producci\u00f3n real. La plataforma PV5 que sustenta el concepto ha sido dise\u00f1ada para soportar conversiones de veh\u00edculos, ayudando a reducir la complejidad de las modificaciones y mejorando la calidad y la eficiencia de costes para operadores y socios de conversi\u00f3n.<\/p>\n<p>Sangdae Kim, vicepresidente ejecutivo y jefe de la divisi\u00f3n de negocio PBV en Kia Corporation, declar\u00f3: <em>\"La colaboraci\u00f3n de Kia con BraunAbility beneficia a los implicados, ampliando los portafolios de productos existentes de ambas compa\u00f1\u00edas en el mercado estadounidense, al tiempo que se busca ofrecer mayor calidad y variedad a los operadores de veh\u00edculos y una mayor movilidad a los usuarios de WAV.\"<\/em><\/p>\n<p>Craig Schrimsher, presidente de BraunAbility Americas, a\u00f1adi\u00f3: <em>\"Durante a\u00f1os, a Nueva York le han dicho que tiene que elegir entre veh\u00edculos m\u00e1s limpios y accesibilidad. El PV5 WAV es la prueba de que el mismo taxi puede ofrecer ambas cosas, combinando la plataforma dedicada a veh\u00edculos el\u00e9ctricos de Kia con el liderazgo de dise\u00f1o accesible para sillas de ruedas de BraunAbility.\"<\/em><\/p>\n<p>Kia y BraunAbility han reinventado los veh\u00edculos de taxis y viajes compartidos con un enfoque en mejorar la movilidad para conductores, pasajeros y usuarios de silla de ruedas. Las caracter\u00edsticas incluyen sistemas integrados de sujeci\u00f3n para sillas de ruedas, incluyendo sujetos de sujeci\u00f3n y sujetadores dise\u00f1ados para ofrecer una experiencia de usuario coherente y segura. La disposici\u00f3n est\u00e1 pensada para mejorar la usabilidad no solo para usuarios de silla de ruedas, sino tambi\u00e9n para conductores y pasajeros en entornos urbanos de movilidad.<\/p>\n<p>El desarrollo del concepto de PV5 WAV ha estado informado por los comentarios de usuarios de sillas de ruedas, defensores de la movilidad y actores del sector. A partir de estos aportes, Kia y BraunAbility planean ampliar la evaluaci\u00f3n en el mundo real en Nueva York. La colaboraci\u00f3n con autoridades locales, operadores de flotas y organizaciones de personas con discapacidad ayudar\u00e1 a perfeccionar a\u00fan m\u00e1s el concepto.<\/p>\n<p>Al combinar la capacidad de cero emisiones con una mayor accesibilidad, el concepto PV5 WAV destaca la visi\u00f3n de Kia para soluciones de movilidad futuras que sean tanto responsables con el medio ambiente como socialmente inclusivas.<\/p>\n<\/p>\n<p>\u200b\u2022 Kia presenta tres grandes debuts en el Sal\u00f3n Internacional del Autom\u00f3vil de Nueva York 2026, atendiendo a una amplia gama de necesidades de los clientes<br \/>\n    \u2022 El nuevo Seltos: un SUV compacto m\u00e1s espacioso y capaz con espacio interior ampliado, conectividad avanzada y tres opciones de motorizaci\u00f3n, incluyendo una nueva variante h\u00edbrida<br \/>\n    \u2022 El SUV el\u00e9ctrico compacto EV3 aporta un dise\u00f1o inspirado en el EV9, una carga r\u00e1pida y hasta 320 millas de autonom\u00eda a un p\u00fablico m\u00e1s amplio<br \/>\n    \u2022 El concepto PV5 WAV, un taxi totalmente el\u00e9ctrico y accesible para sillas de rodas desarrollado con BraunAbility, dise\u00f1ado para promover la movilidad urbana sostenible e inclusiva.\u00a0\u00a0\u00daltimas Noticias, kia\u00a0<\/p>\n","protected":false},"excerpt":{"rendered":"<p>NUEVA YORK\/SE\u00daL, 1 de abril de 2026 \u2013 Kia ha presentado tres modelos clave en el Sal\u00f3n Internacional del Autom\u00f3vil de Nueva York 2026, demostrando su compromiso con ampliar la elecci\u00f3n del cliente en veh\u00edculos de combusti\u00f3n interna, h\u00edbridos y totalmente el\u00e9ctricos, al tiempo que avanza en soluciones de movilidad inclusivas para las necesidades futuras [&hellip;]<\/p>\n","protected":false},"author":1,"featured_media":10969,"comment_status":"open","ping_status":"open","sticky":false,"template":"","format":"standard","meta":{"amp_status":"","footnotes":""},"categories":[1],"tags":[],"class_list":["post-10968","post","type-post","status-publish","format-standard","has-post-thumbnail","hentry","category-mundo-motor"],"_links":{"self":[{"href":"https:\/\/ermdigital.com\/index.php\/wp-json\/wp\/v2\/posts\/10968","targetHints":{"allow":["GET"]}}],"collection":[{"href":"https:\/\/ermdigital.com\/index.php\/wp-json\/wp\/v2\/posts"}],"about":[{"href":"https:\/\/ermdigital.com\/index.php\/wp-json\/wp\/v2\/types\/post"}],"author":[{"embeddable":true,"href":"https:\/\/ermdigital.com\/index.php\/wp-json\/wp\/v2\/users\/1"}],"replies":[{"embeddable":true,"href":"https:\/\/ermdigital.com\/index.php\/wp-json\/wp\/v2\/comments?post=10968"}],"version-history":[{"count":0,"href":"https:\/\/ermdigital.com\/index.php\/wp-json\/wp\/v2\/posts\/10968\/revisions"}],"wp:featuredmedia":[{"embeddable":true,"href":"https:\/\/ermdigital.com\/index.php\/wp-json\/wp\/v2\/media\/10969"}],"wp:attachment":[{"href":"https:\/\/ermdigital.com\/index.php\/wp-json\/wp\/v2\/media?parent=10968"}],"wp:term":[{"taxonomy":"category","embeddable":true,"href":"https:\/\/ermdigital.com\/index.php\/wp-json\/wp\/v2\/categories?post=10968"},{"taxonomy":"post_tag","embeddable":true,"href":"https:\/\/ermdigital.com\/index.php\/wp-json\/wp\/v2\/tags?post=10968"}],"curies":[{"name":"wp","href":"https:\/\/api.w.org\/{rel}","templated":true}]}}