{"id":10948,"date":"2026-04-02T08:00:58","date_gmt":"2026-04-02T12:00:58","guid":{"rendered":"https:\/\/ermdigital.com\/index.php\/2026\/04\/02\/la-justicia-de-aragon-ha-demostrado-lo-caro-que-le-puede-salir-a-una-empresa-liarse-con-las-cartas-de-despido-46-665-euros\/"},"modified":"2026-04-02T08:00:58","modified_gmt":"2026-04-02T12:00:58","slug":"la-justicia-de-aragon-ha-demostrado-lo-caro-que-le-puede-salir-a-una-empresa-liarse-con-las-cartas-de-despido-46-665-euros","status":"publish","type":"post","link":"https:\/\/ermdigital.com\/index.php\/2026\/04\/02\/la-justicia-de-aragon-ha-demostrado-lo-caro-que-le-puede-salir-a-una-empresa-liarse-con-las-cartas-de-despido-46-665-euros\/","title":{"rendered":"La justicia de Arag\u00f3n ha demostrado lo caro que le puede salir a una empresa liarse con las cartas de despido: 46.665 euros"},"content":{"rendered":"<p>\n      <img decoding=\"async\" src=\"https:\/\/i.blogs.es\/526d57\/despedido-dos-veces\/1024_2000.jpeg\" alt=\"La justicia de Arag\u00f3n ha demostrado lo caro que le puede salir a una empresa liarse con las cartas de despido: 46.665 euros \">\n    <\/p>\n<p>Hay errores que se pueden corregir con una simple disculpa. Y luego hay errores que, <a class=\"text-outboundlink\" href=\"https:\/\/www.xataka.com\/empresas-y-economia\/empresa-despide-dos-veces-a-empleada-ocho-meses-declaran-nulos-vuelve-al-trabajo-25-000-euros\" data-vars-post-title=\"Una empresa despidi\u00f3 a la misma empleada dos veces en ocho meses. La justicia los ha anulado y vuelve al trabajo con 25.000 euros\" data-vars-post-url=\"https:\/\/www.xataka.com\/empresas-y-economia\/empresa-despide-dos-veces-a-empleada-ocho-meses-declaran-nulos-vuelve-al-trabajo-25-000-euros\">una vez cometidos<\/a>, tienen consecuencias legales que ninguna disculpa puede deshacer.<\/p>\n<p><!-- BREAK 1 --><\/p>\n<p>Una empresa de transporte de mercanc\u00edas de Huesca descubri\u00f3 esto de la peor manera posible cuando despidi\u00f3 a uno de sus empleados, se arrepinti\u00f3 d\u00edas despu\u00e9s, intentando dar marcha atr\u00e1s, para luego volver a despedirle. Todo ello mientras el trabajador estaba en casa de baja m\u00e9dica. Lo que parec\u00eda un l\u00edo burocr\u00e1tico interno acab\u00f3 en los tribunales y con una indemnizaci\u00f3n de m\u00e1s de 46.000 euros. Las cartas de despido <a class=\"text-outboundlink\" href=\"https:\/\/www.xataka.com\/empresas-y-economia\/hay-condicion-imprescindible-para-cobrar-paro-te-tienen-que-despedir-no-facil\" data-vars-post-title=\"Muchas empresas firman el paro a un trabajador que se marcha voluntariamente: el SEPE tiene un mensaje para ellos\" data-vars-post-url=\"https:\/\/www.xataka.com\/empresas-y-economia\/hay-condicion-imprescindible-para-cobrar-paro-te-tienen-que-despedir-no-facil\">las carga el diablo<\/a>.<\/p>\n<p><strong>Dos despidos, una baja y quince d\u00edas de caos<\/strong>. Tal y como se documenta <a rel=\"noopener, noreferrer\" href=\"https:\/\/www.poderjudicial.es\/search\/AN\/openDocument\/74c5dba9e05687caa0a8778d75e36f0d\/20251013\">en la sentencia<\/a> del caso que lleg\u00f3 hasta el Tribunal Superior de Justicia de Arag\u00f3n, el trabajador llevaba en la empresa desde 2011, con contrato indefinido, y acumulaba m\u00e1s de un a\u00f1o de baja m\u00e9dica por una lesi\u00f3n cervical cuando, el 14 de diciembre de 2023 recibi\u00f3 un burofax de su empresa comunic\u00e1ndole el <a class=\"text-outboundlink\" href=\"https:\/\/www.xataka.com\/empresas-y-economia\/las-empresas-han-encontrado-la-forma-de-despedir-indefinidos-tras-la-reforma-laboral-despido-disciplinario\" data-vars-post-title=\"\nLas empresas han encontrado la forma de despedir indefinidos tras la reforma laboral: despido disciplinario\" data-vars-post-url=\"https:\/\/www.xataka.com\/empresas-y-economia\/las-empresas-han-encontrado-la-forma-de-despedir-indefinidos-tras-la-reforma-laboral-despido-disciplinario\">despido disciplinario<\/a>. Seg\u00fan se indicaba en la carta de despido, el empleado hab\u00eda realizado <a class=\"text-outboundlink\" href=\"https:\/\/www.xataka.com\/empresas-y-economia\/tsj-castilla-leon-deja-claro-ir-a-peluqueria-ponerse-pulseras-no-suficiente-mercadona-te-despida\" data-vars-post-title=\"Ir a la peluquer\u00eda estando de baja no es motivo de despido: el TSJ de Castilla y Le\u00f3n se lo ha tenido que recordar a Mercadona\" data-vars-post-url=\"https:\/\/www.xataka.com\/empresas-y-economia\/tsj-castilla-leon-deja-claro-ir-a-peluqueria-ponerse-pulseras-no-suficiente-mercadona-te-despida\">actividades incompatibles<\/a> con su situaci\u00f3n de baja. El trabajador no tard\u00f3 en reaccionar e inici\u00f3 los tr\u00e1mites para impugnar el despido ante los tribunales. Pero entonces ocurri\u00f3 algo inesperado.<\/p>\n<p><!-- BREAK 2 --><\/p>\n<p>El 20 de diciembre, apenas seis d\u00edas despu\u00e9s, lleg\u00f3 un segundo burofax en el que la empresa declaraba que se anulaba ese primer despido y que en su lugar se abr\u00eda un expediente sancionador interno. No satisfechos con ello, el 29 de diciembre recibi\u00f3 un tercer burofax que conten\u00eda otra carta de despido, esta vez acompa\u00f1ada de la n\u00f3mina y el finiquito correspondiente. En el plazo de dos semanas, el empleado hab\u00eda recibido dos comunicaciones de despido y una anulaci\u00f3n mientras <a class=\"text-outboundlink\" href=\"https:\/\/www.xataka.com\/empresas-y-economia\/trabajador-sufrio-infarto-entro-uci-despidieron-solo-despido-tuvo-tres-clasificaciones-distintas\" data-vars-post-title=\"Un trabajador sufri\u00f3 un infarto, entr\u00f3 en la UCI y lo despidieron: tres jueces opinaron tres cosas distintas\" data-vars-post-url=\"https:\/\/www.xataka.com\/empresas-y-economia\/trabajador-sufrio-infarto-entro-uci-despidieron-solo-despido-tuvo-tres-clasificaciones-distintas\">segu\u00eda convaleciente en casa<\/a>.<\/p>\n<div class=\"article-asset article-asset-normal article-asset-center\">\n<div class=\"desvio-container\">\n<div class=\"desvio\">\n<div class=\"desvio-figure js-desvio-figure\">\n    <a href=\"https:\/\/www.xataka.com\/empresas-y-economia\/no-soportas-a-tu-jefe-puedes-renunciar-necesitas-dar-preaviso-baja-voluntaria-como-cuando-hay-que-darlo\" class=\"pivot-outboundlink\" data-vars-post-title=\"Si renuncias, necesitas dar un preaviso de baja voluntaria: c\u00f3mo y cu\u00e1ndo hay que darlo\"><br \/>\n     <img loading=\"lazy\" decoding=\"async\" alt=\"Si renuncias, necesitas dar un preaviso de baja voluntaria: c\u00f3mo y cu\u00e1ndo hay que darlo\" width=\"375\" height=\"142\" src=\"https:\/\/i.blogs.es\/c6bca9\/vitaly-gariev-5op64lvhetw-unsplash\/375_142.jpeg\"><br \/>\n    <\/a>\n   <\/div>\n<div class=\"desvio-summary\">\n<div class=\"desvio-taxonomy js-desvio-taxonomy\">\n     <a href=\"https:\/\/www.xataka.com\/empresas-y-economia\/no-soportas-a-tu-jefe-puedes-renunciar-necesitas-dar-preaviso-baja-voluntaria-como-cuando-hay-que-darlo\" class=\"desvio-taxonomy-anchor pivot-outboundlink\" data-vars-post-title=\"Si renuncias, necesitas dar un preaviso de baja voluntaria: c\u00f3mo y cu\u00e1ndo hay que darlo\">En Xataka<\/a>\n    <\/div>\n<p>    <a href=\"https:\/\/www.xataka.com\/empresas-y-economia\/no-soportas-a-tu-jefe-puedes-renunciar-necesitas-dar-preaviso-baja-voluntaria-como-cuando-hay-que-darlo\" class=\"desvio-title js-desvio-title pivot-outboundlink\" data-vars-post-title=\"Si renuncias, necesitas dar un preaviso de baja voluntaria: c\u00f3mo y cu\u00e1ndo hay que darlo\">Si renuncias, necesitas dar un preaviso de baja voluntaria: c\u00f3mo y cu\u00e1ndo hay que darlo<\/a>\n   <\/div>\n<\/p><\/div>\n<\/p><\/div>\n<\/div>\n<p><strong>Por qu\u00e9 la empresa quiso dar marcha atr\u00e1s<\/strong>. Tal y como recoge la sentencia, la empresa argument\u00f3 que el primer despido hab\u00eda sido un error de procedimiento y consideraba que la carta inicial <a class=\"text-outboundlink\" href=\"https:\/\/www.xataka.com\/empresas-y-economia\/impresentable-sentido-justicia-declara-improcedente-despido-carta-copiada-internet\" data-vars-post-title='\"Impresentable\" y sin sentido: la justicia declara improcedente un despido por una carta generada con una IA' data-vars-post-url=\"https:\/\/www.xataka.com\/empresas-y-economia\/impresentable-sentido-justicia-declara-improcedente-despido-carta-copiada-internet\">ten\u00eda defectos formales<\/a> relacionados con el convenio colectivo aplicable, ya que el trabajador hab\u00eda cuestionado por correo electr\u00f3nico si correspond\u00eda aplicar el convenio de transporte de mercanc\u00edas o el de la industria qu\u00edmica. La intenci\u00f3n de la empresa era anular ese primer despido, abrir el expediente sancionador correcto y emitir una nueva carta en regla. Desde su punto de vista, el \u00fanico despido real era el del 29 de diciembre, que nunca hab\u00eda sido impugnado por el trabajador.<\/p>\n<p><!-- BREAK 3 --><\/p>\n<p>La empresa tambi\u00e9n intent\u00f3 demostrar ante el tribunal que el motivo de fondo del despido era leg\u00edtimo: un <a class=\"text-outboundlink\" href=\"https:\/\/www.xataka.com\/empresas-y-economia\/hay-boom-absentismo-laboral-espana-asi-que-ha-surgido-otro-boom-paralelo-detectives-privados-investigandolos\" data-vars-post-title=\"La mayor\u00eda de las bajas m\u00e9dicas que se investigan son un fraude. El matiz es que solo se investigan si hay indicios de fraude\" data-vars-post-url=\"https:\/\/www.xataka.com\/empresas-y-economia\/hay-boom-absentismo-laboral-espana-asi-que-ha-surgido-otro-boom-paralelo-detectives-privados-investigandolos\">informe de detective privado<\/a> registraba al trabajador realizando actividad f\u00edsica durante su baja m\u00e9dica, lo que interpretaba como una simulaci\u00f3n de la incapacidad o, al menos, como una conducta <a class=\"text-outboundlink\" href=\"https:\/\/www.xataka.com\/legislacion-y-derechos\/pregunta-puedes-irte-vacaciones-hacer-deporte-estando-baja-justicia-tiene-respuesta-depende\" data-vars-post-title=\"Resolviendo los dos grandes dilemas del trabajador de baja: si puede o no puede irse de vacaciones o hacer deporte\" data-vars-post-url=\"https:\/\/www.xataka.com\/legislacion-y-derechos\/pregunta-puedes-irte-vacaciones-hacer-deporte-estando-baja-justicia-tiene-respuesta-depende\">incompatible con la recuperaci\u00f3n<\/a>.<\/p>\n<p><!-- BREAK 4 --><\/p>\n<p><strong>Una carta de despido no es un borrador<\/strong>. El problema para la empresa es que la carta de despido no es una simple comunicaci\u00f3n administrativa con el empleado, sino que es un documento con valor jur\u00eddico clave con el que se arranca todo un proceso de despido con plazos y procedimientos muy bien definidos para dar las m\u00e1ximas garant\u00edas tanto a las empresas como a los empleados. El <a rel=\"noopener, noreferrer\" href=\"https:\/\/www.boe.es\/buscar\/act.php?id=BOE-A-2015-11430#:~:text=El%20despido%20deber%C3%A1%20ser%20notificado%20por%20escrito%20al%20trabajador%2C%20haciendo%20figurar%20los%20hechos%20que%20lo%20motivan%20y%20la%20fecha%20en%20que%20tendr%C3%A1%20efectos\">art\u00edculo 55.1 del Estatuto de los Trabajadores<\/a> establece que el despido disciplinario debe notificarse por escrito, con los hechos que lo motivan y la fecha de efectos. Una vez entregada esa carta, se pone en marcha un mecanismo legal que ninguna de las dos partes puede detener de forma unilateral.<\/p>\n<p><!-- BREAK 5 --><\/p>\n<p>La propia ley contempla la posibilidad de que la empresa se retracte del despido y da una salida para cuando una empresa quiere corregir un despido mal formulado, pero tal y como recoge el art\u00edculo 55.2 del Estatuto de los Trabajadores, est\u00e1 sujeta a condiciones y plazos muy precisos. Adem\u00e1s, solo se admite si, durante ese tiempo de rectificaci\u00f3n, la empresa mantiene al trabajador dado de alta en la Seguridad Social y le abona todos los salarios. En este caso, la sentencia recoge que no qued\u00f3 acreditado que la empresa hubiera cumplido con ese requisito, lo que bloque\u00f3 esa v\u00eda de rectificaci\u00f3n.<\/p>\n<p><!-- BREAK 6 --><\/p>\n<div class=\"article-asset article-asset-normal article-asset-center\">\n<div class=\"desvio-container\">\n<div class=\"desvio\">\n<div class=\"desvio-figure js-desvio-figure\">\n    <a href=\"https:\/\/www.xataka.com\/empresas-y-economia\/pregunta-pueden-geolocalizarte-durante-tu-jornada-laboral-usarlo-para-despedirte-justicia-no-deja-dudas\" class=\"pivot-outboundlink\" data-vars-post-title=\"La justicia lo deja claro y un trabajador asturiano lo comprob\u00f3: la empresa puede geolocalizar d\u00f3nde terminas tu jornada\"><br \/>\n     <img loading=\"lazy\" decoding=\"async\" alt=\"La justicia lo deja claro y un trabajador asturiano lo comprob\u00f3: la empresa puede geolocalizar d\u00f3nde terminas tu jornada\" width=\"375\" height=\"142\" src=\"https:\/\/i.blogs.es\/857806\/fichar\/375_142.jpeg\"><br \/>\n    <\/a>\n   <\/div>\n<div class=\"desvio-summary\">\n<div class=\"desvio-taxonomy js-desvio-taxonomy\">\n     <a href=\"https:\/\/www.xataka.com\/empresas-y-economia\/pregunta-pueden-geolocalizarte-durante-tu-jornada-laboral-usarlo-para-despedirte-justicia-no-deja-dudas\" class=\"desvio-taxonomy-anchor pivot-outboundlink\" data-vars-post-title=\"La justicia lo deja claro y un trabajador asturiano lo comprob\u00f3: la empresa puede geolocalizar d\u00f3nde terminas tu jornada\">En Xataka<\/a>\n    <\/div>\n<p>    <a href=\"https:\/\/www.xataka.com\/empresas-y-economia\/pregunta-pueden-geolocalizarte-durante-tu-jornada-laboral-usarlo-para-despedirte-justicia-no-deja-dudas\" class=\"desvio-title js-desvio-title pivot-outboundlink\" data-vars-post-title=\"La justicia lo deja claro y un trabajador asturiano lo comprob\u00f3: la empresa puede geolocalizar d\u00f3nde terminas tu jornada\">La justicia lo deja claro y un trabajador asturiano lo comprob\u00f3: la empresa puede geolocalizar d\u00f3nde terminas tu jornada<\/a>\n   <\/div>\n<\/p><\/div>\n<\/p><\/div>\n<\/div>\n<p><strong>Sin la aceptaci\u00f3n del trabajador, no hay vuelta atr\u00e1s<\/strong>. Por otro lado, y m\u00e1s all\u00e1 de los tr\u00e1mites administrativos, hay un requisito adicional que la empresa tampoco cumpli\u00f3 en su proceso de rectificaci\u00f3n del primer despido: para que la relaci\u00f3n laboral se restaure, el trabajador que ha sido despedido tiene que aceptarlo expresamente. No basta con que la empresa declare por su cuenta que el despido queda sin efecto. El Tribunal Supremo <a rel=\"noopener, noreferrer\" href=\"https:\/\/www.poderjudicial.es\/search\/AN\/openDocument\/bcb97187a7842ab3\/20091203\">ya estableci\u00f3<\/a> que un despido comunicado determina que el trabajador no est\u00e1 obligado a aceptar ninguna retractaci\u00f3n posterior de la empresa, y que reclamar ante los tribunales en esa situaci\u00f3n no constituye ning\u00fan tipo de abuso.<\/p>\n<p><!-- BREAK 7 --><\/p>\n<p>En este caso, el empleado no acept\u00f3 expl\u00edcitamente la anulaci\u00f3n del primer despido ni regres\u00f3 a su puesto. El correo electr\u00f3nico que envi\u00f3 a la empresa cuestionando el convenio colectivo aplicable no fue considerado por el tribunal como una aceptaci\u00f3n t\u00e1cita de la vuelta atr\u00e1s, sino precisamente como la confirmaci\u00f3n de su situaci\u00f3n como despedido. La relaci\u00f3n laboral, a ojos de la ley, hab\u00eda quedado extinguida el 14 de diciembre y ninguna comunicaci\u00f3n posterior de la empresa pod\u00eda cambiar eso de forma unilateral.<\/p>\n<p><!-- BREAK 8 --><\/p>\n<div class=\"article-asset-video article-asset-normal\">\n<div class=\"asset-content\">\n<div class=\"base-asset-video\">\n<div class=\"js-dailymotion\"><\/div>\n<\/p><\/div>\n<\/p><\/div>\n<\/div>\n<p><strong>El desenlace: m\u00e1s de 46.000 euros de indemnizaci\u00f3n<\/strong>. El TSJ de Arag\u00f3n descart\u00f3 tambi\u00e9n el argumento sobre la actividad f\u00edsica durante la baja. Qued\u00f3 acreditado que las salidas <a class=\"text-outboundlink\" href=\"https:\/\/www.xataka.com\/empresas-y-economia\/hacer-manicura-estaba-baja-estuvo-a-punto-costarle-trabajo-le-salvo-detective-que-no-supo-hacer-suyo\" data-vars-post-title=\"La justicia lo deja claro: los detectives privados que investigan a los empleados de baja tambi\u00e9n deben cumplir la ley\" data-vars-post-url=\"https:\/\/www.xataka.com\/empresas-y-economia\/hacer-manicura-estaba-baja-estuvo-a-punto-costarle-trabajo-le-salvo-detective-que-no-supo-hacer-suyo\">registradas por el detective<\/a> eran paseos o carreras de unos 40 minutos de duraci\u00f3n moderada que, seg\u00fan la valoraci\u00f3n m\u00e9dica, no estaban contraindicadas para la recuperaci\u00f3n de la lesi\u00f3n cervical del trabajador.<\/p>\n<p><!-- BREAK 9 --><\/p>\n<p>Con todos esos argumentos sobre la mesa, el tribunal declar\u00f3 improcedente el despido, el primero, porque el segundo no ten\u00eda ya ning\u00fan valor legal, y fij\u00f3 una indemnizaci\u00f3n de 46.665,34 euros, <a class=\"text-outboundlink\" href=\"https:\/\/www.xataka.com\/empresas-y-economia\/indemnizacion-despido-cuando-hay-derecho-a-cobrarla-tipo-despido-como-se-calcula\" data-vars-post-title=\"Indemnizaci\u00f3n por despido: cu\u00e1ndo hay derecho a cobrarla seg\u00fan el tipo de despido y c\u00f3mo se calcula\" data-vars-post-url=\"https:\/\/www.xataka.com\/empresas-y-economia\/indemnizacion-despido-cuando-hay-derecho-a-cobrarla-tipo-despido-como-se-calcula\">calculada en funci\u00f3n de la antig\u00fcedad<\/a> del trabajador. La empresa recurri\u00f3 esa decisi\u00f3n ante el Tribunal Superior de Justicia de Arag\u00f3n, que la confirm\u00f3 \u00edntegramente y la conden\u00f3, adem\u00e1s, a pagar 800 euros en concepto de costas. Las cartas de despido, sobre todo si no est\u00e1n bien formuladas, las carga el diablo.<\/p>\n<p>En Xataka | <a class=\"text-outboundlink\" href=\"https:\/\/www.xataka.com\/empresas-y-economia\/llevaba-16-anos-notaria-le-despidieron-no-superar-periodo-prueba-supremo-termino-viendo-evidente\" data-vars-post-title=\"Llevaba 16 a\u00f1os en la misma notar\u00eda y le despidieron por no superar el periodo de prueba: el Supremo termin\u00f3 viendo lo evidente\" data-vars-post-url=\"https:\/\/www.xataka.com\/empresas-y-economia\/llevaba-16-anos-notaria-le-despidieron-no-superar-periodo-prueba-supremo-termino-viendo-evidente\">Llevaba 16 a\u00f1os en la misma notar\u00eda y le despidieron por no superar el periodo de prueba: el Supremo termin\u00f3 viendo lo evidente<\/a><\/p>\n<p>Imagen | Freepik<\/p>\n<p> &#8211; <br \/> La noticia<br \/>\n      <a href=\"https:\/\/www.xataka.com\/empresas-y-economia\/justicia-aragon-ha-demostrado-caro-que-le-puede-salir-a-empresa-liarse-cartas-despido-46-665-euros?utm_source=feedburner&amp;utm_medium=feed&amp;utm_campaign=02_Apr_2026\"><br \/>\n       <em> La justicia de Arag\u00f3n ha demostrado lo caro que le puede salir a una empresa liarse con las cartas de despido: 46.665 euros  <\/em><br \/>\n      <\/a><br \/>\n      fue publicada originalmente en<br \/>\n      <a href=\"https:\/\/www.xataka.com\/?utm_source=feedburner&amp;utm_medium=feed&amp;utm_campaign=02_Apr_2026\"><br \/>\n       <strong> Xataka <\/strong><br \/>\n      <\/a><br \/>\n             por <a href=\"https:\/\/www.xataka.com\/autor\/ruben-andres?utm_source=feedburner&amp;utm_medium=feed&amp;utm_campaign=02_Apr_2026\"><br \/>\n        Rub\u00e9n Andr\u00e9s<br \/>\n       <\/a><br \/>\n      . <\/p>\n<p>\u00a0Hay errores que se pueden corregir con una simple disculpa. Y luego hay errores que, una vez cometidos, tienen consecuencias legales que ninguna disculpa puede deshacer.<br \/>\nUna empresa de transporte de mercanc\u00edas de Huesca descubri\u00f3 esto de la peor manera posible cuando despidi\u00f3 a uno de sus empleados, se arrepinti\u00f3 d\u00edas despu\u00e9s, intentando dar marcha atr\u00e1s, para luego volver a despedirle. Todo ello mientras el trabajador estaba en casa de baja m\u00e9dica. Lo que parec\u00eda un l\u00edo burocr\u00e1tico interno acab\u00f3 en los tribunales y con una indemnizaci\u00f3n de m\u00e1s de 46.000 euros. Las cartas de despido las carga el diablo.<br \/>\nDos despidos, una baja y quince d\u00edas de caos. Tal y como se documenta en la sentencia del caso que lleg\u00f3 hasta el Tribunal Superior de Justicia de Arag\u00f3n, el trabajador llevaba en la empresa desde 2011, con contrato indefinido, y acumulaba m\u00e1s de un a\u00f1o de baja m\u00e9dica por una lesi\u00f3n cervical cuando, el 14 de diciembre de 2023 recibi\u00f3 un burofax de su empresa comunic\u00e1ndole el despido disciplinario. Seg\u00fan se indicaba en la carta de despido, el empleado hab\u00eda realizado actividades incompatibles con su situaci\u00f3n de baja. El trabajador no tard\u00f3 en reaccionar e inici\u00f3 los tr\u00e1mites para impugnar el despido ante los tribunales. Pero entonces ocurri\u00f3 algo inesperado.<br \/>\nEl 20 de diciembre, apenas seis d\u00edas despu\u00e9s, lleg\u00f3 un segundo burofax en el que la empresa declaraba que se anulaba ese primer despido y que en su lugar se abr\u00eda un expediente sancionador interno. No satisfechos con ello, el 29 de diciembre recibi\u00f3 un tercer burofax que conten\u00eda otra carta de despido, esta vez acompa\u00f1ada de la n\u00f3mina y el finiquito correspondiente. En el plazo de dos semanas, el empleado hab\u00eda recibido dos comunicaciones de despido y una anulaci\u00f3n mientras segu\u00eda convaleciente en casa.<\/p>\n<p>     En Xataka<\/p>\n<p>    Si renuncias, necesitas dar un preaviso de baja voluntaria: c\u00f3mo y cu\u00e1ndo hay que darlo<\/p>\n<p>Por qu\u00e9 la empresa quiso dar marcha atr\u00e1s. Tal y como recoge la sentencia, la empresa argument\u00f3 que el primer despido hab\u00eda sido un error de procedimiento y consideraba que la carta inicial ten\u00eda defectos formales relacionados con el convenio colectivo aplicable, ya que el trabajador hab\u00eda cuestionado por correo electr\u00f3nico si correspond\u00eda aplicar el convenio de transporte de mercanc\u00edas o el de la industria qu\u00edmica. La intenci\u00f3n de la empresa era anular ese primer despido, abrir el expediente sancionador correcto y emitir una nueva carta en regla. Desde su punto de vista, el \u00fanico despido real era el del 29 de diciembre, que nunca hab\u00eda sido impugnado por el trabajador.<\/p>\n<p>La empresa tambi\u00e9n intent\u00f3 demostrar ante el tribunal que el motivo de fondo del despido era leg\u00edtimo: un informe de detective privado registraba al trabajador realizando actividad f\u00edsica durante su baja m\u00e9dica, lo que interpretaba como una simulaci\u00f3n de la incapacidad o, al menos, como una conducta incompatible con la recuperaci\u00f3n.<\/p>\n<p>Una carta de despido no es un borrador. El problema para la empresa es que la carta de despido no es una simple comunicaci\u00f3n administrativa con el empleado, sino que es un documento con valor jur\u00eddico clave con el que se arranca todo un proceso de despido con plazos y procedimientos muy bien definidos para dar las m\u00e1ximas garant\u00edas tanto a las empresas como a los empleados. El art\u00edculo 55.1 del Estatuto de los Trabajadores establece que el despido disciplinario debe notificarse por escrito, con los hechos que lo motivan y la fecha de efectos. Una vez entregada esa carta, se pone en marcha un mecanismo legal que ninguna de las dos partes puede detener de forma unilateral.<\/p>\n<p>La propia ley contempla la posibilidad de que la empresa se retracte del despido y da una salida para cuando una empresa quiere corregir un despido mal formulado, pero tal y como recoge el art\u00edculo 55.2 del Estatuto de los Trabajadores, est\u00e1 sujeta a condiciones y plazos muy precisos. Adem\u00e1s, solo se admite si, durante ese tiempo de rectificaci\u00f3n, la empresa mantiene al trabajador dado de alta en la Seguridad Social y le abona todos los salarios. En este caso, la sentencia recoge que no qued\u00f3 acreditado que la empresa hubiera cumplido con ese requisito, lo que bloque\u00f3 esa v\u00eda de rectificaci\u00f3n.<\/p>\n<p>     En Xataka<\/p>\n<p>    La justicia lo deja claro y un trabajador asturiano lo comprob\u00f3: la empresa puede geolocalizar d\u00f3nde terminas tu jornada<\/p>\n<p>Sin la aceptaci\u00f3n del trabajador, no hay vuelta atr\u00e1s. Por otro lado, y m\u00e1s all\u00e1 de los tr\u00e1mites administrativos, hay un requisito adicional que la empresa tampoco cumpli\u00f3 en su proceso de rectificaci\u00f3n del primer despido: para que la relaci\u00f3n laboral se restaure, el trabajador que ha sido despedido tiene que aceptarlo expresamente. No basta con que la empresa declare por su cuenta que el despido queda sin efecto. El Tribunal Supremo ya estableci\u00f3 que un despido comunicado determina que el trabajador no est\u00e1 obligado a aceptar ninguna retractaci\u00f3n posterior de la empresa, y que reclamar ante los tribunales en esa situaci\u00f3n no constituye ning\u00fan tipo de abuso.<\/p>\n<p>En este caso, el empleado no acept\u00f3 expl\u00edcitamente la anulaci\u00f3n del primer despido ni regres\u00f3 a su puesto. El correo electr\u00f3nico que envi\u00f3 a la empresa cuestionando el convenio colectivo aplicable no fue considerado por el tribunal como una aceptaci\u00f3n t\u00e1cita de la vuelta atr\u00e1s, sino precisamente como la confirmaci\u00f3n de su situaci\u00f3n como despedido. La relaci\u00f3n laboral, a ojos de la ley, hab\u00eda quedado extinguida el 14 de diciembre y ninguna comunicaci\u00f3n posterior de la empresa pod\u00eda cambiar eso de forma unilateral.<\/p>\n<p>El desenlace: m\u00e1s de 46.000 euros de indemnizaci\u00f3n. El TSJ de Arag\u00f3n descart\u00f3 tambi\u00e9n el argumento sobre la actividad f\u00edsica durante la baja. Qued\u00f3 acreditado que las salidas registradas por el detective eran paseos o carreras de unos 40 minutos de duraci\u00f3n moderada que, seg\u00fan la valoraci\u00f3n m\u00e9dica, no estaban contraindicadas para la recuperaci\u00f3n de la lesi\u00f3n cervical del trabajador.<br \/>\nCon todos esos argumentos sobre la mesa, el tribunal declar\u00f3 improcedente el despido, el primero, porque el segundo no ten\u00eda ya ning\u00fan valor legal, y fij\u00f3 una indemnizaci\u00f3n de 46.665,34 euros, calculada en funci\u00f3n de la antig\u00fcedad del trabajador. La empresa recurri\u00f3 esa decisi\u00f3n ante el Tribunal Superior de Justicia de Arag\u00f3n, que la confirm\u00f3 \u00edntegramente y la conden\u00f3, adem\u00e1s, a pagar 800 euros en concepto de costas. Las cartas de despido, sobre todo si no est\u00e1n bien formuladas, las carga el diablo.<br \/>\nEn Xataka | Llevaba 16 a\u00f1os en la misma notar\u00eda y le despidieron por no superar el periodo de prueba: el Supremo termin\u00f3 viendo lo evidente<br \/>\nImagen | Freepik<\/p>\n<p>                 &#8211;  La noticia<\/p>\n<p>        La justicia de Arag\u00f3n ha demostrado lo caro que le puede salir a una empresa liarse con las cartas de despido: 46.665 euros  <\/p>\n<p>      fue publicada originalmente en<\/p>\n<p>        Xataka <\/p>\n<p>             por<br \/>\n        Rub\u00e9n Andr\u00e9s<\/p>\n<p>      .\u00a0\u00a0\u00a0<\/p>\n","protected":false},"excerpt":{"rendered":"<p>Hay errores que se pueden corregir con una simple disculpa. Y luego hay errores que, una vez cometidos, tienen consecuencias legales que ninguna disculpa puede deshacer. Una empresa de transporte de mercanc\u00edas de Huesca descubri\u00f3 esto de la peor manera posible cuando despidi\u00f3 a uno de sus empleados, se arrepinti\u00f3 d\u00edas despu\u00e9s, intentando dar marcha [&hellip;]<\/p>\n","protected":false},"author":1,"featured_media":10949,"comment_status":"open","ping_status":"open","sticky":false,"template":"","format":"standard","meta":{"amp_status":"","footnotes":""},"categories":[6],"tags":[],"class_list":["post-10948","post","type-post","status-publish","format-standard","has-post-thumbnail","hentry","category-ciencia-y-tecnologia"],"_links":{"self":[{"href":"https:\/\/ermdigital.com\/index.php\/wp-json\/wp\/v2\/posts\/10948","targetHints":{"allow":["GET"]}}],"collection":[{"href":"https:\/\/ermdigital.com\/index.php\/wp-json\/wp\/v2\/posts"}],"about":[{"href":"https:\/\/ermdigital.com\/index.php\/wp-json\/wp\/v2\/types\/post"}],"author":[{"embeddable":true,"href":"https:\/\/ermdigital.com\/index.php\/wp-json\/wp\/v2\/users\/1"}],"replies":[{"embeddable":true,"href":"https:\/\/ermdigital.com\/index.php\/wp-json\/wp\/v2\/comments?post=10948"}],"version-history":[{"count":0,"href":"https:\/\/ermdigital.com\/index.php\/wp-json\/wp\/v2\/posts\/10948\/revisions"}],"wp:featuredmedia":[{"embeddable":true,"href":"https:\/\/ermdigital.com\/index.php\/wp-json\/wp\/v2\/media\/10949"}],"wp:attachment":[{"href":"https:\/\/ermdigital.com\/index.php\/wp-json\/wp\/v2\/media?parent=10948"}],"wp:term":[{"taxonomy":"category","embeddable":true,"href":"https:\/\/ermdigital.com\/index.php\/wp-json\/wp\/v2\/categories?post=10948"},{"taxonomy":"post_tag","embeddable":true,"href":"https:\/\/ermdigital.com\/index.php\/wp-json\/wp\/v2\/tags?post=10948"}],"curies":[{"name":"wp","href":"https:\/\/api.w.org\/{rel}","templated":true}]}}