{"id":10727,"date":"2026-04-01T21:17:30","date_gmt":"2026-04-02T01:17:30","guid":{"rendered":"https:\/\/ermdigital.com\/index.php\/2026\/04\/01\/la-candidata-colombiana-paloma-valencia-conversa-por-videollamada-con-maria-corina-machado\/"},"modified":"2026-04-01T21:17:30","modified_gmt":"2026-04-02T01:17:30","slug":"la-candidata-colombiana-paloma-valencia-conversa-por-videollamada-con-maria-corina-machado","status":"publish","type":"post","link":"https:\/\/ermdigital.com\/index.php\/2026\/04\/01\/la-candidata-colombiana-paloma-valencia-conversa-por-videollamada-con-maria-corina-machado\/","title":{"rendered":"La candidata colombiana Paloma Valencia conversa por videollamada con Mar\u00eda Corina Machado"},"content":{"rendered":"<p><strong>Bogot\u00e1.- <\/strong>La candidata presidencial colombiana <a href=\"https:\/\/deultimominuto.net\/enlaces\/\" data-type=\"page\" data-id=\"491852\">Paloma Valencia,<\/a> del partido de derecha Centro Democr\u00e1tico, convers\u00f3 este mi\u00e9rcoles por videollamada con la opositora de Venezuela Mar\u00eda Corina Machado, ganadora del premio Nobel de la Paz el a\u00f1o pasado, de quien destac\u00f3 \u00absu coraje y liderazgo\u00bb.<\/p>\n<p>\u00abAgradezco a nuestra hero\u00edna Mar\u00eda Corina Machado por su llamada de esta tarde. Es muy valioso contar con la colaboraci\u00f3n de todo su equipo para cuidar la democracia en Colombia. Su coraje y liderazgo son fuente de inspiraci\u00f3n para todos\u00bb, expres\u00f3 la senadora Valencia en un mensaje publicado en X.<\/p>\n<p>En el di\u00e1logo, seg\u00fan una foto publicada por Valencia, tambi\u00e9n participaron el opositor venezolano Humberto Villalobos, uno de los seis antichavistas que estuvo asilado en la residencia de la Embajada de Argentina en Caracas durante 14 meses, y Pedro Urruchurtu, director de relaciones internacionales del partido Vente Venezuela, liderado por Machado.<\/p>\n<figure class=\"wp-block-image size-full\"><img loading=\"lazy\" decoding=\"async\" width=\"692\" height=\"774\" src=\"https:\/\/cdn.deultimominuto.net\/wp-content\/uploads\/2026\/04\/Paloma-Valencia-Corina-Machado-2.webp\" alt=\"La candidata colombiana Paloma Valencia conversa por videollamada con Mar\u00eda Corina Machado\" class=\"wp-image-634516\" title=\"La candidata colombiana Paloma Valencia conversa por videollamada con Mar\u00eda Corina Machado | 1 |\"><figcaption class=\"wp-element-caption\">La candidata colombiana Paloma Valencia conversa por videollamada con Mar\u00eda Corina Machado<\/figcaption><\/figure>\n<h4 class=\"wp-block-heading\"><strong>Valencia, en la lucha por llegar a segunda vuelta<\/strong><\/h4>\n<p>El pasado 22 de marzo, Valencia subi\u00f3 al segundo lugar en la intenci\u00f3n de voto para\u00a0las elecciones presidenciales del pr\u00f3ximo 31 de mayo en Colombia,<a href=\"https:\/\/efe.com\/mundo\/2026-03-10\/campana-presidencial-colombia-elecciones\/\" target=\"_blank\" rel=\"noreferrer noopener\">\u00a0<\/a>seg\u00fan una encuesta que apunta a un empate t\u00e9cnico con el izquierdista Iv\u00e1n Cepeda en una eventual segunda vuelta.<\/p>\n<h4 class=\"wp-block-heading\"><strong>Recomendamos leer:<a href=\"https:\/\/deultimominuto.net\/enlaces\/\" data-type=\"page\" data-id=\"491852\"> Mueren cuatro trabajadores al quedar atrapados en una mina de carb\u00f3n en el norte de China<\/a><\/strong><a href=\"https:\/\/deultimominuto.net\/category\/internacionales\/\"><\/a><\/h4>\n<p>Cepeda, candidato del Pacto Hist\u00f3rico, partido del presidente de Colombia, Gustavo Petro,\u00a0se mantiene al frente de la intenci\u00f3n de voto, <a href=\"https:\/\/efe.com\/mundo\/2026-03-28\/cepeda-lidera-encuesta-colombia\/\" target=\"_blank\" rel=\"noreferrer noopener\">con el 34,5 %,\u00a0<\/a>mientras Valencia marca el 22,2 % y desbanca del segundo lugar al ultraderechista Abelardo de la Espriella, del movimiento Defensores de la Patria (15,4 %), se\u00f1ala la encuesta del Centro Nacional de Consultor\u00eda (CNC).<\/p>\n<p>Sin embargo, otra encuesta de las firmas Guarumo y Ecoanal\u00edtica para el diario El Tiempo, el s\u00e1bado pasado, se\u00f1al\u00f3 que Cepeda se mantiene adelante con el 37,5 % de la intenci\u00f3n de voto.<\/p>\n<p>El segundo lugar muestra un apretada disputa entre el abogado De la Espriella (20,2 %) y la senadora Valencia (19,9 %), una diferencia m\u00ednima que configura empate t\u00e9cnico si se tiene en cuenta que el margen de error de la encuesta es del 2,2 %.<\/p>\n<p>En caso de una segunda vuelta el 21 de junio, que a estas alturas parece inevitable, Cepeda vencer\u00eda a De la Espriella con el 44,9 % contra el 36,4 %.<\/p>\n<p>Si la segunda vuelta es con Valencia, Cepeda se impondr\u00eda por un margen m\u00e1s estrecho, del 43,3 % contra el 40 %, agrega la encuesta de Guarumo y Ecoanal\u00edtica.<\/p>\n<p>\u200bBogot\u00e1.- La candidata presidencial colombiana Paloma Valencia, del partido de derecha Centro Democr\u00e1tico, convers\u00f3 este mi\u00e9rcoles por videollamada con la opositora de Venezuela Mar\u00eda Corina Machado, ganadora del premio Nobel de la Paz el a\u00f1o pasado, de quien destac\u00f3 \u00absu coraje y liderazgo\u00bb. \u00abAgradezco a nuestra hero\u00edna Mar\u00eda Corina Machado por su llamada de esta\u00a0\u00a0Internacionales, Machado\u00a0\u00a0<\/p>\n","protected":false},"excerpt":{"rendered":"<p>Bogot\u00e1.- La candidata presidencial colombiana Paloma Valencia, del partido de derecha Centro Democr\u00e1tico, convers\u00f3 este mi\u00e9rcoles por videollamada con la opositora de Venezuela Mar\u00eda Corina Machado, ganadora del premio Nobel de la Paz el a\u00f1o pasado, de quien destac\u00f3 \u00absu coraje y liderazgo\u00bb. \u00abAgradezco a nuestra hero\u00edna Mar\u00eda Corina Machado por su llamada de esta [&hellip;]<\/p>\n","protected":false},"author":1,"featured_media":10728,"comment_status":"open","ping_status":"open","sticky":false,"template":"","format":"standard","meta":{"amp_status":"","footnotes":""},"categories":[3],"tags":[],"class_list":["post-10727","post","type-post","status-publish","format-standard","has-post-thumbnail","hentry","category-de-ultimo-minuto"],"_links":{"self":[{"href":"https:\/\/ermdigital.com\/index.php\/wp-json\/wp\/v2\/posts\/10727","targetHints":{"allow":["GET"]}}],"collection":[{"href":"https:\/\/ermdigital.com\/index.php\/wp-json\/wp\/v2\/posts"}],"about":[{"href":"https:\/\/ermdigital.com\/index.php\/wp-json\/wp\/v2\/types\/post"}],"author":[{"embeddable":true,"href":"https:\/\/ermdigital.com\/index.php\/wp-json\/wp\/v2\/users\/1"}],"replies":[{"embeddable":true,"href":"https:\/\/ermdigital.com\/index.php\/wp-json\/wp\/v2\/comments?post=10727"}],"version-history":[{"count":0,"href":"https:\/\/ermdigital.com\/index.php\/wp-json\/wp\/v2\/posts\/10727\/revisions"}],"wp:featuredmedia":[{"embeddable":true,"href":"https:\/\/ermdigital.com\/index.php\/wp-json\/wp\/v2\/media\/10728"}],"wp:attachment":[{"href":"https:\/\/ermdigital.com\/index.php\/wp-json\/wp\/v2\/media?parent=10727"}],"wp:term":[{"taxonomy":"category","embeddable":true,"href":"https:\/\/ermdigital.com\/index.php\/wp-json\/wp\/v2\/categories?post=10727"},{"taxonomy":"post_tag","embeddable":true,"href":"https:\/\/ermdigital.com\/index.php\/wp-json\/wp\/v2\/tags?post=10727"}],"curies":[{"name":"wp","href":"https:\/\/api.w.org\/{rel}","templated":true}]}}