{"id":10707,"date":"2026-04-01T19:36:39","date_gmt":"2026-04-01T23:36:39","guid":{"rendered":"https:\/\/ermdigital.com\/index.php\/2026\/04\/01\/eliseo-almanzar-advierte-que-retrasar-ajuste-en-combustibles-provocaria-escasez-similar-a-la-de-haiti\/"},"modified":"2026-04-01T19:36:39","modified_gmt":"2026-04-01T23:36:39","slug":"eliseo-almanzar-advierte-que-retrasar-ajuste-en-combustibles-provocaria-escasez-similar-a-la-de-haiti","status":"publish","type":"post","link":"https:\/\/ermdigital.com\/index.php\/2026\/04\/01\/eliseo-almanzar-advierte-que-retrasar-ajuste-en-combustibles-provocaria-escasez-similar-a-la-de-haiti\/","title":{"rendered":"Eliseo Alm\u00e1nzar advierte que retrasar ajuste en combustibles provocar\u00eda escasez similar a la de Hait\u00ed"},"content":{"rendered":"<p><strong>Santo Domingo, R.D. &#8211;<\/strong> El abogado y analista pol\u00edtico, <a href=\"https:\/\/www.google.com\/url?sa=t&amp;source=web&amp;rct=j&amp;opi=89978449&amp;url=https:\/\/www.instagram.com\/joseeliseo1208\/&amp;ved=2ahUKEwi81Ozl6M2TAxUlgP0HHfqZM9YQFnoECB0QAQ&amp;sqi=2&amp;usg=AOvVaw1fzgaIv8TOIzTuDbcgvpRN\" target=\"_blank\" rel=\"noopener\">Jos\u00e9 Eliseo Alm\u00e1nzar<\/a> advirti\u00f3 este mi\u00e9rcoles sobre la necesidad de mantener la objetividad ante el alza internacional de los derivados del petr\u00f3leo, se\u00f1alando que los ajustes de precios son fundamentales para evitar situaciones de desabastecimiento como las que atraviesa actualmente el vecino pa\u00eds de Hait\u00ed.<\/p>\n<p>Durante su intervenci\u00f3n en el programa <a href=\"https:\/\/youtube.com\/@politikalrd?si=sbmTR23j11j65vlT\" target=\"_blank\" rel=\"noopener\">Politikal<\/a>, Alm\u00e1nzar explic\u00f3 que el mercado de hidrocarburos se encuentra bajo una fuerte presi\u00f3n debido a conflictos geopol\u00edticos, espec\u00edficamente la tensi\u00f3n entre Ir\u00e1n e Israel y el control del estrecho de Ormuz, por donde Ir\u00e1n impone restricciones al paso de buques. <\/p>\n<p><strong>Leer tambi\u00e9n: <a href=\"https:\/\/deultimominuto.net\/nacionales\/almanzar-advierte-sobre-crisis\/\" data-type=\"post\" data-id=\"620548\">Eliseo Alm\u00e1nzar advierte sobre crisis energ\u00e9tica global por guerra entre Ir\u00e1n e Israel<\/a><\/strong><\/p>\n<p>Seg\u00fan el analista, esta situaci\u00f3n ha mantenido el petr\u00f3leo en \"triple d\u00edgito\", provocando un aumento generalizado de los combustibles a nivel mundial.<\/p>\n<h2 class=\"wp-block-heading\"><strong>El espejo de Hait\u00ed y la reposici\u00f3n de inventarios <\/strong><\/h2>\n<p>Alm\u00e1nzar utiliz\u00f3 el caso de <a href=\"https:\/\/deultimominuto.net\/internacionales\/haiti-recibe-el-despliegue\/\">Hait\u00ed<\/a> como una advertencia para la Rep\u00fablica Dominicana. Explic\u00f3 que la naci\u00f3n vecina tuvo que aumentar recientemente el precio del di\u00e9sel en 1.79 d\u00f3lares debido a una crisis de escasez.<\/p>\n<p> <strong>\"Esa escasez est\u00e1 motivada precisamente en la lentitud en ajustar los precios\",<\/strong> afirm\u00f3 el analista, subrayando que al ser bienes fungibles, si no se ajusta el valor, los importadores pierden la capacidad financiera para reponer los inventarios.<\/p>\n<figure class=\"wp-block-embed is-type-video is-provider-youtube wp-block-embed-youtube wp-embed-aspect-16-9 wp-has-aspect-ratio\">\n<div class=\"wp-block-embed__wrapper\">\n<\/div>\n<\/figure>\n<p>El jurista enfatiz\u00f3 que el suministro depende de esta din\u00e1mica comercial: <\/p>\n<blockquote class=\"wp-block-quote is-layout-flow wp-block-quote-is-layout-flow\">\n<p>\"Si usted no sube el precio, quienes importan no van a estar en capacidad de reponer los inventarios para poder suplir\". <\/p>\n<\/blockquote>\n<p>En ese sentido, destac\u00f3 que en Hait\u00ed el problema se agrav\u00f3 por durar demasiado tiempo sin ajustar el costo y sin contar con un subsidio gubernamental efectivo.<\/p>\n<h3 class=\"wp-block-heading\"><strong>Factores externos fuera del control local <\/strong><\/h3>\n<p>Respecto a la situaci\u00f3n nacional, Alm\u00e1nzar defendi\u00f3 que las variaciones de precios no responden a decisiones pol\u00edticas internas, sino a eventos que ocurren a m\u00e1s de 10,000 kil\u00f3metros de distancia. <\/p>\n<p><strong>\"Tenemos que entender que si sube no es una cuesti\u00f3n del gobierno. Son variables externas que est\u00e1n incidiendo en el mercado y que est\u00e1n fuera de control de las autoridades locales\", <\/strong>sentenci\u00f3.<\/p>\n<p>A pesar de que el gobierno dominicano ha mantenido una pol\u00edtica de subsidios para mitigar el impacto en la poblaci\u00f3n, especialmente para evitar una escalada de precios en productos b\u00e1sicos como el arroz y las habichuelas, el analista fue tajante sobre la realidad global: \"En el mundo entero ha subido. Aqu\u00ed tambi\u00e9n va a tener que subir\".<\/p>\n<p>Finalmente, Alm\u00e1nzar hizo un llamado a la honestidad en el debate p\u00fablico, se\u00f1alando que apostar al caos por el aumento de los combustibles es ignorar que el flete y los costos de transporte han subido a nivel internacional, afectando la rentabilidad y la gobernabilidad en toda la regi\u00f3n.<\/p>\n<p>\u200bSanto Domingo, R.D. &#8211; El abogado y analista pol\u00edtico, Jos\u00e9 Eliseo Alm\u00e1nzar advirti\u00f3 este mi\u00e9rcoles sobre la necesidad de mantener la objetividad ante el alza internacional de los derivados del petr\u00f3leo, se\u00f1alando que los ajustes de precios son fundamentales para evitar situaciones de desabastecimiento como las que atraviesa actualmente el vecino pa\u00eds de Hait\u00ed. Durante\u00a0\u00a0Nacionales, Hait\u00ed, Jos\u00e9 Eliseo Alm\u00e1nzar, Politikal\u00a0\u00a0<\/p>\n","protected":false},"excerpt":{"rendered":"<p>Santo Domingo, R.D. &#8211; El abogado y analista pol\u00edtico, Jos\u00e9 Eliseo Alm\u00e1nzar advirti\u00f3 este mi\u00e9rcoles sobre la necesidad de mantener la objetividad ante el alza internacional de los derivados del petr\u00f3leo, se\u00f1alando que los ajustes de precios son fundamentales para evitar situaciones de desabastecimiento como las que atraviesa actualmente el vecino pa\u00eds de Hait\u00ed. Durante [&hellip;]<\/p>\n","protected":false},"author":1,"featured_media":10708,"comment_status":"open","ping_status":"open","sticky":false,"template":"","format":"standard","meta":{"amp_status":"","footnotes":""},"categories":[3],"tags":[],"class_list":["post-10707","post","type-post","status-publish","format-standard","has-post-thumbnail","hentry","category-de-ultimo-minuto"],"_links":{"self":[{"href":"https:\/\/ermdigital.com\/index.php\/wp-json\/wp\/v2\/posts\/10707","targetHints":{"allow":["GET"]}}],"collection":[{"href":"https:\/\/ermdigital.com\/index.php\/wp-json\/wp\/v2\/posts"}],"about":[{"href":"https:\/\/ermdigital.com\/index.php\/wp-json\/wp\/v2\/types\/post"}],"author":[{"embeddable":true,"href":"https:\/\/ermdigital.com\/index.php\/wp-json\/wp\/v2\/users\/1"}],"replies":[{"embeddable":true,"href":"https:\/\/ermdigital.com\/index.php\/wp-json\/wp\/v2\/comments?post=10707"}],"version-history":[{"count":0,"href":"https:\/\/ermdigital.com\/index.php\/wp-json\/wp\/v2\/posts\/10707\/revisions"}],"wp:featuredmedia":[{"embeddable":true,"href":"https:\/\/ermdigital.com\/index.php\/wp-json\/wp\/v2\/media\/10708"}],"wp:attachment":[{"href":"https:\/\/ermdigital.com\/index.php\/wp-json\/wp\/v2\/media?parent=10707"}],"wp:term":[{"taxonomy":"category","embeddable":true,"href":"https:\/\/ermdigital.com\/index.php\/wp-json\/wp\/v2\/categories?post=10707"},{"taxonomy":"post_tag","embeddable":true,"href":"https:\/\/ermdigital.com\/index.php\/wp-json\/wp\/v2\/tags?post=10707"}],"curies":[{"name":"wp","href":"https:\/\/api.w.org\/{rel}","templated":true}]}}