{"id":10675,"date":"2026-04-01T18:31:47","date_gmt":"2026-04-01T22:31:47","guid":{"rendered":"https:\/\/ermdigital.com\/index.php\/2026\/04\/01\/aumenta-flujo-de-pasajeros-en-paradas-de-santiago-por-inicio-del-exodo-de-semana-santa\/"},"modified":"2026-04-01T18:31:47","modified_gmt":"2026-04-01T22:31:47","slug":"aumenta-flujo-de-pasajeros-en-paradas-de-santiago-por-inicio-del-exodo-de-semana-santa","status":"publish","type":"post","link":"https:\/\/ermdigital.com\/index.php\/2026\/04\/01\/aumenta-flujo-de-pasajeros-en-paradas-de-santiago-por-inicio-del-exodo-de-semana-santa\/","title":{"rendered":"Aumenta flujo de pasajeros en paradas de Santiago por inicio del \u00e9xodo de Semana Santa"},"content":{"rendered":"<p><strong>Santiago.-<\/strong>La tarde de este mi\u00e9rcoles, decenas de personas comenzaron a abarrotar las principales paradas de <a href=\"https:\/\/deultimominuto.net\/nacionales\/ulises-rodriguez-advierte-en-santiago-habra-mano-dura-contra-quienes-violen-las-disposiciones-durante-semana-santa\/\">autobuses<\/a> de Santiago, marcando as\u00ed el inicio del tradicional \u00e9xodo de Semana Santa hacia distintos pueblos y provincias del Cibao y la L\u00ednea Noroeste.<\/p>\n<p>El incremento del flujo de pasajeros se hizo notorio en terminales con destino hacia Dajab\u00f3n, Montecristi, Santiago Rodr\u00edguez, Puerto Plata y otras localidades de la regi\u00f3n, donde ciudadanos acudieron con maletas, mochilas y bultos para trasladarse al interior del pa\u00eds, ya sea con fines familiares, religiosos o recreativos.<\/p>\n<p>El movimiento de viajeros representa el arranque de una de las temporadas de mayor desplazamiento del a\u00f1o, en la que miles de personas salen de las principales ciudades para reencontrarse con sus seres queridos, participar en actividades de reflexi\u00f3n espiritual o disfrutar de los atractivos naturales durante el asueto.<\/p>\n<p>En varias de las paradas se observ\u00f3 una alta concentraci\u00f3n de pasajeros haciendo largas filas, mientras choferes, cobradores y dem\u00e1s personal del transporte trabajaban a ritmo acelerado para responder a la creciente demanda de usuarios que buscan asegurar su salida antes del pico de movilizaci\u00f3n previsto para jueves y Viernes Santo.<\/p>\n<h5 class=\"wp-block-heading\"><strong>Recomendamos leer:<a href=\"https:\/\/deultimominuto.net\/nacionales\/senadora-lia-diaz-supervisa\/\">Senadora L\u00eda D\u00edaz supervisa hospitales en Azua y llama a la prudencia en Semana Santa<\/a><\/strong><\/h5>\n<p>Al ser abordados por este equipo de \u00daltimo Minuto algunos de los pasajeros manifestaron que aprovechan estos d\u00edas para compartir con familiares y amigos, as\u00ed como para reflexionar en torno al significado de la Semana Santa.<\/p>\n<p>\u201cUno sale para pasar tiempo con la familia, descansar un poco y tambi\u00e9n aprovechar para reflexionar\u201d, expres\u00f3 , Miguel P\u00e9rez uno de los viajeros mientras esperaba en la fila para abordar su unidad.<\/p>\n<p>Otros, en cambio, indicaron que utilizar\u00e1n el feriado para visitar balnearios, r\u00edos y zonas recreativas, como parte de las actividades de disfrute propias de esta fecha.<\/p>\n<p>A pesar del notable aumento en el movimiento de pasajeros, hasta el momento las autoridades no han ofrecido detalles sobre medidas especiales de control, seguridad o regulaci\u00f3n en las terminales de transporte de Santiago, pese al inicio masivo del desplazamiento por el feriado.<\/p>\n<p>Los representantes de las estaciones de transportes esperan que el flujo contin\u00fae increment\u00e1ndose en las pr\u00f3ximas horas, especialmente entre este jueves y el Viernes Santo, considerados tradicionalmente como los d\u00edas de mayor salida de vacacionistas hacia diferentes puntos del pa\u00eds.<\/p>\n<p>\u200bSantiago.-La tarde de este mi\u00e9rcoles, decenas de personas comenzaron a abarrotar las principales paradas de autobuses de Santiago, marcando as\u00ed el inicio del tradicional \u00e9xodo de Semana Santa hacia distintos pueblos y provincias del Cibao y la L\u00ednea Noroeste. El incremento del flujo de pasajeros se hizo notorio en terminales con destino hacia Dajab\u00f3n, Montecristi,\u00a0\u00a0Nacionales, Santiago\u00a0\u00a0<\/p>\n","protected":false},"excerpt":{"rendered":"<p>Santiago.-La tarde de este mi\u00e9rcoles, decenas de personas comenzaron a abarrotar las principales paradas de autobuses de Santiago, marcando as\u00ed el inicio del tradicional \u00e9xodo de Semana Santa hacia distintos pueblos y provincias del Cibao y la L\u00ednea Noroeste. El incremento del flujo de pasajeros se hizo notorio en terminales con destino hacia Dajab\u00f3n, Montecristi, [&hellip;]<\/p>\n","protected":false},"author":1,"featured_media":10676,"comment_status":"open","ping_status":"open","sticky":false,"template":"","format":"standard","meta":{"amp_status":"","footnotes":""},"categories":[3],"tags":[],"class_list":["post-10675","post","type-post","status-publish","format-standard","has-post-thumbnail","hentry","category-de-ultimo-minuto"],"_links":{"self":[{"href":"https:\/\/ermdigital.com\/index.php\/wp-json\/wp\/v2\/posts\/10675","targetHints":{"allow":["GET"]}}],"collection":[{"href":"https:\/\/ermdigital.com\/index.php\/wp-json\/wp\/v2\/posts"}],"about":[{"href":"https:\/\/ermdigital.com\/index.php\/wp-json\/wp\/v2\/types\/post"}],"author":[{"embeddable":true,"href":"https:\/\/ermdigital.com\/index.php\/wp-json\/wp\/v2\/users\/1"}],"replies":[{"embeddable":true,"href":"https:\/\/ermdigital.com\/index.php\/wp-json\/wp\/v2\/comments?post=10675"}],"version-history":[{"count":0,"href":"https:\/\/ermdigital.com\/index.php\/wp-json\/wp\/v2\/posts\/10675\/revisions"}],"wp:featuredmedia":[{"embeddable":true,"href":"https:\/\/ermdigital.com\/index.php\/wp-json\/wp\/v2\/media\/10676"}],"wp:attachment":[{"href":"https:\/\/ermdigital.com\/index.php\/wp-json\/wp\/v2\/media?parent=10675"}],"wp:term":[{"taxonomy":"category","embeddable":true,"href":"https:\/\/ermdigital.com\/index.php\/wp-json\/wp\/v2\/categories?post=10675"},{"taxonomy":"post_tag","embeddable":true,"href":"https:\/\/ermdigital.com\/index.php\/wp-json\/wp\/v2\/tags?post=10675"}],"curies":[{"name":"wp","href":"https:\/\/api.w.org\/{rel}","templated":true}]}}