{"id":10659,"date":"2026-04-01T17:28:00","date_gmt":"2026-04-01T21:28:00","guid":{"rendered":"https:\/\/ermdigital.com\/index.php\/2026\/04\/01\/la-mision-espacial-artemis-ii-partio-hacia-la-luna\/"},"modified":"2026-04-01T17:28:00","modified_gmt":"2026-04-01T21:28:00","slug":"la-mision-espacial-artemis-ii-partio-hacia-la-luna","status":"publish","type":"post","link":"https:\/\/ermdigital.com\/index.php\/2026\/04\/01\/la-mision-espacial-artemis-ii-partio-hacia-la-luna\/","title":{"rendered":"La misi\u00f3n espacial Artemis II parti\u00f3 hacia la Luna"},"content":{"rendered":"<p>La misi\u00f3n de la <a class=\"internal-link\" href=\"https:\/\/www.dw.com\/es\/nasa\/t-17409526\">NASA<\/a> bautizada <a class=\"internal-link\" href=\"https:\/\/www.dw.com\/es\/misi%C3%B3n-artemis-ii\/t-76626734\">Artemis II<\/a>, gestada\u00a0durante a\u00f1os\u00a0con repetidos contratiempos, despeg\u00f3 finalmente de Florida este mi\u00e9rcoles (01.04.2026).<\/p>\n<p>La nave alcanz\u00f3\u00a0la \u00f3rbita de la Tierra cerca de 10 minutos despu\u00e9s de despegar desde Cabo Ca\u00f1averal,\u00a0Florida, para comenzar su viaje de 10 d\u00edas que los llevar\u00e1 alrededor de la Luna, lo que ocurre por primera vez en m\u00e1s de 50 a\u00f1os.<\/p>\n<p>El despegue tuvo lugar <a class=\"internal-link\" href=\"https:\/\/www.dw.com\/es\/esperan-que-el-clima-no-impida-el-lanzamiento-de-artemis-ii\/a-76615200\">con un clima\u00a0favorable<\/a>, seg\u00fan los expertos, que hab\u00edan pronosticado\u00a0un 80% de probabilidades de condiciones adecuadas para el lanzamiento.<\/p>\n<p>Momentos antes del despegue hubo tensi\u00f3n porque los t\u00e9cnicos debieron resolver un problema con un sensor que mostraba una bater\u00eda con temperatura fuera de rango y arreglaron un inconventiente con el sistema de comunicaciones.<\/p>\n<p>Pero no hubo ning\u00fan contratiempo mayor, como los que retrasaron un mes su despegue en febrero, por lo que el Space Launch System (SLS), el cohete m\u00e1s grande y potente de la NASA, despeg\u00f3 con la tripulaci\u00f3n a bordo de la c\u00e1psula Ori\u00f3n.<\/p>\n<figure class=\"placeholder-image master_landscape big\"><img decoding=\"async\" data-format=\"MASTER_LANDSCAPE\" data-id=\"76634157\" data-url=\"https:\/\/static.dw.com\/image\/76634157_$formatId.jpg\" data-aspect-ratio=\"16\/9\" alt=\"El lanzamiento del cohete lunar Artemis II de la NASA se observa en el monitor de televisi\u00f3n de la Sala de Prensa James Brady de la Casa Blanca. (01.04.2026)\" src=\"image\/gif;base64,R0lGODlhAQABAAAAACH5BAEKAAEALAAAAAABAAEAAAICTAEAOw==\" \/><figcaption class=\"img-caption\">El lanzamiento del cohete lunar Artemis II de la NASA se observa en el monitor de televisi\u00f3n de la Sala de Prensa James Brady de la Casa Blanca. (01.04.2026)<small class=\"copyright\">Imagen: Alex Brandon\/AP Photo\/picture alliance<\/small><\/figcaption><\/figure>\n<p>El equipo, que tambi\u00e9n marca un hito por su diversidad, est\u00e1 compuesto por el comandante de la NASA, Reid Wiseman; Victor Glover, el primer astronauta de raza negra en viajar a la Luna; Christina Koch, la primera mujer en esta trayectoria, y el canadiense Jeremy Hansen, el primer astronauta no estadounidense en orbitar nuestro sat\u00e9lite.<\/p>\n<p>\"Victor, Christina y Jeremy, en esta hist\u00f3rica misi\u00f3n, llevan con ustedes el coraz\u00f3n del equipo de Artemis, el esp\u00edritu audaz del pueblo estadounidense y de nuestros socios alrededor del mundo, y las esperanzas y sue\u00f1os de una nueva generaci\u00f3n\", les dijo minutos antes del despegue Charlie Blackwell-Thompson, directora del lanzamiento de la misi\u00f3n Artemis II de la NASA, la primera mujer en ese rol.<\/p>\n<figure class=\"placeholder-image master_landscape big\"><img decoding=\"async\" data-format=\"MASTER_LANDSCAPE\" data-id=\"76634127\" data-url=\"https:\/\/static.dw.com\/image\/76634127_$formatId.jpg\" data-aspect-ratio=\"16\/9\" alt=\"La misi\u00f3n Artemis II de la NASA, cuyo objetivo es realizar un sobrevuelo de la Luna y que cuenta con el cohete Space Launch System (SLS) y la c\u00e1psula tripulada Ori\u00f3n, despega del Centro Espacial Kennedy en Cabo Ca\u00f1averal. (01.04.2026)\" src=\"image\/gif;base64,R0lGODlhAQABAAAAACH5BAEKAAEALAAAAAABAAEAAAICTAEAOw==\" \/><figcaption class=\"img-caption\">La misi\u00f3n Artemis II de la NASA, cuyo objetivo es realizar un sobrevuelo de la Luna y que cuenta con el cohete Space Launch System (SLS) y la c\u00e1psula tripulada Ori\u00f3n, despega del Centro Espacial Kennedy en Cabo Ca\u00f1averal. (01.04.2026)<small class=\"copyright\">Imagen: Steve Nesius\/REUTERS<\/small><\/figcaption><\/figure>\n<p>La misi\u00f3n de 10 d\u00edas aspira a ser la primera en llegar a la \u00f3rbita de la Luna desde Apolo 17, lanzada en diciembre de 1972.<\/p>\n<p>Esta es la segunda misi\u00f3n del programa Artemis, tras el vuelo no tripulado de 2022, y precede a las pr\u00f3ximas misiones, en las que los astronautas esperan pisar la Luna en 2028 y comenzar a establecer una presencia permanente en el sat\u00e9lite natural con una base, adem\u00e1s de sentar las condiciones para la exploraci\u00f3n de Marte.<\/p>\n<p>La NASA retransmite\u00a0en espa\u00f1ol el lanzamiento de la misi\u00f3n a la , como alternativa a la emisi\u00f3n oficial en ingl\u00e9s, para que la audiencia hispanohablante siga de cerca los preparativos del despegue.<\/p>\n<p>Siga aqu\u00ed\u00a0la transmisi\u00f3n en vivo de la NASA:\u00a0<\/p>\n<p>ct \/gs (afp, efe, NASA)<\/p>\n<p>\u00a0<\/p>\n","protected":false},"excerpt":{"rendered":"<p>La misi\u00f3n de la NASA bautizada Artemis II, gestada\u00a0durante a\u00f1os\u00a0con repetidos contratiempos, despeg\u00f3 finalmente de Florida este mi\u00e9rcoles (01.04.2026). La nave alcanz\u00f3\u00a0la \u00f3rbita de la Tierra cerca de 10 minutos despu\u00e9s de despegar desde Cabo Ca\u00f1averal,\u00a0Florida, para comenzar su viaje de 10 d\u00edas que los llevar\u00e1 alrededor de la Luna, lo que ocurre por primera [&hellip;]<\/p>\n","protected":false},"author":1,"featured_media":10660,"comment_status":"open","ping_status":"open","sticky":false,"template":"","format":"standard","meta":{"amp_status":"","footnotes":""},"categories":[6],"tags":[],"class_list":["post-10659","post","type-post","status-publish","format-standard","has-post-thumbnail","hentry","category-ciencia-y-tecnologia"],"_links":{"self":[{"href":"https:\/\/ermdigital.com\/index.php\/wp-json\/wp\/v2\/posts\/10659","targetHints":{"allow":["GET"]}}],"collection":[{"href":"https:\/\/ermdigital.com\/index.php\/wp-json\/wp\/v2\/posts"}],"about":[{"href":"https:\/\/ermdigital.com\/index.php\/wp-json\/wp\/v2\/types\/post"}],"author":[{"embeddable":true,"href":"https:\/\/ermdigital.com\/index.php\/wp-json\/wp\/v2\/users\/1"}],"replies":[{"embeddable":true,"href":"https:\/\/ermdigital.com\/index.php\/wp-json\/wp\/v2\/comments?post=10659"}],"version-history":[{"count":0,"href":"https:\/\/ermdigital.com\/index.php\/wp-json\/wp\/v2\/posts\/10659\/revisions"}],"wp:featuredmedia":[{"embeddable":true,"href":"https:\/\/ermdigital.com\/index.php\/wp-json\/wp\/v2\/media\/10660"}],"wp:attachment":[{"href":"https:\/\/ermdigital.com\/index.php\/wp-json\/wp\/v2\/media?parent=10659"}],"wp:term":[{"taxonomy":"category","embeddable":true,"href":"https:\/\/ermdigital.com\/index.php\/wp-json\/wp\/v2\/categories?post=10659"},{"taxonomy":"post_tag","embeddable":true,"href":"https:\/\/ermdigital.com\/index.php\/wp-json\/wp\/v2\/tags?post=10659"}],"curies":[{"name":"wp","href":"https:\/\/api.w.org\/{rel}","templated":true}]}}