{"id":10637,"date":"2026-04-01T18:09:05","date_gmt":"2026-04-01T22:09:05","guid":{"rendered":"https:\/\/ermdigital.com\/index.php\/2026\/04\/01\/riveco-dominicana-inaugura-nueva-sucursal-en-el-ensanche-la-fe\/"},"modified":"2026-04-01T18:09:05","modified_gmt":"2026-04-01T22:09:05","slug":"riveco-dominicana-inaugura-nueva-sucursal-en-el-ensanche-la-fe","status":"publish","type":"post","link":"https:\/\/ermdigital.com\/index.php\/2026\/04\/01\/riveco-dominicana-inaugura-nueva-sucursal-en-el-ensanche-la-fe\/","title":{"rendered":"Riveco Dominicana inaugura nueva sucursal en el Ensanche La Fe"},"content":{"rendered":"<p><strong>Santo Domingo.-<\/strong> En un ambiente cargado de entusiasmo, bendiciones y compromiso empresarial, <a href=\"https:\/\/deultimominuto.net\/enlaces\/\" data-type=\"page\" data-id=\"491852\">Riveco Dominicana <\/a>dej\u00f3 inaugurado su nuevo local en el Ensanche La Fe, en un acto que reuni\u00f3 a colaboradores, aliados estrat\u00e9gicos, familiares y amigos de la empresa.<\/p>\n<p>El CEO de Riveco Dominicana, Francisco Rivas, ofreci\u00f3 un emotivo mensaje de motivaci\u00f3n en el que resalt\u00f3 el esfuerzo, la dedicaci\u00f3n y la pasi\u00f3n que han llevado a la empresa a crecer desde un peque\u00f1o almac\u00e9n en Sabana Perdida hasta consolidar esta nueva sucursal con Oficinas, ShowRoom y almac\u00e9n en el Ensanche La Fe.<\/p>\n<p>\u201cHoy finalmente nuestra visi\u00f3n tiene un hogar. Este gran almac\u00e9n es una invitaci\u00f3n a proyectar sus negocios con nosotros, teniendo la certeza de que contamos con un inventario listo para respaldar cualquier proyecto a nivel nacional\u201d.<\/p>\n<figure class=\"wp-block-image size-large\"><img decoding=\"async\" loading=\"lazy\" width=\"1024\" height=\"683\" src=\"https:\/\/cdn.deultimominuto.net\/wp-content\/uploads\/2026\/04\/WhatsApp-Image-2026-04-01-at-5.57.24-PM-1024x683.jpeg\" alt=\"Riveco Dominicana inaugura nueva sucursal en el Ensanche La Fe\" class=\"wp-image-634337\" title=\"Riveco Dominicana inaugura nueva sucursal en el Ensanche La Fe | 9 |\"><figcaption class=\"wp-element-caption\">Riveco Dominicana inaugura nueva sucursal en el Ensanche La Fe<\/figcaption><\/figure>\n<p>El momento central de la actividad fue el corte de cinta, encabezado por Francisco Rivas junto a su esposa Adriana Montalvo y sus hijos Elianny, Ashley, Dahiana y Adri\u00e1n Rivas, dejando oficialmente inauguradas las nuevas instalaciones de la empresa. Durante el acto, los presentes pudieron recorrer el moderno local y compartir en un ambiente de camarader\u00eda, celebrando este importante paso en la historia de Riveco Dominicana.<\/p>\n<h4 class=\"wp-block-heading\"><strong>Recomendamos leer: <a href=\"https:\/\/deultimominuto.net\/enlaces\/\" data-type=\"page\" data-id=\"491852\">Riveco Dominicana inaugura nueva sucursal en el Ensanche La Fe<\/a><\/strong><\/h4>\n<p>Con esta inauguraci\u00f3n, Riveco Dominicana, empresa dedicada a suplir mobiliarios para supermercados, reafirma su compromiso de seguir ofreciendo innovaci\u00f3n, servicio de calidad y crecimiento conjunto con sus clientes y aliados, apostando al fortalecimiento del sector comercial en la Rep\u00fablica Dominicana.<\/p>\n<figure class=\"wp-block-image size-large\"><img decoding=\"async\" loading=\"lazy\" width=\"1024\" height=\"683\" src=\"https:\/\/cdn.deultimominuto.net\/wp-content\/uploads\/2026\/04\/WhatsApp-Image-2026-04-01-at-5.57.22-PM-1-1024x683.jpeg\" alt=\"Riveco Dominicana inaugura nueva sucursal en el Ensanche La Fe\" class=\"wp-image-634338\" title=\"Riveco Dominicana inaugura nueva sucursal en el Ensanche La Fe | 10 |\"><figcaption class=\"wp-element-caption\">Riveco Dominicana inaugura nueva sucursal en el Ensanche La Fe<\/figcaption><\/figure>\n<p>La actividad inici\u00f3 con las palabras de bienvenida y la bendici\u00f3n del padre Domingo Francisco de la Cruz, quien puso en manos del Alt\u00edsimo este nuevo espacio, destacando la importancia de la fe y el trabajo en equipo para el crecimiento de los proyectos empresariales.<\/p>\n<p>\u200bSanto Domingo.- En un ambiente cargado de entusiasmo, bendiciones y compromiso empresarial, Riveco Dominicana dej\u00f3 inaugurado su nuevo local en el Ensanche La Fe, en un acto que reuni\u00f3 a colaboradores, aliados estrat\u00e9gicos, familiares y amigos de la empresa. El CEO de Riveco Dominicana, Francisco Rivas, ofreci\u00f3 un emotivo mensaje de motivaci\u00f3n en el que\u00a0\u00a0Uncategorized, dominicana, Riveco\u00a0\u00a0<\/p>\n","protected":false},"excerpt":{"rendered":"<p>Santo Domingo.- En un ambiente cargado de entusiasmo, bendiciones y compromiso empresarial, Riveco Dominicana dej\u00f3 inaugurado su nuevo local en el Ensanche La Fe, en un acto que reuni\u00f3 a colaboradores, aliados estrat\u00e9gicos, familiares y amigos de la empresa. El CEO de Riveco Dominicana, Francisco Rivas, ofreci\u00f3 un emotivo mensaje de motivaci\u00f3n en el que [&hellip;]<\/p>\n","protected":false},"author":1,"featured_media":10638,"comment_status":"open","ping_status":"open","sticky":false,"template":"","format":"standard","meta":{"amp_status":"","footnotes":""},"categories":[3],"tags":[],"class_list":["post-10637","post","type-post","status-publish","format-standard","has-post-thumbnail","hentry","category-de-ultimo-minuto"],"_links":{"self":[{"href":"https:\/\/ermdigital.com\/index.php\/wp-json\/wp\/v2\/posts\/10637","targetHints":{"allow":["GET"]}}],"collection":[{"href":"https:\/\/ermdigital.com\/index.php\/wp-json\/wp\/v2\/posts"}],"about":[{"href":"https:\/\/ermdigital.com\/index.php\/wp-json\/wp\/v2\/types\/post"}],"author":[{"embeddable":true,"href":"https:\/\/ermdigital.com\/index.php\/wp-json\/wp\/v2\/users\/1"}],"replies":[{"embeddable":true,"href":"https:\/\/ermdigital.com\/index.php\/wp-json\/wp\/v2\/comments?post=10637"}],"version-history":[{"count":0,"href":"https:\/\/ermdigital.com\/index.php\/wp-json\/wp\/v2\/posts\/10637\/revisions"}],"wp:featuredmedia":[{"embeddable":true,"href":"https:\/\/ermdigital.com\/index.php\/wp-json\/wp\/v2\/media\/10638"}],"wp:attachment":[{"href":"https:\/\/ermdigital.com\/index.php\/wp-json\/wp\/v2\/media?parent=10637"}],"wp:term":[{"taxonomy":"category","embeddable":true,"href":"https:\/\/ermdigital.com\/index.php\/wp-json\/wp\/v2\/categories?post=10637"},{"taxonomy":"post_tag","embeddable":true,"href":"https:\/\/ermdigital.com\/index.php\/wp-json\/wp\/v2\/tags?post=10637"}],"curies":[{"name":"wp","href":"https:\/\/api.w.org\/{rel}","templated":true}]}}