{"id":10594,"date":"2026-04-01T16:44:56","date_gmt":"2026-04-01T20:44:56","guid":{"rendered":"https:\/\/ermdigital.com\/index.php\/2026\/04\/01\/petro-plantea-medidas-para-mitigar-efectos-de-la-guerra-de-iran-en-la-economia-colombiana\/"},"modified":"2026-04-01T16:44:56","modified_gmt":"2026-04-01T20:44:56","slug":"petro-plantea-medidas-para-mitigar-efectos-de-la-guerra-de-iran-en-la-economia-colombiana","status":"publish","type":"post","link":"https:\/\/ermdigital.com\/index.php\/2026\/04\/01\/petro-plantea-medidas-para-mitigar-efectos-de-la-guerra-de-iran-en-la-economia-colombiana\/","title":{"rendered":"Petro plantea medidas para mitigar efectos de la guerra de Ir\u00e1n en la econom\u00eda colombiana"},"content":{"rendered":"<p><strong>Bogot\u00e1.- <\/strong>El presidente colombiano, Gustavo Petro, propuso este mi\u00e9rcoles una serie de medidas para<a href=\"https:\/\/deultimominuto.net\/internacionales\/petro-insiste-en-antiguedad-avion\/\"> mitigar <\/a>los efectos inflacionarios de la guerra de Ir\u00e1n, al tiempo que acus\u00f3 al Banco de la Rep\u00fablica (autoridad monetaria) de estar alineado con la oposici\u00f3n por subir los tipos de inter\u00e9s al 11,25 %.<\/p>\n<p>\u00abColombia debe iniciar ya el plan de mitigaci\u00f3n de los efectos de la guerra del Medio Oriente como lo hace el mundo, y el efecto de un Banco de la Rep\u00fablica que no es independiente sino de oposici\u00f3n y que va de frente contra la producci\u00f3n y el empleo\u00bb, manifest\u00f3 Petro en su cuenta de X.<\/p>\n<p>El banco central justific\u00f3 la v\u00edspera la subida de cien puntos b\u00e1sicos de la tasa de inter\u00e9s, que pas\u00f3 del 10,25 al 11,25 %, en el hecho de que \u00ablas expectativas de inflaci\u00f3n total contin\u00faan elevadas\u00bb en parte porque \u00abla guerra en Ir\u00e1n compromete el crecimiento y la estabilidad de la econom\u00eda mundial\u00bb.<\/p>\n<h5 class=\"wp-block-heading\"><strong>Recomendamos leer:<a href=\"https:\/\/deultimominuto.net\/internacionales\/el-presidente-gustavo-petro-2\/\">El presidente de Colombia, Gustavo Petro, no tiene cargos penales en EE.UU., seg\u00fan el New York Times<\/a><\/strong><\/h5>\n<p>\u00abPoner un tasa de inter\u00e9s que busca detener la econom\u00eda y el bienestar del pueblo colombiano ya alcanzado en mi gobierno es un hecho inconstitucional\u00bb, dijo hoy Petro, quien plante\u00f3 \u00absoluciones\u00bb para \u00abproteger la producci\u00f3n y los puestos de trabajo a c\u00f3mo d\u00e9 lugar\u00bb y que no suba la inflaci\u00f3n por el impacto de los altos precios de los fertilizantes y de los combustibles.<\/p>\n<p>Entre esas medidas se\u00f1al\u00f3 una pol\u00edtica para la construcci\u00f3n de casas \u00abcon muy baja tasa de inter\u00e9s para la vivienda popular\u00bb, el \u00abuso de edificios desocupados o subutilizados en los centros urbanos para que cumplan su funci\u00f3n social\u00bb y aumentar el cr\u00e9dito disponible para la econom\u00eda popular.<\/p>\n<h2 class=\"wp-block-heading\"><strong>Tensi\u00f3n por aumento de la tasa de inter\u00e9s<\/strong><\/h2>\n<p>Tambi\u00e9n propuso ampliar la inversi\u00f3n forzosa de los bancos en el sector productivo, agilizar la reforma agraria y la \u00abautorregulaci\u00f3n\u00bb en el consumo de combustibles como primer paso para \u00abpasarse cu\u00e1nto antes a energ\u00eda el\u00e9ctrica y energ\u00eda autogenerada limpia\u00bb.<\/p>\n<p>\u00abHay que reducir la demanda de gas, gasolina y di\u00e9sel por el conflicto en el Medio Oriente que parece prolongarse. La autorregulaci\u00f3n es el comienzo\u00bb, indic\u00f3.<\/p>\n<p>Pese a que el banco central es aut\u00f3nomo,\u00a0Petro\u00a0y su ministro de Hacienda, Germ\u00e1n \u00c1vila, reclaman desde hace meses m\u00e1s flexibilidad en la pol\u00edtica monetaria para no frenar el crecimiento econ\u00f3mico.<\/p>\n<h5 class=\"wp-block-heading\"><strong>Tambi\u00e9n puedes leer:<a href=\"https:\/\/deultimominuto.net\/internacionales\/la-justicia-de-ee-uu-investiga-al-presidente-de-colombia-gustavo-petro-segun-el-nyt\/\">La Justicia de EE.UU. investiga al presidente de Colombia, Gustavo Petro, seg\u00fan el NYT<\/a><\/strong><\/h5>\n<p>La tensi\u00f3n se agrav\u00f3 el martes cuando \u00c1vila se retir\u00f3 de la reuni\u00f3n de la Junta Directiva del Banco de la Rep\u00fablica despu\u00e9s de que cuatro de los siete integrantes propusieran la subida de la tasa de inter\u00e9s al 11,25 %.<\/p>\n<p>\u200bBogot\u00e1.- El presidente colombiano, Gustavo Petro, propuso este mi\u00e9rcoles una serie de medidas para mitigar los efectos inflacionarios de la guerra de Ir\u00e1n, al tiempo que acus\u00f3 al Banco de la Rep\u00fablica (autoridad monetaria) de estar alineado con la oposici\u00f3n por subir los tipos de inter\u00e9s al 11,25 %. \u00abColombia debe iniciar ya el plan\u00a0\u00a0Internacionales, Gustavo Petro\u00a0\u00a0<\/p>\n","protected":false},"excerpt":{"rendered":"<p>Bogot\u00e1.- El presidente colombiano, Gustavo Petro, propuso este mi\u00e9rcoles una serie de medidas para mitigar los efectos inflacionarios de la guerra de Ir\u00e1n, al tiempo que acus\u00f3 al Banco de la Rep\u00fablica (autoridad monetaria) de estar alineado con la oposici\u00f3n por subir los tipos de inter\u00e9s al 11,25 %. \u00abColombia debe iniciar ya el plan [&hellip;]<\/p>\n","protected":false},"author":1,"featured_media":10595,"comment_status":"open","ping_status":"open","sticky":false,"template":"","format":"standard","meta":{"amp_status":"","footnotes":""},"categories":[3],"tags":[],"class_list":["post-10594","post","type-post","status-publish","format-standard","has-post-thumbnail","hentry","category-de-ultimo-minuto"],"_links":{"self":[{"href":"https:\/\/ermdigital.com\/index.php\/wp-json\/wp\/v2\/posts\/10594","targetHints":{"allow":["GET"]}}],"collection":[{"href":"https:\/\/ermdigital.com\/index.php\/wp-json\/wp\/v2\/posts"}],"about":[{"href":"https:\/\/ermdigital.com\/index.php\/wp-json\/wp\/v2\/types\/post"}],"author":[{"embeddable":true,"href":"https:\/\/ermdigital.com\/index.php\/wp-json\/wp\/v2\/users\/1"}],"replies":[{"embeddable":true,"href":"https:\/\/ermdigital.com\/index.php\/wp-json\/wp\/v2\/comments?post=10594"}],"version-history":[{"count":0,"href":"https:\/\/ermdigital.com\/index.php\/wp-json\/wp\/v2\/posts\/10594\/revisions"}],"wp:featuredmedia":[{"embeddable":true,"href":"https:\/\/ermdigital.com\/index.php\/wp-json\/wp\/v2\/media\/10595"}],"wp:attachment":[{"href":"https:\/\/ermdigital.com\/index.php\/wp-json\/wp\/v2\/media?parent=10594"}],"wp:term":[{"taxonomy":"category","embeddable":true,"href":"https:\/\/ermdigital.com\/index.php\/wp-json\/wp\/v2\/categories?post=10594"},{"taxonomy":"post_tag","embeddable":true,"href":"https:\/\/ermdigital.com\/index.php\/wp-json\/wp\/v2\/tags?post=10594"}],"curies":[{"name":"wp","href":"https:\/\/api.w.org\/{rel}","templated":true}]}}