{"id":10589,"date":"2026-04-01T16:59:38","date_gmt":"2026-04-01T20:59:38","guid":{"rendered":"https:\/\/ermdigital.com\/index.php\/2026\/04\/01\/donde-ver-el-lanzamiento-de-artemis-ii-a-la-luna-la-nasa-lo-retransmite-en-espanol-en-su-canal-de-youtube\/"},"modified":"2026-04-01T16:59:38","modified_gmt":"2026-04-01T20:59:38","slug":"donde-ver-el-lanzamiento-de-artemis-ii-a-la-luna-la-nasa-lo-retransmite-en-espanol-en-su-canal-de-youtube","status":"publish","type":"post","link":"https:\/\/ermdigital.com\/index.php\/2026\/04\/01\/donde-ver-el-lanzamiento-de-artemis-ii-a-la-luna-la-nasa-lo-retransmite-en-espanol-en-su-canal-de-youtube\/","title":{"rendered":"D\u00f3nde ver el lanzamiento de Artemis II a la Luna: la NASA lo retransmite en espa\u00f1ol en su canal de Youtube"},"content":{"rendered":"<p><strong>Cabo Ca\u00f1averal .-<\/strong> La NASA retransmitir\u00e1 este mi\u00e9rcoles en espa\u00f1ol el lanzamiento de la misi\u00f3n<strong> <a href=\"https:\/\/deultimominuto.net\/enlaces\/\" data-type=\"page\" data-id=\"491852\">Artemis II<\/a><\/strong><a href=\"https:\/\/deultimominuto.net\/enlaces\/\" data-type=\"page\" data-id=\"491852\"> <\/a>a la \u00f3rbita lunar, como alternativa a la emisi\u00f3n oficial en ingl\u00e9s, para que la audiencia hispanohablante pueda seguir de cerca los preparativos del despegue, que tendr\u00e1 lugar desde Florida <a href=\"https:\/\/deultimominuto.net\/enlaces\/\" data-type=\"page\" data-id=\"491852\"><strong>(Estados Unidos).<\/strong><\/a><\/p>\n<p>El lanzamiento est\u00e1 programado para las 18:24 hora local (22:24 GMT) desde el Centro Espacial Kennedy, ubicado en Cabo Ca\u00f1averal, aunque la ventana de despegue se extiende dos horas.<\/p>\n<p>La NASA comenzar\u00e1 la retransmisi\u00f3n oficial en espa\u00f1ol a partir de las 16:45 hora local (20:45 GMT) a trav\u00e9s de su canal oficial en YouTube.<\/p>\n<h4 class=\"wp-block-heading\"><strong>Recomendamos leer:<a href=\"https:\/\/deultimominuto.net\/enlaces\/\" data-type=\"page\" data-id=\"491852\"> Rusia anuncia otra campa\u00f1a de censura en internet contra las redes VPN<\/a><\/strong><\/h4>\n<p>A m\u00e1s de siete horas para la hora prevista del lanzamiento, los equipos trabajan actualmente en el llenado de combustible del cohete.<\/p>\n<p>Tanto el SLS (Space Launch System) como la c\u00e1psula Ori\u00f3n, que transportar\u00e1 a los astronautas de la <a href=\"https:\/\/efe.com\/ciencia-y-tecnologia\/2026-04-01\/lanzamiento-artemis-ii-lunar-nasa-retransmision\/\" data-type=\"link\" data-id=\"https:\/\/efe.com\/ciencia-y-tecnologia\/2026-04-01\/lanzamiento-artemis-ii-lunar-nasa-retransmision\/\" target=\"_blank\" rel=\"noopener\">NASA <\/a>Reid Wiseman, Christina Koch y Victor Glover, junto con Jeremy Hansen, de la Agencia Espacial Canadiense (CSA), a la \u00f3rbita lunar, ya se encuentran en la plataforma de lanzamiento.<\/p>\n<p>Los cuatro tripulantes se despertaron poco despu\u00e9s de las 09:25 (13:25 GMT), seg\u00fan inform\u00f3 la NASA, y se convertir\u00e1n en los primeros humanos en alcanzar la \u00f3rbita de la Luna desde 1972, cuando el Apolo 17 abandon\u00f3 el sat\u00e9lite natural.<\/p>\n<h2 class=\"wp-block-heading\">Misi\u00f3n lunar m\u00e1s inclusiva<\/h2>\n<p>Adem\u00e1s,\u00a0<a href=\"https:\/\/efe.com\/ciencia-y-tecnologia\/2026-04-01\/nasa-lanzamiento-artemis-ii\/\" target=\"_blank\" rel=\"noopener\">la misi\u00f3n lunar<\/a>\u00a0inaugurar\u00e1 una era de exploraci\u00f3n m\u00e1s inclusiva, al incluir por primera vez a una mujer, a un astronauta negro y uno no estadounidense, en este caso canadiense.<\/p>\n<p>Artemis II tiene una duraci\u00f3n prevista de 10 d\u00edas, durante los que rodear\u00e1 la Luna y permitir\u00e1 a los astronautas contemplar la cara oculta del sat\u00e9lite.<\/p>\n<p>Esta es la segunda misi\u00f3n del programa Artemis, que prev\u00e9 establecer una presencia humana en la Luna y emplear el sat\u00e9lite natural para llegar a Marte, con el objetivo de convertir a la humanidad en una especie multiplanetaria.<\/p>\n<p>\u200bCabo Ca\u00f1averal .- La NASA retransmitir\u00e1 este mi\u00e9rcoles en espa\u00f1ol el lanzamiento de la misi\u00f3n Artemis II a la \u00f3rbita lunar, como alternativa a la emisi\u00f3n oficial en ingl\u00e9s, para que la audiencia hispanohablante pueda seguir de cerca los preparativos del despegue, que tendr\u00e1 lugar desde Florida (Estados Unidos). El lanzamiento est\u00e1 programado para las\u00a0\u00a0Tecnolog\u00eda, ARTEMIS, NASA, YOUTUBE\u00a0\u00a0<\/p>\n","protected":false},"excerpt":{"rendered":"<p>Cabo Ca\u00f1averal .- La NASA retransmitir\u00e1 este mi\u00e9rcoles en espa\u00f1ol el lanzamiento de la misi\u00f3n Artemis II a la \u00f3rbita lunar, como alternativa a la emisi\u00f3n oficial en ingl\u00e9s, para que la audiencia hispanohablante pueda seguir de cerca los preparativos del despegue, que tendr\u00e1 lugar desde Florida (Estados Unidos). El lanzamiento est\u00e1 programado para las [&hellip;]<\/p>\n","protected":false},"author":1,"featured_media":10590,"comment_status":"open","ping_status":"open","sticky":false,"template":"","format":"standard","meta":{"amp_status":"","footnotes":""},"categories":[3],"tags":[],"class_list":["post-10589","post","type-post","status-publish","format-standard","has-post-thumbnail","hentry","category-de-ultimo-minuto"],"_links":{"self":[{"href":"https:\/\/ermdigital.com\/index.php\/wp-json\/wp\/v2\/posts\/10589","targetHints":{"allow":["GET"]}}],"collection":[{"href":"https:\/\/ermdigital.com\/index.php\/wp-json\/wp\/v2\/posts"}],"about":[{"href":"https:\/\/ermdigital.com\/index.php\/wp-json\/wp\/v2\/types\/post"}],"author":[{"embeddable":true,"href":"https:\/\/ermdigital.com\/index.php\/wp-json\/wp\/v2\/users\/1"}],"replies":[{"embeddable":true,"href":"https:\/\/ermdigital.com\/index.php\/wp-json\/wp\/v2\/comments?post=10589"}],"version-history":[{"count":0,"href":"https:\/\/ermdigital.com\/index.php\/wp-json\/wp\/v2\/posts\/10589\/revisions"}],"wp:featuredmedia":[{"embeddable":true,"href":"https:\/\/ermdigital.com\/index.php\/wp-json\/wp\/v2\/media\/10590"}],"wp:attachment":[{"href":"https:\/\/ermdigital.com\/index.php\/wp-json\/wp\/v2\/media?parent=10589"}],"wp:term":[{"taxonomy":"category","embeddable":true,"href":"https:\/\/ermdigital.com\/index.php\/wp-json\/wp\/v2\/categories?post=10589"},{"taxonomy":"post_tag","embeddable":true,"href":"https:\/\/ermdigital.com\/index.php\/wp-json\/wp\/v2\/tags?post=10589"}],"curies":[{"name":"wp","href":"https:\/\/api.w.org\/{rel}","templated":true}]}}