{"id":10575,"date":"2026-04-01T17:03:05","date_gmt":"2026-04-01T21:03:05","guid":{"rendered":"https:\/\/ermdigital.com\/index.php\/2026\/04\/01\/los-precios-de-la-memoria-han-empezado-a-caer-en-algunos-mercados-aun-queda-mucho-para-dar-por-cerrada-la-crisis-de-la-ia\/"},"modified":"2026-04-01T17:03:05","modified_gmt":"2026-04-01T21:03:05","slug":"los-precios-de-la-memoria-han-empezado-a-caer-en-algunos-mercados-aun-queda-mucho-para-dar-por-cerrada-la-crisis-de-la-ia","status":"publish","type":"post","link":"https:\/\/ermdigital.com\/index.php\/2026\/04\/01\/los-precios-de-la-memoria-han-empezado-a-caer-en-algunos-mercados-aun-queda-mucho-para-dar-por-cerrada-la-crisis-de-la-ia\/","title":{"rendered":"Los precios de la memoria han empezado a caer en algunos mercados. A\u00fan queda mucho para dar por cerrada la crisis de la IA"},"content":{"rendered":"<p>\n      <img decoding=\"async\" src=\"https:\/\/i.blogs.es\/adf7d2\/memoria-ram\/1024_2000.jpeg\" alt=\"Los precios de la memoria han empezado a caer en algunos mercados. A\u00fan queda mucho para dar por cerrada la crisis de la IA \">\n    <\/p>\n<p>Hay una escena que se repite cada vez que el mercado da una tregua, aunque sea m\u00ednima: basta con que el precio de un componente clave empiece a bajar para que surja la sensaci\u00f3n de que lo peor ha pasado. Es exactamente lo que est\u00e1 ocurriendo ahora con la memoria DDR5. En las \u00faltimas semanas <a rel=\"noopener, noreferrer\" href=\"https:\/\/www.trendforce.com\/news\/2026\/03\/31\/news-ddr5-retail-prices-pullback-amid-market-correction-but-industry-players-cite-stable-contract-trends\">se han registrado ca\u00eddas<\/a> en el canal minorista de varios mercados, y eso ha reactivado una pregunta inevitable entre quienes llevan meses siguiendo la evoluci\u00f3n de los precios: si estamos ante el principio del fin de la crisis de la memoria o simplemente ante un ajuste puntual.<\/p>\n<p><!-- BREAK 1 --><\/p>\n<p><strong>Una presi\u00f3n extendida<\/strong>. Para entender lo que estamos viendo ahora conviene ampliar el foco y mirar el recorrido reciente del mercado. <a class=\"text-outboundlink\" href=\"https:\/\/www.xataka.com\/componentes\/8-gb-ram-han-pasado-40-dolares-a-130-cinco-meses-que-hay\" data-vars-post-title=\"El precio de la RAM se ha desbocado y el mejor ejemplo para ver la debacle es un PC de 100 euros: la Raspberry Pi\" data-vars-post-url=\"https:\/\/www.xataka.com\/componentes\/8-gb-ram-han-pasado-40-dolares-a-130-cinco-meses-que-hay\">La subida de precios de la memoria<\/a> no solo ha golpeado al usuario que quiere actualizar su equipo, sino tambi\u00e9n a fabricantes, distribuidores y ensambladores, en un contexto marcado por tensiones de oferta y demanda que llevan meses condicionando compras y estrategias. Por lo tanto, estamos ante un escenario de presi\u00f3n que ha terminado afectando a buena parte del mercado del hardware.<\/p>\n<div class=\"article-asset-video article-asset-normal\">\n<div class=\"asset-content\">\n<div class=\"base-asset-video\">\n<div class=\"js-dailymotion\"><\/div>\n<\/p><\/div>\n<\/p><\/div>\n<\/div>\n<p><strong>D\u00f3nde y cu\u00e1nto est\u00e1n cayendo los precios<\/strong>. M\u00e1s all\u00e1 de la percepci\u00f3n, lo que hay ahora mismo es un cambio medible en algunos escaparates. <a rel=\"noopener, noreferrer\" href=\"https:\/\/www.trendforce.com\/news\/2026\/03\/31\/news-ddr5-retail-prices-pullback-amid-market-correction-but-industry-players-cite-stable-contract-trends\">TrendForce apunta<\/a> a descensos claros en el canal retail de varias regiones. En Europa, el mercado alem\u00e1n registr\u00f3 una ca\u00edda del 7,2% mensual en marzo de 2026, mientras que en Estados Unidos se han visto rebajas superiores al 20% en kits concretos de DDR5 de 32 GB. El caso m\u00e1s llamativo es China, donde m\u00f3dulos de 16 GB han retrocedido entre un 25% y un 30% desde los picos de principios de a\u00f1o.<\/p>\n<p><!-- BREAK 2 --><\/p>\n<p><strong>Una correcci\u00f3n<\/strong>. Detr\u00e1s de este ajuste hay una explicaci\u00f3n bastante m\u00e1s terrenal de lo que podr\u00eda parecer. Seg\u00fan la firma de an\u00e1lisis y las fuentes del sector que cita, el principal factor es una menor tracci\u00f3n del consumo tras meses de precios elevados, lo que ha llevado a muchos compradores a retrasar decisiones y a los distribuidores a acelerar la salida de inventario. A esto se suma un desfase habitual entre el mercado spot y los contratos, que puede tardar entre uno y dos meses en trasladarse a los env\u00edos reales.<\/p>\n<div class=\"article-asset article-asset-normal article-asset-center\">\n<div class=\"desvio-container\">\n<div class=\"desvio\">\n<div class=\"desvio-figure js-desvio-figure\">\n    <a href=\"https:\/\/www.xataka.com\/componentes\/memoria-ram-representa-35-coste-pc-unica-solucion-que-encuentra-hp-equipos-capados\" class=\"pivot-outboundlink\" data-vars-post-title=\"La memoria RAM supone ya el 35% del coste de un nuevo PC, as\u00ed que HP ha tomado la \u00fanica decisi\u00f3n posible\"><br \/>\n     <img loading=\"lazy\" decoding=\"async\" alt=\"La memoria RAM supone ya el 35% del coste de un nuevo PC, as\u00ed que HP ha tomado la \u00fanica decisi\u00f3n posible\" width=\"375\" height=\"142\" src=\"https:\/\/i.blogs.es\/d29467\/hp3\/375_142.jpeg\"><br \/>\n    <\/a>\n   <\/div>\n<div class=\"desvio-summary\">\n<div class=\"desvio-taxonomy js-desvio-taxonomy\">\n     <a href=\"https:\/\/www.xataka.com\/componentes\/memoria-ram-representa-35-coste-pc-unica-solucion-que-encuentra-hp-equipos-capados\" class=\"desvio-taxonomy-anchor pivot-outboundlink\" data-vars-post-title=\"La memoria RAM supone ya el 35% del coste de un nuevo PC, as\u00ed que HP ha tomado la \u00fanica decisi\u00f3n posible\">En Xataka<\/a>\n    <\/div>\n<p>    <a href=\"https:\/\/www.xataka.com\/componentes\/memoria-ram-representa-35-coste-pc-unica-solucion-que-encuentra-hp-equipos-capados\" class=\"desvio-title js-desvio-title pivot-outboundlink\" data-vars-post-title=\"La memoria RAM supone ya el 35% del coste de un nuevo PC, as\u00ed que HP ha tomado la \u00fanica decisi\u00f3n posible\">La memoria RAM supone ya el 35% del coste de un nuevo PC, as\u00ed que HP ha tomado la \u00fanica decisi\u00f3n posible<\/a>\n   <\/div>\n<\/p><\/div>\n<\/p><\/div>\n<\/div>\n<p><strong>El ruido alrededor de TurboQuant<\/strong>. En paralelo a esta correcci\u00f3n ha aparecido un elemento que ha alimentado el debate en el mercado. <a class=\"text-outboundlink\" href=\"https:\/\/www.xataka.com\/robotica-e-ia\/google-ha-logrado-que-ia-consuma-seis-veces-memoria-micron-samsung-sk-hynix-estan-pagando-muy-caro\" data-vars-post-title=\"Google tiene un nuevo m\u00e9todo para que la IA consuma mucha menos memoria. Mal\u00edsimas noticias para Micron y SK Hynix\" data-vars-post-url=\"https:\/\/www.xataka.com\/robotica-e-ia\/google-ha-logrado-que-ia-consuma-seis-veces-memoria-micron-samsung-sk-hynix-estan-pagando-muy-caro\">TurboQuant<\/a>, un algoritmo de compresi\u00f3n de Google, ha sido interpretado en parte de la cobertura reciente como una se\u00f1al de que la presi\u00f3n sobre la RAM podr\u00eda relajarse. Sin embargo, <a rel=\"noopener, noreferrer\" href=\"https:\/\/qz.com\/google-turboquant-breakthrough-memory-chip-stocks-decline\">las lecturas m\u00e1s prudentes<\/a> apuntan en otra direcci\u00f3n, se\u00f1alando que se trata de una mejora incremental y no de un cambio capaz de alterar por s\u00ed solo la demanda estructural, especialmente en memoria para servidores y cargas ligadas a inteligencia artificial, que sigue siendo elevada.<\/p>\n<p><!-- BREAK 3 --><\/p>\n<p><strong>\u00bfFin de la crisis?<\/strong> Todo esto encaja en una idea que el propio sector repite con bastante claridad. A partir de fabricantes de memoria con base en Taiw\u00e1n, los precios por contrato se han mantenido estables pese a la volatilidad en el canal minorista, y la demanda en segmentos como servidores, DRAM y HBM sigue firme, en parte respaldada por acuerdos a varios a\u00f1os con grandes clientes. En este contexto, la correcci\u00f3n actual se interpreta como un ajuste puntual, no como un giro suficiente para dar por resuelto el actual episodio de tensi\u00f3n.<\/p>\n<p><strong>Cautela y m\u00e1s cautela<\/strong>. Lo que estamos viendo en algunos mercados es un alivio puntual para el consumidor, s\u00ed, pero todo apunta a que se trata de una correcci\u00f3n dentro de un ciclo todav\u00eda tensionado por factores de fondo que no han desaparecido. Las previsiones m\u00e1s optimistas hablan de una normalizaci\u00f3n progresiva hacia finales de 2026 en algunos segmentos, mientras que otras la sit\u00faan incluso m\u00e1s all\u00e1. Con este escenario, dar por terminada la crisis de la memoria ser\u00eda adelantarse a unos acontecimientos que, por ahora, siguen lejos de confirmarse.<\/p>\n<p><!-- BREAK 4 --><\/p>\n<p>Im\u00e1genes | <a rel=\"noopener, noreferrer\" href=\"https:\/\/www.pexels.com\/es-es\/foto\/modulos-de-ram-ddr5-rgb-sobre-fondo-amarillo-brillante-33384161\/\">Andrey Matveev<\/a><\/p>\n<p>En Xataka | <a class=\"text-outboundlink\" href=\"https:\/\/www.xataka.com\/componentes\/mercado-memoria-ram-crisis-aparece-ganador-inesperado-china\" data-vars-post-title=\"La IA necesita memoria urgentemente, as\u00ed que Samsung y SK van a inyectar 1.000 millones de d\u00f3lares en China\" data-vars-post-url=\"https:\/\/www.xataka.com\/componentes\/mercado-memoria-ram-crisis-aparece-ganador-inesperado-china\">La IA necesita memoria urgentemente, as\u00ed que Samsung y SK van a inyectar 1.000 millones de d\u00f3lares en China<\/a><\/p>\n<p> &#8211; <br \/> La noticia<br \/>\n      <a href=\"https:\/\/www.xataka.com\/componentes\/precios-memoria-han-empezado-a-caer-algunos-mercados-queda-mucho-para-dar-cerrada-crisis-ia?utm_source=feedburner&amp;utm_medium=feed&amp;utm_campaign=01_Apr_2026\"><br \/>\n       <em> Los precios de la memoria han empezado a caer en algunos mercados. A\u00fan queda mucho para dar por cerrada la crisis de la IA  <\/em><br \/>\n      <\/a><br \/>\n      fue publicada originalmente en<br \/>\n      <a href=\"https:\/\/www.xataka.com\/?utm_source=feedburner&amp;utm_medium=feed&amp;utm_campaign=01_Apr_2026\"><br \/>\n       <strong> Xataka <\/strong><br \/>\n      <\/a><br \/>\n             por <a href=\"https:\/\/www.xataka.com\/autor\/javier-marquez?utm_source=feedburner&amp;utm_medium=feed&amp;utm_campaign=01_Apr_2026\"><br \/>\n        Javier Marquez<br \/>\n       <\/a><br \/>\n      . <\/p>\n<p>\u00a0Hay una escena que se repite cada vez que el mercado da una tregua, aunque sea m\u00ednima: basta con que el precio de un componente clave empiece a bajar para que surja la sensaci\u00f3n de que lo peor ha pasado. Es exactamente lo que est\u00e1 ocurriendo ahora con la memoria DDR5. En las \u00faltimas semanas se han registrado ca\u00eddas en el canal minorista de varios mercados, y eso ha reactivado una pregunta inevitable entre quienes llevan meses siguiendo la evoluci\u00f3n de los precios: si estamos ante el principio del fin de la crisis de la memoria o simplemente ante un ajuste puntual.<br \/>\nUna presi\u00f3n extendida. Para entender lo que estamos viendo ahora conviene ampliar el foco y mirar el recorrido reciente del mercado. La subida de precios de la memoria no solo ha golpeado al usuario que quiere actualizar su equipo, sino tambi\u00e9n a fabricantes, distribuidores y ensambladores, en un contexto marcado por tensiones de oferta y demanda que llevan meses condicionando compras y estrategias. Por lo tanto, estamos ante un escenario de presi\u00f3n que ha terminado afectando a buena parte del mercado del hardware.<\/p>\n<p>D\u00f3nde y cu\u00e1nto est\u00e1n cayendo los precios. M\u00e1s all\u00e1 de la percepci\u00f3n, lo que hay ahora mismo es un cambio medible en algunos escaparates. TrendForce apunta a descensos claros en el canal retail de varias regiones. En Europa, el mercado alem\u00e1n registr\u00f3 una ca\u00edda del 7,2% mensual en marzo de 2026, mientras que en Estados Unidos se han visto rebajas superiores al 20% en kits concretos de DDR5 de 32 GB. El caso m\u00e1s llamativo es China, donde m\u00f3dulos de 16 GB han retrocedido entre un 25% y un 30% desde los picos de principios de a\u00f1o.<br \/>\nUna correcci\u00f3n. Detr\u00e1s de este ajuste hay una explicaci\u00f3n bastante m\u00e1s terrenal de lo que podr\u00eda parecer. Seg\u00fan la firma de an\u00e1lisis y las fuentes del sector que cita, el principal factor es una menor tracci\u00f3n del consumo tras meses de precios elevados, lo que ha llevado a muchos compradores a retrasar decisiones y a los distribuidores a acelerar la salida de inventario. A esto se suma un desfase habitual entre el mercado spot y los contratos, que puede tardar entre uno y dos meses en trasladarse a los env\u00edos reales.<\/p>\n<p>     En Xataka<\/p>\n<p>    La memoria RAM supone ya el 35% del coste de un nuevo PC, as\u00ed que HP ha tomado la \u00fanica decisi\u00f3n posible<\/p>\n<p>El ruido alrededor de TurboQuant. En paralelo a esta correcci\u00f3n ha aparecido un elemento que ha alimentado el debate en el mercado. TurboQuant, un algoritmo de compresi\u00f3n de Google, ha sido interpretado en parte de la cobertura reciente como una se\u00f1al de que la presi\u00f3n sobre la RAM podr\u00eda relajarse. Sin embargo, las lecturas m\u00e1s prudentes apuntan en otra direcci\u00f3n, se\u00f1alando que se trata de una mejora incremental y no de un cambio capaz de alterar por s\u00ed solo la demanda estructural, especialmente en memoria para servidores y cargas ligadas a inteligencia artificial, que sigue siendo elevada.<br \/>\n\u00bfFin de la crisis? Todo esto encaja en una idea que el propio sector repite con bastante claridad. A partir de fabricantes de memoria con base en Taiw\u00e1n, los precios por contrato se han mantenido estables pese a la volatilidad en el canal minorista, y la demanda en segmentos como servidores, DRAM y HBM sigue firme, en parte respaldada por acuerdos a varios a\u00f1os con grandes clientes. En este contexto, la correcci\u00f3n actual se interpreta como un ajuste puntual, no como un giro suficiente para dar por resuelto el actual episodio de tensi\u00f3n.<br \/>\nCautela y m\u00e1s cautela. Lo que estamos viendo en algunos mercados es un alivio puntual para el consumidor, s\u00ed, pero todo apunta a que se trata de una correcci\u00f3n dentro de un ciclo todav\u00eda tensionado por factores de fondo que no han desaparecido. Las previsiones m\u00e1s optimistas hablan de una normalizaci\u00f3n progresiva hacia finales de 2026 en algunos segmentos, mientras que otras la sit\u00faan incluso m\u00e1s all\u00e1. Con este escenario, dar por terminada la crisis de la memoria ser\u00eda adelantarse a unos acontecimientos que, por ahora, siguen lejos de confirmarse.<br \/>\nIm\u00e1genes | Andrey Matveev<br \/>\nEn Xataka | La IA necesita memoria urgentemente, as\u00ed que Samsung y SK van a inyectar 1.000 millones de d\u00f3lares en China<\/p>\n<p>                 &#8211;  La noticia<\/p>\n<p>        Los precios de la memoria han empezado a caer en algunos mercados. A\u00fan queda mucho para dar por cerrada la crisis de la IA  <\/p>\n<p>      fue publicada originalmente en<\/p>\n<p>        Xataka <\/p>\n<p>             por<br \/>\n        Javier Marquez<\/p>\n<p>      .\u00a0\u00a0\u00a0<\/p>\n","protected":false},"excerpt":{"rendered":"<p>Hay una escena que se repite cada vez que el mercado da una tregua, aunque sea m\u00ednima: basta con que el precio de un componente clave empiece a bajar para que surja la sensaci\u00f3n de que lo peor ha pasado. Es exactamente lo que est\u00e1 ocurriendo ahora con la memoria DDR5. En las \u00faltimas semanas [&hellip;]<\/p>\n","protected":false},"author":1,"featured_media":10576,"comment_status":"open","ping_status":"open","sticky":false,"template":"","format":"standard","meta":{"amp_status":"","footnotes":""},"categories":[6],"tags":[],"class_list":["post-10575","post","type-post","status-publish","format-standard","has-post-thumbnail","hentry","category-ciencia-y-tecnologia"],"_links":{"self":[{"href":"https:\/\/ermdigital.com\/index.php\/wp-json\/wp\/v2\/posts\/10575","targetHints":{"allow":["GET"]}}],"collection":[{"href":"https:\/\/ermdigital.com\/index.php\/wp-json\/wp\/v2\/posts"}],"about":[{"href":"https:\/\/ermdigital.com\/index.php\/wp-json\/wp\/v2\/types\/post"}],"author":[{"embeddable":true,"href":"https:\/\/ermdigital.com\/index.php\/wp-json\/wp\/v2\/users\/1"}],"replies":[{"embeddable":true,"href":"https:\/\/ermdigital.com\/index.php\/wp-json\/wp\/v2\/comments?post=10575"}],"version-history":[{"count":0,"href":"https:\/\/ermdigital.com\/index.php\/wp-json\/wp\/v2\/posts\/10575\/revisions"}],"wp:featuredmedia":[{"embeddable":true,"href":"https:\/\/ermdigital.com\/index.php\/wp-json\/wp\/v2\/media\/10576"}],"wp:attachment":[{"href":"https:\/\/ermdigital.com\/index.php\/wp-json\/wp\/v2\/media?parent=10575"}],"wp:term":[{"taxonomy":"category","embeddable":true,"href":"https:\/\/ermdigital.com\/index.php\/wp-json\/wp\/v2\/categories?post=10575"},{"taxonomy":"post_tag","embeddable":true,"href":"https:\/\/ermdigital.com\/index.php\/wp-json\/wp\/v2\/tags?post=10575"}],"curies":[{"name":"wp","href":"https:\/\/api.w.org\/{rel}","templated":true}]}}