{"id":10560,"date":"2026-04-01T15:32:00","date_gmt":"2026-04-01T19:32:00","guid":{"rendered":"https:\/\/ermdigital.com\/index.php\/2026\/04\/01\/definido-el-calendario-de-la-fase-de-grupos-del-mundial-2026-con-72-partidos\/"},"modified":"2026-04-01T15:32:00","modified_gmt":"2026-04-01T19:32:00","slug":"definido-el-calendario-de-la-fase-de-grupos-del-mundial-2026-con-72-partidos","status":"publish","type":"post","link":"https:\/\/ermdigital.com\/index.php\/2026\/04\/01\/definido-el-calendario-de-la-fase-de-grupos-del-mundial-2026-con-72-partidos\/","title":{"rendered":"Definido el calendario de la fase de grupos del Mundial 2026 con 72 partidos"},"content":{"rendered":"<\/p>\n<p><strong>REDACCI\u00d3N DEPORTES (EFE).<\/strong> \u2014 La fase de grupos de la Copa Mundial de la FIFA 2026 qued\u00f3 oficialmente estructurada tras completarse los \u00faltimos cupos clasificatorios, dando paso a un calendario de 72 partidos que se disputar\u00e1n entre el 11 y el 27 de junio.<\/p>\n<p><strong>Te puede interesar <\/strong><a href=\"http:\/\/sheinbaum%20promete%20a%20infantino%20una%20inauguraci%C3%B3n%20del%20mundial%20%C2%ABhist%C3%B3rica%20y%20excepcional%C2%BB\/\">Sheinbaum promete a Infantino una inauguraci\u00f3n del Mundial \u00abhist\u00f3rica y excepcional\u00bb<\/a><\/p>\n<p>El torneo, que por primera vez contar\u00e1 con 48 selecciones y ser\u00e1 organizado de manera conjunta por Estados Unidos, M\u00e9xico y Canad\u00e1, tendr\u00e1 un total de 104 encuentros. El partido inaugural se celebrar\u00e1 el 11 de junio en el Estadio Azteca, donde la Selecci\u00f3n de f\u00fatbol de M\u00e9xico enfrentar\u00e1 a la Selecci\u00f3n de f\u00fatbol de Sud\u00e1frica. La final est\u00e1 programada para el 17 de julio en el MetLife Stadium.<\/p>\n<h3 class=\"wp-block-heading\">\u00daltimos clasificados<\/h3>\n<p>La configuraci\u00f3n definitiva de los grupos se complet\u00f3 tras las repescas. En Europa, avanzaron la Selecci\u00f3n de f\u00fatbol de la Rep\u00fablica Checa, la Selecci\u00f3n de f\u00fatbol de Bosnia y Herzegovina, la Selecci\u00f3n de f\u00fatbol de Turqu\u00eda y la Selecci\u00f3n de f\u00fatbol de Suecia.<\/p>\n<p>En la repesca intercontinental, lograron su boleto la Selecci\u00f3n de f\u00fatbol de la Rep\u00fablica Democr\u00e1tica del Congo y la Selecci\u00f3n de f\u00fatbol de Irak.<\/p>\n<h3 class=\"wp-block-heading\">Formato de competencia<\/h3>\n<p>La primera fase estar\u00e1 compuesta por 12 grupos, de los cuales avanzar\u00e1n 32 selecciones a la ronda eliminatoria. Esta etapa inicial se definir\u00e1 tras la disputa de los 72 encuentros programados en distintas sedes de Norteam\u00e9rica<\/p>\n<hr class=\"wp-block-separator has-alpha-channel-opacity\">\n<h3 class=\"wp-block-heading\"> <strong>Primeros partidos \u2013 Fase de Grupos Mundial 2026<\/strong><\/h3>\n<figure class=\"wp-block-table\">\n<table class=\"has-fixed-layout\">\n<thead>\n<tr>\n<th>Fecha<\/th>\n<th>Partido<\/th>\n<th>Grupo<\/th>\n<th>Estadio<\/th>\n<\/tr>\n<\/thead>\n<tbody>\n<tr>\n<td>11 junio<\/td>\n<td>Selecci\u00f3n de f\u00fatbol de M\u00e9xico vs Selecci\u00f3n de f\u00fatbol de Sud\u00e1frica<\/td>\n<td>A<\/td>\n<td>Estadio Azteca<\/td>\n<\/tr>\n<tr>\n<td>11 junio<\/td>\n<td>Selecci\u00f3n de f\u00fatbol de Corea del Sur vs Selecci\u00f3n de f\u00fatbol de la Rep\u00fablica Checa<\/td>\n<td>A<\/td>\n<td>Estadio Akron<\/td>\n<\/tr>\n<tr>\n<td>12 junio<\/td>\n<td>Selecci\u00f3n de f\u00fatbol de Canad\u00e1 vs Selecci\u00f3n de f\u00fatbol de Bosnia y Herzegovina<\/td>\n<td>B<\/td>\n<td>BMO Field<\/td>\n<\/tr>\n<tr>\n<td>12 junio<\/td>\n<td>Selecci\u00f3n de f\u00fatbol de Estados Unidos vs Selecci\u00f3n de f\u00fatbol de Paraguay<\/td>\n<td>D<\/td>\n<td>MetLife Stadium<\/td>\n<\/tr>\n<tr>\n<td>13 junio<\/td>\n<td>Selecci\u00f3n de f\u00fatbol de Brasil vs Selecci\u00f3n de f\u00fatbol de Marruecos<\/td>\n<td>C<\/td>\n<td>MetLife Stadium<\/td>\n<\/tr>\n<tr>\n<td>14 junio<\/td>\n<td>Selecci\u00f3n de f\u00fatbol de Alemania vs Selecci\u00f3n de f\u00fatbol de Curazao<\/td>\n<td>E<\/td>\n<td>NRG Stadium<\/td>\n<\/tr>\n<tr>\n<td>15 junio<\/td>\n<td>Selecci\u00f3n de f\u00fatbol de Espa\u00f1a vs Selecci\u00f3n de f\u00fatbol de Cabo Verde<\/td>\n<td>H<\/td>\n<td>Mercedes-Benz Stadium<\/td>\n<\/tr>\n<tr>\n<td>16 junio<\/td>\n<td>Selecci\u00f3n de f\u00fatbol de Francia vs Selecci\u00f3n de f\u00fatbol de Senegal<\/td>\n<td>I<\/td>\n<td>MetLife Stadium<\/td>\n<\/tr>\n<tr>\n<td>17 junio<\/td>\n<td>Selecci\u00f3n de f\u00fatbol de Portugal vs Selecci\u00f3n de f\u00fatbol de la Rep\u00fablica Democr\u00e1tica del Congo<\/td>\n<td>K<\/td>\n<td>Gillette Stadium<\/td>\n<\/tr>\n<tr>\n<td>17 junio<\/td>\n<td>Selecci\u00f3n de f\u00fatbol de Inglaterra vs Selecci\u00f3n de f\u00fatbol de Croacia<\/td>\n<td>L<\/td>\n<td>AT&amp;T Stadium<\/td>\n<\/tr>\n<\/tbody>\n<\/table>\n<\/figure>\n<hr class=\"wp-block-separator has-alpha-channel-opacity\">\n<p>Adem\u00e1s, el torneo incluir\u00e1 una amplia variedad de sedes emblem\u00e1ticas como el Mercedes-Benz Stadium, el SoFi Stadium y el Estadio Akron.<\/p>\n<p>Con un formato ampliado y una agenda cargada de encuentros de alto nivel, el Mundial 2026 promete ser el m\u00e1s grande y diverso en la historia del f\u00fatbol, marcando un antes y un despu\u00e9s en la evoluci\u00f3n del torneo.<\/p>\n<p>\u200bREDACCI\u00d3N DEPORTES (EFE). \u2014 La fase de grupos de la Copa Mundial de la FIFA 2026 qued\u00f3 oficialmente estructurada tras completarse los \u00faltimos cupos clasificatorios, dando paso a un calendario de 72 partidos que se disputar\u00e1n entre el 11 y el 27 de junio. Te puede interesar Sheinbaum promete a Infantino una inauguraci\u00f3n del Mundial\u00a0\u00a0F\u00fatbol, Deultimominuto, ElPeri\u00f3dicodelaVerdad, Estados Unidos, Rep\u00fablica Dominicana\u00a0\u00a0<\/p>\n","protected":false},"excerpt":{"rendered":"<p>REDACCI\u00d3N DEPORTES (EFE). \u2014 La fase de grupos de la Copa Mundial de la FIFA 2026 qued\u00f3 oficialmente estructurada tras completarse los \u00faltimos cupos clasificatorios, dando paso a un calendario de 72 partidos que se disputar\u00e1n entre el 11 y el 27 de junio. Te puede interesar Sheinbaum promete a Infantino una inauguraci\u00f3n del Mundial [&hellip;]<\/p>\n","protected":false},"author":1,"featured_media":10561,"comment_status":"open","ping_status":"open","sticky":false,"template":"","format":"standard","meta":{"amp_status":"","footnotes":""},"categories":[3],"tags":[],"class_list":["post-10560","post","type-post","status-publish","format-standard","has-post-thumbnail","hentry","category-de-ultimo-minuto"],"_links":{"self":[{"href":"https:\/\/ermdigital.com\/index.php\/wp-json\/wp\/v2\/posts\/10560","targetHints":{"allow":["GET"]}}],"collection":[{"href":"https:\/\/ermdigital.com\/index.php\/wp-json\/wp\/v2\/posts"}],"about":[{"href":"https:\/\/ermdigital.com\/index.php\/wp-json\/wp\/v2\/types\/post"}],"author":[{"embeddable":true,"href":"https:\/\/ermdigital.com\/index.php\/wp-json\/wp\/v2\/users\/1"}],"replies":[{"embeddable":true,"href":"https:\/\/ermdigital.com\/index.php\/wp-json\/wp\/v2\/comments?post=10560"}],"version-history":[{"count":0,"href":"https:\/\/ermdigital.com\/index.php\/wp-json\/wp\/v2\/posts\/10560\/revisions"}],"wp:featuredmedia":[{"embeddable":true,"href":"https:\/\/ermdigital.com\/index.php\/wp-json\/wp\/v2\/media\/10561"}],"wp:attachment":[{"href":"https:\/\/ermdigital.com\/index.php\/wp-json\/wp\/v2\/media?parent=10560"}],"wp:term":[{"taxonomy":"category","embeddable":true,"href":"https:\/\/ermdigital.com\/index.php\/wp-json\/wp\/v2\/categories?post=10560"},{"taxonomy":"post_tag","embeddable":true,"href":"https:\/\/ermdigital.com\/index.php\/wp-json\/wp\/v2\/tags?post=10560"}],"curies":[{"name":"wp","href":"https:\/\/api.w.org\/{rel}","templated":true}]}}