{"id":10515,"date":"2026-04-01T14:40:22","date_gmt":"2026-04-01T18:40:22","guid":{"rendered":"https:\/\/ermdigital.com\/index.php\/2026\/04\/01\/mas-de-4400-agentes-y-rescatistas-estaran-en-las-calles-para-evitar-tragedias-en-santiago\/"},"modified":"2026-04-01T14:40:22","modified_gmt":"2026-04-01T18:40:22","slug":"mas-de-4400-agentes-y-rescatistas-estaran-en-las-calles-para-evitar-tragedias-en-santiago","status":"publish","type":"post","link":"https:\/\/ermdigital.com\/index.php\/2026\/04\/01\/mas-de-4400-agentes-y-rescatistas-estaran-en-las-calles-para-evitar-tragedias-en-santiago\/","title":{"rendered":"M\u00e1s de 4,400 agentes y rescatistas estar\u00e1n en las calles para evitar tragedias en Santiago"},"content":{"rendered":"<p><strong>Santiago.-<\/strong> Con un despliegue de m\u00e1s de<strong> 4,400 miembros de organismos de seguridad y socorro,<\/strong> las autoridades dejaron iniciado este mi\u00e9rcoles en Santiago el <strong>\u201cOperativo Proteger y Servir Semana Santa 2026\u201d<\/strong>, una jornada preventiva que busca garantizar la seguridad ciudadana, preservar vidas y mantener el orden p\u00fablico durante el asueto de la Semana Mayor.<\/p>\n<p>El operativo es encabezado por la <a href=\"https:\/\/www.policianacional.gob.do\/\" data-type=\"link\" data-id=\"https:\/\/www.policianacional.gob.do\/\" target=\"_blank\" rel=\"noopener\">Polic\u00eda Nacional<\/a>, en coordinaci\u00f3n con las Fuerzas Armadas, el Cuerpo de Bomberos y otros organismos de emergencia, y contar\u00e1 con la presencia de m\u00e1s de 2,300 agentes policiales, seg\u00fan inform\u00f3 el director regional Cibao Central de la instituci\u00f3n del orden, general Jes\u00fas Rafael Tejada Tejada.<\/p>\n<p>El alto oficial explic\u00f3 que el despliegue forma parte de una estrategia conjunta con las autoridades y fuerzas de tarea para fortalecer la prevenci\u00f3n en calles, carreteras, balnearios, zonas comerciales y sectores residenciales de la provincia.<\/p>\n<p>\u201cEstamos ejecutando este operativo de manera conjunta con las autoridades y las fuerzas de tarea para fortalecer las acciones preventivas. Tendremos m\u00e1s de 2,300 miembros de la Polic\u00eda Nacional y, sumados a las Fuerzas Armadas, bomberos y otros organismos, alcanzamos m\u00e1s de 4,400 hombres y mujeres en las calles\u201d, expres\u00f3 Tejada Tejada.<\/p>\n<p>El general sostuvo que la meta es consolidar una Polic\u00eda \u201cm\u00e1s cercana, m\u00e1s profesional y m\u00e1s comprometida con la comunidad\u201d, al tiempo que exhort\u00f3 a la poblaci\u00f3n a actuar con prudencia durante el feriado.<\/p>\n<p>\u201cNuestro objetivo es claro: garantizar la seguridad, el orden p\u00fablico y la convivencia pac\u00edfica, para que esta Semana Santa sea recordada por la uni\u00f3n familiar y el respeto a la vida\u201d, puntualiz\u00f3.<\/p>\n<h3 class=\"wp-block-heading\"><strong>Rosa Santos llama a la reflexi\u00f3n y advierte sobre controles<\/strong><\/h3>\n<p>Durante el acto, la <strong>gobernadora provincial de Santiago, Rosa Santos<\/strong>, afirm\u00f3 que el concepto de \u201cproteger y servir\u201d implica salir a las calles con el compromiso de resguardar tanto a las personas como sus propiedades, as\u00ed como garantizar el derecho de los ciudadanos a transitar en paz y seguridad.<\/p>\n<p>La representante del Poder Ejecutivo tambi\u00e9n defendi\u00f3 las medidas restrictivas adoptadas durante el Viernes Santo, especialmente en torno a fiestas y expendio de bebidas alcoh\u00f3licas, se\u00f1alando que el prop\u00f3sito no es generar malestar, sino evitar incidentes lamentables.<\/p>\n<p>\u201cProteger quiere decir que vamos a la calle con un gran reto: cuidar a cada ciudadano. La idea de este operativo es proteger a las personas, cuidar la propiedad privada y garantizar el derecho de todos a transitar libremente y de manera segura\u201d, manifest\u00f3.<\/p>\n<p>Rosa Santos hizo un llamado directo a las familias santiagueras para que asuman la Semana Santa como un tiempo de reflexi\u00f3n y responsabilidad.<\/p>\n<blockquote class=\"wp-block-quote is-layout-flow wp-block-quote-is-layout-flow\">\n<p>\u201cLe decimos a cada hombre y mujer que tambi\u00e9n les toca proteger su casa, su familia y sus bienes. Nosotros estaremos en las calles, de manera gratuita y desinteresada, para cuidar la vida y el patrimonio de la gente\u201d, agreg\u00f3.<\/p>\n<\/blockquote>\n<h3 class=\"wp-block-heading\"><strong>Interior y Polic\u00eda resalta seguridad como pilar del desarrollo<\/strong><\/h3>\n<p>De su lado, la<strong> viceministra del Ministerio de Interior y Polic\u00eda, \u00c1ngela J\u00e1quez<\/strong>, subray\u00f3 que la seguridad ciudadana es uno de los pilares fundamentales para el avance de cualquier territorio, junto a la salud y la educaci\u00f3n.<\/p>\n<p>La funcionaria expres\u00f3 su confianza en que la provincia de Santiago, compuesta por 10 municipios y 16 distritos municipales, mantendr\u00e1 durante el asueto un comportamiento ejemplar.<\/p>\n<p>\u201cSiempre pedimos por la vida. Hay tres pilares fundamentales para hacer avanzar un territorio: salud, educaci\u00f3n y seguridad ciudadana. Sin esos tres pilares, ning\u00fan territorio en el mundo avanza\u201d, indic\u00f3.<\/p>\n<p>J\u00e1quez confi\u00f3 en la madurez y civismo del pueblo santiagu\u00e9s para vivir una Semana Santa en orden, paz y respeto.<\/p>\n<h3 class=\"wp-block-heading\"><strong>Vigilancia reforzada en toda la provincia<\/strong><\/h3>\n<p>Las autoridades informaron que el operativo abarcar\u00e1 <strong>vigilancia reforzada<\/strong> en puntos estrat\u00e9gicos de la provincia, con presencia activa de agentes y unidades de respuesta r\u00e1pida para prevenir accidentes, hechos delictivos, alteraciones al orden y situaciones que pongan en riesgo a la ciudadan\u00eda durante el largo feriado.<\/p>\n<p>Con este despliegue, Santiago se suma al dispositivo nacional de prevenci\u00f3n con el que las autoridades buscan reducir incidentes durante una de las fechas de mayor movilidad y concentraci\u00f3n de personas en el pa\u00eds.<\/p>\n<p>En los operativos participar\u00e1n , agentes policiales, militares, Defensa civil, Digesett y otras instituciones<\/p>\n<p>\u200bSantiago.- Con un despliegue de m\u00e1s de 4,400 miembros de organismos de seguridad y socorro, las autoridades dejaron iniciado este mi\u00e9rcoles en Santiago el \u201cOperativo Proteger y Servir Semana Santa 2026\u201d, una jornada preventiva que busca garantizar la seguridad ciudadana, preservar vidas y mantener el orden p\u00fablico durante el asueto de la Semana Mayor. El\u00a0\u00a0Nacionales, agentes, Polic\u00eda Nacional, Rescatistas, Santiago, Semana Santa\u00a0\u00a0<\/p>\n","protected":false},"excerpt":{"rendered":"<p>Santiago.- Con un despliegue de m\u00e1s de 4,400 miembros de organismos de seguridad y socorro, las autoridades dejaron iniciado este mi\u00e9rcoles en Santiago el \u201cOperativo Proteger y Servir Semana Santa 2026\u201d, una jornada preventiva que busca garantizar la seguridad ciudadana, preservar vidas y mantener el orden p\u00fablico durante el asueto de la Semana Mayor. El [&hellip;]<\/p>\n","protected":false},"author":1,"featured_media":10516,"comment_status":"open","ping_status":"open","sticky":false,"template":"","format":"standard","meta":{"amp_status":"","footnotes":""},"categories":[3],"tags":[],"class_list":["post-10515","post","type-post","status-publish","format-standard","has-post-thumbnail","hentry","category-de-ultimo-minuto"],"_links":{"self":[{"href":"https:\/\/ermdigital.com\/index.php\/wp-json\/wp\/v2\/posts\/10515","targetHints":{"allow":["GET"]}}],"collection":[{"href":"https:\/\/ermdigital.com\/index.php\/wp-json\/wp\/v2\/posts"}],"about":[{"href":"https:\/\/ermdigital.com\/index.php\/wp-json\/wp\/v2\/types\/post"}],"author":[{"embeddable":true,"href":"https:\/\/ermdigital.com\/index.php\/wp-json\/wp\/v2\/users\/1"}],"replies":[{"embeddable":true,"href":"https:\/\/ermdigital.com\/index.php\/wp-json\/wp\/v2\/comments?post=10515"}],"version-history":[{"count":0,"href":"https:\/\/ermdigital.com\/index.php\/wp-json\/wp\/v2\/posts\/10515\/revisions"}],"wp:featuredmedia":[{"embeddable":true,"href":"https:\/\/ermdigital.com\/index.php\/wp-json\/wp\/v2\/media\/10516"}],"wp:attachment":[{"href":"https:\/\/ermdigital.com\/index.php\/wp-json\/wp\/v2\/media?parent=10515"}],"wp:term":[{"taxonomy":"category","embeddable":true,"href":"https:\/\/ermdigital.com\/index.php\/wp-json\/wp\/v2\/categories?post=10515"},{"taxonomy":"post_tag","embeddable":true,"href":"https:\/\/ermdigital.com\/index.php\/wp-json\/wp\/v2\/tags?post=10515"}],"curies":[{"name":"wp","href":"https:\/\/api.w.org\/{rel}","templated":true}]}}