{"id":10513,"date":"2026-04-01T14:43:54","date_gmt":"2026-04-01T18:43:54","guid":{"rendered":"https:\/\/ermdigital.com\/index.php\/2026\/04\/01\/ulises-rodriguez-advierte-en-santiago-habra-mano-dura-contra-quienes-violen-las-disposiciones-durante-semana-santa\/"},"modified":"2026-04-01T14:43:54","modified_gmt":"2026-04-01T18:43:54","slug":"ulises-rodriguez-advierte-en-santiago-habra-mano-dura-contra-quienes-violen-las-disposiciones-durante-semana-santa","status":"publish","type":"post","link":"https:\/\/ermdigital.com\/index.php\/2026\/04\/01\/ulises-rodriguez-advierte-en-santiago-habra-mano-dura-contra-quienes-violen-las-disposiciones-durante-semana-santa\/","title":{"rendered":"Ulises Rodr\u00edguez advierte: en Santiago habr\u00e1 mano dura contra quienes violen las disposiciones durante Semana Santa"},"content":{"rendered":"<p><strong>Santiago.-<\/strong> El alcalde del municipio de Santiago, <a href=\"https:\/\/deultimominuto.net\/nacionales\/ulises-rodriguez-agradece-apoyo-de-comerciantes-y-empresarios\/\" data-type=\"post\" data-id=\"306792\">Ulises Rodr\u00edguez<\/a>, advirti\u00f3 este mi\u00e9rcoles que en esta ciudad habr\u00e1 \u201cmedidas dr\u00e1sticas\u201d contra toda persona que desacate las disposiciones establecidas por las autoridades durante el asueto de Semana Santa, al tiempo que garantiz\u00f3 un respaldo total de la Alcald\u00eda al amplio operativo de seguridad desplegado en la provincia.<\/p>\n<p>El ejecutivo municipal asegur\u00f3 que el Ayuntamiento se mantiene en vigilancia permanente y en coordinaci\u00f3n 24\/7 con la Polic\u00eda Nacional, el Ej\u00e9rcito, el Ministerio P\u00fablico, la Digesett y dem\u00e1s organismos de seguridad y socorro, con el objetivo de preservar el orden, proteger vidas y evitar hechos lamentables durante la Semana Mayor.<\/p>\n<h3 class=\"wp-block-heading\"><strong>Leer m\u00e1s: <a href=\"https:\/\/deultimominuto.net\/nacionales\/fuertes-lluvias-inundan-avenidas\/\" data-type=\"post\" data-id=\"633880\">Fuertes lluvias inundan avenidas y sectores de Santiago<\/a><\/strong><\/h3>\n<p>\u201cEstaremos vigilantes, d\u00e1ndole todo el apoyo necesario para que la gente pueda transitar segura, y que tambi\u00e9n lo que deje en su casa pueda estar tranquilo\u201d, expres\u00f3 Rodr\u00edguez, al insistir en que las autoridades actuar\u00e1n con firmeza frente a cualquier violaci\u00f3n a las normas.<\/p>\n<p>El alcalde fue enf\u00e1tico al se\u00f1alar que no se permitir\u00e1 el desorden ni la imprudencia en Santiago, por lo que llam\u00f3 a la poblaci\u00f3n a asumir con responsabilidad el feriado y a acatar las medidas preventivas dispuestas por los organismos competentes.<\/p>\n<p>Rodr\u00edguez explic\u00f3 que la Alcald\u00eda ha puesto a disposici\u00f3n del operativo a la Polic\u00eda Municipal, que se encuentra integrada a las labores de vigilancia junto a los cuerpos del orden y de tr\u00e1nsito, reforzando la presencia institucional en distintos puntos estrat\u00e9gicos del municipio.<\/p>\n<p>\u201cEstamos 24\/7 conectados con la Polic\u00eda Nacional y con la parte de tr\u00e1nsito, coordinando los operativos\u2026 la Alcald\u00eda est\u00e1 d\u00e1ndole apoyo a todas las instituciones p\u00fablicas\u201d, sostuvo.<\/p>\n<p>El funcionario subray\u00f3 que, como gobierno local, el cabildo tiene la responsabilidad de dar seguimiento a todo lo que ocurre en la ciudad, por lo que mantiene una comunicaci\u00f3n constante con las dem\u00e1s autoridades para actuar de inmediato ante cualquier eventualidad.<\/p>\n<p>Las declaraciones del alcalde se producen en el marco del lanzamiento del Operativo Proteger y Servir Semana Santa 2026, mediante el cual miles de agentes, militares y rescatistas han sido desplegados en Santiago para prevenir accidentes, hechos violentos, robos y alteraciones del orden p\u00fablico durante el largo asueto de la Samana Mayor feriado.<\/p>\n<p>\u200bSantiago.- El alcalde del municipio de Santiago, Ulises Rodr\u00edguez, advirti\u00f3 este mi\u00e9rcoles que en esta ciudad habr\u00e1 \u201cmedidas dr\u00e1sticas\u201d contra toda persona que desacate las disposiciones establecidas por las autoridades durante el asueto de Semana Santa, al tiempo que garantiz\u00f3 un respaldo total de la Alcald\u00eda al amplio operativo de seguridad desplegado en la provincia.\u00a0\u00a0Nacionales, Deultimominuto, ElPeri\u00f3dicodelaVerdad, Rep\u00fablica Dominicana, Santiago, Semana Santa\u00a0\u00a0<\/p>\n","protected":false},"excerpt":{"rendered":"<p>Santiago.- El alcalde del municipio de Santiago, Ulises Rodr\u00edguez, advirti\u00f3 este mi\u00e9rcoles que en esta ciudad habr\u00e1 \u201cmedidas dr\u00e1sticas\u201d contra toda persona que desacate las disposiciones establecidas por las autoridades durante el asueto de Semana Santa, al tiempo que garantiz\u00f3 un respaldo total de la Alcald\u00eda al amplio operativo de seguridad desplegado en la provincia. [&hellip;]<\/p>\n","protected":false},"author":1,"featured_media":10514,"comment_status":"open","ping_status":"open","sticky":false,"template":"","format":"standard","meta":{"amp_status":"","footnotes":""},"categories":[3],"tags":[],"class_list":["post-10513","post","type-post","status-publish","format-standard","has-post-thumbnail","hentry","category-de-ultimo-minuto"],"_links":{"self":[{"href":"https:\/\/ermdigital.com\/index.php\/wp-json\/wp\/v2\/posts\/10513","targetHints":{"allow":["GET"]}}],"collection":[{"href":"https:\/\/ermdigital.com\/index.php\/wp-json\/wp\/v2\/posts"}],"about":[{"href":"https:\/\/ermdigital.com\/index.php\/wp-json\/wp\/v2\/types\/post"}],"author":[{"embeddable":true,"href":"https:\/\/ermdigital.com\/index.php\/wp-json\/wp\/v2\/users\/1"}],"replies":[{"embeddable":true,"href":"https:\/\/ermdigital.com\/index.php\/wp-json\/wp\/v2\/comments?post=10513"}],"version-history":[{"count":0,"href":"https:\/\/ermdigital.com\/index.php\/wp-json\/wp\/v2\/posts\/10513\/revisions"}],"wp:featuredmedia":[{"embeddable":true,"href":"https:\/\/ermdigital.com\/index.php\/wp-json\/wp\/v2\/media\/10514"}],"wp:attachment":[{"href":"https:\/\/ermdigital.com\/index.php\/wp-json\/wp\/v2\/media?parent=10513"}],"wp:term":[{"taxonomy":"category","embeddable":true,"href":"https:\/\/ermdigital.com\/index.php\/wp-json\/wp\/v2\/categories?post=10513"},{"taxonomy":"post_tag","embeddable":true,"href":"https:\/\/ermdigital.com\/index.php\/wp-json\/wp\/v2\/tags?post=10513"}],"curies":[{"name":"wp","href":"https:\/\/api.w.org\/{rel}","templated":true}]}}