{"id":10509,"date":"2026-04-01T15:17:27","date_gmt":"2026-04-01T19:17:27","guid":{"rendered":"https:\/\/ermdigital.com\/index.php\/2026\/04\/01\/lamine-yamal-denuncia-canticos-islamofobos-tras-amistoso-entre-espana-y-egipto\/"},"modified":"2026-04-01T15:17:27","modified_gmt":"2026-04-01T19:17:27","slug":"lamine-yamal-denuncia-canticos-islamofobos-tras-amistoso-entre-espana-y-egipto","status":"publish","type":"post","link":"https:\/\/ermdigital.com\/index.php\/2026\/04\/01\/lamine-yamal-denuncia-canticos-islamofobos-tras-amistoso-entre-espana-y-egipto\/","title":{"rendered":"Lamine Yamal denuncia c\u00e1nticos islam\u00f3fobos tras amistoso entre Espa\u00f1a y Egipto"},"content":{"rendered":"<\/p>\n<p><strong>BARCELONA, ESPA\u00d1A.<\/strong> \u2014 El delantero de la Selecci\u00f3n de f\u00fatbol de Espa\u00f1a, Lamine Yamal, calific\u00f3 como una \u201cfalta de respeto intolerable\u201d los c\u00e1nticos islam\u00f3fobos que se escucharon durante el partido amistoso ante la Selecci\u00f3n de f\u00fatbol de Egipto, disputado en el RCDE Stadium.<\/p>\n<\/p>\n<p>El jugador del FC Barcelona expres\u00f3 su reacci\u00f3n a trav\u00e9s de sus redes sociales, donde record\u00f3 p\u00fablicamente su religi\u00f3n y conden\u00f3 el comportamiento de un sector de la afici\u00f3n presente en el estadio.<\/p>\n<p><strong>Te puede interesar: <\/strong><a href=\"https:\/\/deultimominuto.net\/category\/deportes\/#google_vignette\">El Tottenham ficha a De Zerbi, su tercer entrenador de la temporada<\/a><\/p>\n<p>\u201cYo soy musulm\u00e1n. S\u00e9 que el c\u00e1ntico iba dirigido al equipo rival y no era algo personal contra m\u00ed, pero como persona musulmana no deja de ser una falta de respeto y algo intolerable\u201d, manifest\u00f3 el joven futbolista, quien adem\u00e1s calific\u00f3 a los responsables de los c\u00e1nticos como \u201cignorantes y racistas\u201d.<\/p>\n<p>Yamal, que disput\u00f3 la primera mitad del encuentro y se encontraba en el terreno de juego cuando comenzaron los c\u00e1nticos, se\u00f1al\u00f3 que el f\u00fatbol debe ser un espacio para disfrutar y apoyar, no para faltar al respeto por motivos religiosos o personales.<\/p>\n<p>El extremo tambi\u00e9n quiso dejar claro que no toda la afici\u00f3n tuvo ese comportamiento y agradeci\u00f3 a los seguidores que asistieron al partido para apoyar a la selecci\u00f3n.<\/p>\n<p>El futbolista cerr\u00f3 su mensaje con una frase que mira al futuro: \u201cNos vemos en el Mundial\u201d, en referencia a la pr\u00f3xima Copa del Mundo de 2026.<\/p>\n<p>\u200bBARCELONA, ESPA\u00d1A. \u2014 El delantero de la Selecci\u00f3n de f\u00fatbol de Espa\u00f1a, Lamine Yamal, calific\u00f3 como una \u201cfalta de respeto intolerable\u201d los c\u00e1nticos islam\u00f3fobos que se escucharon durante el partido amistoso ante la Selecci\u00f3n de f\u00fatbol de Egipto, disputado en el RCDE Stadium. El jugador del FC Barcelona expres\u00f3 su reacci\u00f3n a trav\u00e9s de sus\u00a0\u00a0F\u00fatbol, Deultimominuto, ElPeri\u00f3dicodelaVerdad, Rep\u00fablica Dominicana\u00a0\u00a0<\/p>\n","protected":false},"excerpt":{"rendered":"<p>BARCELONA, ESPA\u00d1A. \u2014 El delantero de la Selecci\u00f3n de f\u00fatbol de Espa\u00f1a, Lamine Yamal, calific\u00f3 como una \u201cfalta de respeto intolerable\u201d los c\u00e1nticos islam\u00f3fobos que se escucharon durante el partido amistoso ante la Selecci\u00f3n de f\u00fatbol de Egipto, disputado en el RCDE Stadium. El jugador del FC Barcelona expres\u00f3 su reacci\u00f3n a trav\u00e9s de sus [&hellip;]<\/p>\n","protected":false},"author":1,"featured_media":10510,"comment_status":"open","ping_status":"open","sticky":false,"template":"","format":"standard","meta":{"amp_status":"","footnotes":""},"categories":[3],"tags":[],"class_list":["post-10509","post","type-post","status-publish","format-standard","has-post-thumbnail","hentry","category-de-ultimo-minuto"],"_links":{"self":[{"href":"https:\/\/ermdigital.com\/index.php\/wp-json\/wp\/v2\/posts\/10509","targetHints":{"allow":["GET"]}}],"collection":[{"href":"https:\/\/ermdigital.com\/index.php\/wp-json\/wp\/v2\/posts"}],"about":[{"href":"https:\/\/ermdigital.com\/index.php\/wp-json\/wp\/v2\/types\/post"}],"author":[{"embeddable":true,"href":"https:\/\/ermdigital.com\/index.php\/wp-json\/wp\/v2\/users\/1"}],"replies":[{"embeddable":true,"href":"https:\/\/ermdigital.com\/index.php\/wp-json\/wp\/v2\/comments?post=10509"}],"version-history":[{"count":0,"href":"https:\/\/ermdigital.com\/index.php\/wp-json\/wp\/v2\/posts\/10509\/revisions"}],"wp:featuredmedia":[{"embeddable":true,"href":"https:\/\/ermdigital.com\/index.php\/wp-json\/wp\/v2\/media\/10510"}],"wp:attachment":[{"href":"https:\/\/ermdigital.com\/index.php\/wp-json\/wp\/v2\/media?parent=10509"}],"wp:term":[{"taxonomy":"category","embeddable":true,"href":"https:\/\/ermdigital.com\/index.php\/wp-json\/wp\/v2\/categories?post=10509"},{"taxonomy":"post_tag","embeddable":true,"href":"https:\/\/ermdigital.com\/index.php\/wp-json\/wp\/v2\/tags?post=10509"}],"curies":[{"name":"wp","href":"https:\/\/api.w.org\/{rel}","templated":true}]}}