{"id":10505,"date":"2026-04-01T14:30:24","date_gmt":"2026-04-01T18:30:24","guid":{"rendered":"https:\/\/ermdigital.com\/index.php\/2026\/04\/01\/paris-tiene-un-trafico-tan-caotico-que-ya-juguetean-con-una-idea-reconvertir-su-m-30-para-circular-en-bici-y-pasear\/"},"modified":"2026-04-01T14:30:24","modified_gmt":"2026-04-01T18:30:24","slug":"paris-tiene-un-trafico-tan-caotico-que-ya-juguetean-con-una-idea-reconvertir-su-m-30-para-circular-en-bici-y-pasear","status":"publish","type":"post","link":"https:\/\/ermdigital.com\/index.php\/2026\/04\/01\/paris-tiene-un-trafico-tan-caotico-que-ya-juguetean-con-una-idea-reconvertir-su-m-30-para-circular-en-bici-y-pasear\/","title":{"rendered":"Par\u00eds tiene un tr\u00e1fico tan ca\u00f3tico que ya juguetean con una idea: reconvertir su M-30 para circular en bici y pasear"},"content":{"rendered":"<p>\n      <img decoding=\"async\" src=\"https:\/\/i.blogs.es\/10d12d\/paris-trafico\/1024_2000.jpeg\" alt=\"Par\u00eds tiene un tr\u00e1fico tan ca\u00f3tico que ya juguetean con una idea: reconvertir su M-30 para circular en bici y pasear\">\n    <\/p>\n<p>El <a rel=\"noopener, noreferrer\" href=\"https:\/\/casdinteret.com\/2020\/09\/peripherique-congested-beltway-of-paris-to-become-greenspace\/\">Boulevard P\u00e9riph\u00e9rique<\/a> es una suerte de M-30 a la parisina. La ciudad francesa tiene, como Madrid, una carretera de circunvalaci\u00f3n con una longitud de 35 kil\u00f3metros. Fue ideada en 1958 para desatascar el tr\u00e1fico rodado por el centro de la ciudad con un claro objetivo: era m\u00e1s r\u00e1pido rodear el centro de la ciudad a una velocidad sostenida que pasar por el centro de la misma.\u00a0<\/p>\n<p><!-- BREAK 1 --><\/p>\n<p>Ambos proyectos han crecido con vidas paralelas. La carretera parisina no se termin\u00f3 hasta bien entrada la d\u00e9cada de los 70 y Madrid comenz\u00f3 la construcci\u00f3n de la suya en esa misma d\u00e9cada. Pero, con el tiempo, han vivido los mismos problemas. R\u00e1pidamente, <a rel=\"noopener, noreferrer\" href=\"https:\/\/web.upm.es\/comunicacion\/es\/comunicacion\/50-anos-de-la-m-30-el-anillo-vital-de-madrid-y-su-evolucion-historica\">la carretera qued\u00f3 absorbida por la propia ciudad<\/a>, creando una suerte de autopista urbana.\u00a0<\/p>\n<p>Eso ha provocado una serie de <strong>problemas<\/strong>. El primero de contaminaci\u00f3n, tanto por emisiones de los veh\u00edculos como por el ruido generado. Pero tambi\u00e9n problemas sociales con muros arquitect\u00f3nicos que dificultan el paso peatonal o en bicicleta y que rompen la cohesi\u00f3n interna de la ciudad. <a class=\"text-outboundlink\" href=\"https:\/\/www.xataka.com\/magnet\/se-suponia-que-madrid-habia-renaturalizado-manzanares-su-ecosistema-ahora-ha-convertido-otra-atraccion-turistica\" data-vars-post-title=\"Madrid ha convertido el Manzanares en una nueva atracci\u00f3n tur\u00edstica con leds. Los vecinos tienen algo que decir\" data-vars-post-url=\"https:\/\/www.xataka.com\/magnet\/se-suponia-que-madrid-habia-renaturalizado-manzanares-su-ecosistema-ahora-ha-convertido-otra-atraccion-turistica\">Madrid ha solucionado parte de este problema con Madrid R\u00edo<\/a>, enterrando una parte de la misma y, ahora, <a class=\"text-outboundlink\" href=\"https:\/\/www.xataka.com\/movilidad\/madrid-quiere-echarle-110-000-toneladas-peso-encima-a-m-30-reto-no-tecnico-no-colapsar-via\" data-vars-post-title=\"Madrid quiere echarle 110.000 toneladas de peso encima a la M-30. Y el reto no es t\u00e9cnico: es no colapsar la v\u00eda\" data-vars-post-url=\"https:\/\/www.xataka.com\/movilidad\/madrid-quiere-echarle-110-000-toneladas-peso-encima-a-m-30-reto-no-tecnico-no-colapsar-via\">cubriendo el paso de Ventas<\/a>.\u00a0<\/p>\n<p><!-- BREAK 2 --><\/p>\n<p>En Par\u00eds se han encontrado con una situaci\u00f3n similar. El Boulevard P\u00e9riph\u00e9ric se construy\u00f3 sobre los restos del antiguo muro de Thiers, una fortificaci\u00f3n defensiva terminada en el a\u00f1o 1844 que a principios del siglo XX era totalmente in\u00fatil y dificultaba el paso al interior de la ciudad de quienes viv\u00edan fuera de la muralla. Lo que no imaginaban es que <a rel=\"noopener, noreferrer\" href=\"https:\/\/fabricofparis.com\/2022\/11\/18\/the-last-wall-of-paris-the-story-of-the-boulevard-peripherique.html\">estaban a punto de crear un nuevo muro<\/a>.\u00a0<\/p>\n<p>La ciudad lleva a\u00f1os debatiendo qu\u00e9 hacer con esta v\u00eda de circunvalaci\u00f3n. Ya se han tomado medidas para tratar de reducir el tr\u00e1fico. La \u00faltima propuesta pasa por reconvertirla en un verdadero bulevar, con sus \u00e1rboles, sus pasos de peatones y sus carriles bici.<\/p>\n<p><!-- BREAK 3 --><\/p>\n<div class=\"article-asset article-asset-normal article-asset-center\">\n<div class=\"desvio-container\">\n<div class=\"desvio\">\n<div class=\"desvio-figure js-desvio-figure\">\n    <a href=\"https:\/\/www.xataka.com\/magnet\/ambicioso-plan-paris-para-solucionar-problema-vivienda-convertir-oficinas-aparcamientos-pisos\" class=\"pivot-outboundlink\" data-vars-post-title=\"Par\u00eds tiene muy pocas viviendas disponibles y muchas oficinas y aparcamientos vac\u00edos. As\u00ed que ha sumado dos m\u00e1s dos\"><br \/>\n     <img loading=\"lazy\" decoding=\"async\" alt=\"Par\u00eds tiene muy pocas viviendas disponibles y muchas oficinas y aparcamientos vac\u00edos. As\u00ed que ha sumado dos m\u00e1s dos\" width=\"375\" height=\"142\" src=\"https:\/\/i.blogs.es\/e11a05\/paris_-8581686351-\/375_142.jpeg\"><br \/>\n    <\/a>\n   <\/div>\n<div class=\"desvio-summary\">\n<div class=\"desvio-taxonomy js-desvio-taxonomy\">\n     <a href=\"https:\/\/www.xataka.com\/magnet\/ambicioso-plan-paris-para-solucionar-problema-vivienda-convertir-oficinas-aparcamientos-pisos\" class=\"desvio-taxonomy-anchor pivot-outboundlink\" data-vars-post-title=\"Par\u00eds tiene muy pocas viviendas disponibles y muchas oficinas y aparcamientos vac\u00edos. As\u00ed que ha sumado dos m\u00e1s dos\">En Xataka<\/a>\n    <\/div>\n<p>    <a href=\"https:\/\/www.xataka.com\/magnet\/ambicioso-plan-paris-para-solucionar-problema-vivienda-convertir-oficinas-aparcamientos-pisos\" class=\"desvio-title js-desvio-title pivot-outboundlink\" data-vars-post-title=\"Par\u00eds tiene muy pocas viviendas disponibles y muchas oficinas y aparcamientos vac\u00edos. As\u00ed que ha sumado dos m\u00e1s dos\">Par\u00eds tiene muy pocas viviendas disponibles y muchas oficinas y aparcamientos vac\u00edos. As\u00ed que ha sumado dos m\u00e1s dos<\/a>\n   <\/div>\n<\/p><\/div>\n<\/p><\/div>\n<\/div>\n<h2>Una nueva alcald\u00eda, un viejo proyecto<\/h2>\n<p>Durante la alcald\u00eda de Anne Hidalgo, la ciudad ha tomado diversas medidas para reducir el tr\u00e1fico en el centro de la ciudad, calmar el paso de los veh\u00edculos y penalizar a quienes llegan hasta el coraz\u00f3n de Par\u00eds en coche. As\u00ed, se ha implementado un proyecto para <a class=\"text-outboundlink\" href=\"https:\/\/www.xataka.com\/magnet\/ano-que-europa-se-rindio-al-carril-bici-1-000-kilometros-nuevos-48-uso\" data-vars-post-title=\"El a\u00f1o en que Europa se rindi\u00f3 al carril bici: 1.000 kil\u00f3metros nuevos y hasta un 48% m\u00e1s de uso \" data-vars-post-url=\"https:\/\/www.xataka.com\/magnet\/ano-que-europa-se-rindio-al-carril-bici-1-000-kilometros-nuevos-48-uso\">multiplicar el n\u00famero de carriles bici<\/a>, <a class=\"text-outboundlink\" href=\"https:\/\/www.xataka.com\/movilidad\/paris-se-fija-madrid-barcelona-restringira-trafico-centro-ciudad\" data-vars-post-title='Par\u00eds pone fin a los viajes de tr\u00e1nsito en sus calles: \"S\u00f3lo el 30% de los conductores necesita su coche\"' data-vars-post-url=\"https:\/\/www.xataka.com\/movilidad\/paris-se-fija-madrid-barcelona-restringira-trafico-centro-ciudad\">reducir los trayectos que pasan por el interior de la ciudad<\/a> y <a class=\"text-outboundlink\" href=\"https:\/\/www.xataka.com\/movilidad\/paris-expulsara-a-suv-vota-a-favor-que-paguen-18-euros-hora-aparcar-medio-polemica\" data-vars-post-title=\"Si tienes un SUV, 18 euros por aparcar: Par\u00eds ha decidido democr\u00e1ticamente penalizar a los coches pesados \" data-vars-post-url=\"https:\/\/www.xataka.com\/movilidad\/paris-expulsara-a-suv-vota-a-favor-que-paguen-18-euros-hora-aparcar-medio-polemica\">castigar a los que llegan con un SUV hasta la misma Torre Eiffel<\/a>.\u00a0\u00a0<\/p>\n<p><!-- BREAK 4 --><\/p>\n<p>Hidalgo ha dado el relevo a Emmanuel Gr\u00e9goire, quien ha conseguido mantener el control de la ciudad en manos de los socialistas. Y ahora se abre un nuevo mel\u00f3n: <strong>\u00bfqu\u00e9 hacer con la M-30 parisina?<\/strong><\/p>\n<p>Bajo el mandato de Hidalgo, la carretera ya hab\u00eda dado los primeros pasos para convertirse en un verdadero bulevar. As\u00ed, <a rel=\"noopener, noreferrer\" href=\"https:\/\/www.lemonde.fr\/en\/environment\/article\/2025\/10\/01\/reducing-speed-limit-to-50-km-h-on-paris-ring-road-has-reportedly-led-to-less-traffic-pollution-and-noise_6745992_114.html\">la velocidad se ha reducido a 50 km\/h<\/a> pero el atasco es tan serio que la mayor\u00eda de los conductores dec\u00edan que no notaban la diferencia.\u00a0<\/p>\n<p><!-- BREAK 5 --><\/p>\n<div class=\"article-asset article-asset-normal article-asset-center\">\n<div class=\"desvio-container\">\n<div class=\"desvio\">\n<div class=\"desvio-figure js-desvio-figure\">\n    <a href=\"https:\/\/www.xataka.com\/movilidad\/paris-va-a-celebrar-referendum-para-echar-sus-calles-al-que-se-ha-convertido-su-primer-enemigo-suv\" class=\"pivot-outboundlink\" data-vars-post-title=\"Par\u00eds va a celebrar un refer\u00e9ndum para echar de sus calles al que se ha convertido en su primer enemigo: los SUV \"><br \/>\n     <img loading=\"lazy\" decoding=\"async\" alt=\"Par\u00eds va a celebrar un refer\u00e9ndum para echar de sus calles al que se ha convertido en su primer enemigo: los SUV \" width=\"375\" height=\"142\" src=\"https:\/\/i.blogs.es\/637e33\/vitoria-beatriz-fetter-ulojaxgjwyi-unsplash\/375_142.jpeg\"><br \/>\n    <\/a>\n   <\/div>\n<div class=\"desvio-summary\">\n<div class=\"desvio-taxonomy js-desvio-taxonomy\">\n     <a href=\"https:\/\/www.xataka.com\/movilidad\/paris-va-a-celebrar-referendum-para-echar-sus-calles-al-que-se-ha-convertido-su-primer-enemigo-suv\" class=\"desvio-taxonomy-anchor pivot-outboundlink\" data-vars-post-title=\"Par\u00eds va a celebrar un refer\u00e9ndum para echar de sus calles al que se ha convertido en su primer enemigo: los SUV \">En Xataka<\/a>\n    <\/div>\n<p>    <a href=\"https:\/\/www.xataka.com\/movilidad\/paris-va-a-celebrar-referendum-para-echar-sus-calles-al-que-se-ha-convertido-su-primer-enemigo-suv\" class=\"desvio-title js-desvio-title pivot-outboundlink\" data-vars-post-title=\"Par\u00eds va a celebrar un refer\u00e9ndum para echar de sus calles al que se ha convertido en su primer enemigo: los SUV \">Par\u00eds va a celebrar un refer\u00e9ndum para echar de sus calles al que se ha convertido en su primer enemigo: los SUV <\/a>\n   <\/div>\n<\/p><\/div>\n<\/p><\/div>\n<\/div>\n<p>Pero la intenci\u00f3n del nuevo Gobierno es ir m\u00e1s all\u00e1. <a rel=\"noopener, noreferrer\" href=\"https:\/\/www.largus.fr\/actualite-automobile\/conduire-a-paris-que-reserve-le-nouveau-maire-e-gregoire-aux-automobilistes-dans-la-capitale-30046059.html\">El nuevo alcalde no ha escondido<\/a> en ning\u00fan momento que quiere profundizar en el camino dise\u00f1ado por Hidalgo, reduciendo el volumen de veh\u00edculos que circulan por la ciudad. Y, sobre todo, reconvirtiendo el actual cintur\u00f3n de circunvalaci\u00f3n en un bulevard urbano. Esto es: transformar la carretera en una v\u00eda limitada a 30 km\/h, crear un carril bici que la recorra entera y dejar espacio para el peat\u00f3n.<\/p>\n<p><!-- BREAK 6 --><\/p>\n<p>Es un proyecto por el que <a rel=\"noopener, noreferrer\" href=\"https:\/\/www.ladepeche.fr\/2026\/03\/06\/municipales-2026-a-paris-des-passages-pietons-au-milieu-du-peripherique-comment-les-ecologistes-veulent-transformer-la-voie-rapide-en-boulevard-urbain-13258096.php\">tambi\u00e9n apuestan los partidos ecologistas parisinos<\/a> que, adem\u00e1s, apoyan la creaci\u00f3n de pasos de cebra semaforizados, en lugar de elevar pasos de peatones con puentes. Esto \"lo cambia todo porque la carretera es una autopista circular, y desde el momento en que se rompe (se instalan los sem\u00e1foros), ya no es el mismo modelo\", <a rel=\"noopener, noreferrer\" href=\"https:\/\/www.ladepeche.fr\/2026\/03\/06\/municipales-2026-a-paris-des-passages-pietons-au-milieu-du-peripherique-comment-les-ecologistes-veulent-transformer-la-voie-rapide-en-boulevard-urbain-13258096.php\">se\u00f1alan sus representantes<\/a>.<\/p>\n<div class=\"article-asset-video article-asset-normal\">\n<div class=\"asset-content\">\n<div class=\"base-asset-video\">\n<div class=\"js-dailymotion\"><\/div>\n<\/p><\/div>\n<\/p><\/div>\n<\/div>\n<p>Reconvertir la imagen del Boulevard P\u00e9riph\u00e9ric es una vieja ambici\u00f3n de los partidos ecologistas y los socialistas ya que se lleva hablando m\u00e1s de una d\u00e9cada del ca\u00f3tico tr\u00e1fico que se vive d\u00eda a d\u00eda en Par\u00eds pero tambi\u00e9n de la brecha social existente entre quienes viven dentro y fuera de la misma. Ya en 2015, <a rel=\"noopener, noreferrer\" href=\"https:\/\/www.theguardian.com\/cities\/2015\/jun\/26\/ring-road-paris-peripherique-suburbs-banlieue\"><em>The Guardian<\/em><\/a> dedicaba un art\u00edculo a los problemas generados por esta autopista urbana.\u00a0<\/p>\n<p><!-- BREAK 7 --><\/p>\n<p>La intenci\u00f3n del nuevo equipo de Gobierno es tener terminado el proyecto antes de terminar su mandato. Es decir, que los primeros a\u00f1os de la pr\u00f3xima d\u00e9cada, Par\u00eds haya cambiado la morfolog\u00eda de este espacio por completo. Sin embargo, desde <a rel=\"noopener, noreferrer\" href=\"https:\/\/www.lefigaro.fr\/automobile\/des-passages-pietons-sur-le-peripherique-parisien-faut-il-vraiment-croire-a-cette-promesse-de-campagne-d-emmanuel-gregoire-20260328\"><em>Le Figaro<\/em><\/a> avisan de que la burocracia puede jugar a la contra y que todo se atascar\u00eda si el cuerpo de polic\u00eda emite un dictamen desfavorable sobre la medida.\u00a0<\/p>\n<p>Foto | <a rel=\"noopener, noreferrer\" href=\"https:\/\/web.archive.org\/web\/20161030094534\/http:\/\/www.panoramio.com\/photo\/101622819\">Romain DC en Wikimedia<\/a> y <a rel=\"noopener, noreferrer\" href=\"https:\/\/unsplash.com\/es\/fotos\/hombre-montando-una-bicicleta-negra-cerca-de-un-hatchback-blanco-de-5-puertas-YvZ1x4OOlK4\">Johan Mouchet<\/a><\/p>\n<p>En Xataka |\u00a0<a class=\"text-outboundlink\" href=\"https:\/\/www.xataka.com\/magnet\/ciudades-peor-hora-punta-mundo-explicadas-estos-graficos\" data-vars-post-title=\"Las ciudades con la peor hora punta del mundo, explicadas en estos gr\u00e1ficos \" data-vars-post-url=\"https:\/\/www.xataka.com\/magnet\/ciudades-peor-hora-punta-mundo-explicadas-estos-graficos\">Las ciudades con la peor hora punta del mundo, explicadas en estos gr\u00e1ficos<\/a>\u00a0<\/p>\n<p><\/p>\n<p> &#8211; <br \/> La noticia<br \/>\n      <a href=\"https:\/\/www.xataka.com\/movilidad\/paris-tiene-trafico-caotico-que-juguetean-idea-reconvertir-su-m-30-para-circular-bici-pasear?utm_source=feedburner&amp;utm_medium=feed&amp;utm_campaign=01_Apr_2026\"><br \/>\n       <em> Par\u00eds tiene un tr\u00e1fico tan ca\u00f3tico que ya juguetean con una idea: reconvertir su M-30 para circular en bici y pasear <\/em><br \/>\n      <\/a><br \/>\n      fue publicada originalmente en<br \/>\n      <a href=\"https:\/\/www.xataka.com\/?utm_source=feedburner&amp;utm_medium=feed&amp;utm_campaign=01_Apr_2026\"><br \/>\n       <strong> Xataka <\/strong><br \/>\n      <\/a><br \/>\n             por <a href=\"https:\/\/www.xataka.com\/autor\/alberto-de-la-torre?utm_source=feedburner&amp;utm_medium=feed&amp;utm_campaign=01_Apr_2026\"><br \/>\n        Alberto de la Torre<br \/>\n       <\/a><br \/>\n      . <\/p>\n<p>\u00a0El Boulevard P\u00e9riph\u00e9rique es una suerte de M-30 a la parisina. La ciudad francesa tiene, como Madrid, una carretera de circunvalaci\u00f3n con una longitud de 35 kil\u00f3metros. Fue ideada en 1958 para desatascar el tr\u00e1fico rodado por el centro de la ciudad con un claro objetivo: era m\u00e1s r\u00e1pido rodear el centro de la ciudad a una velocidad sostenida que pasar por el centro de la misma.\u00a0<br \/>\nAmbos proyectos han crecido con vidas paralelas. La carretera parisina no se termin\u00f3 hasta bien entrada la d\u00e9cada de los 70 y Madrid comenz\u00f3 la construcci\u00f3n de la suya en esa misma d\u00e9cada. Pero, con el tiempo, han vivido los mismos problemas. R\u00e1pidamente, la carretera qued\u00f3 absorbida por la propia ciudad, creando una suerte de autopista urbana.\u00a0<br \/>\nEso ha provocado una serie de problemas. El primero de contaminaci\u00f3n, tanto por emisiones de los veh\u00edculos como por el ruido generado. Pero tambi\u00e9n problemas sociales con muros arquitect\u00f3nicos que dificultan el paso peatonal o en bicicleta y que rompen la cohesi\u00f3n interna de la ciudad. Madrid ha solucionado parte de este problema con Madrid R\u00edo, enterrando una parte de la misma y, ahora, cubriendo el paso de Ventas.\u00a0<br \/>\nEn Par\u00eds se han encontrado con una situaci\u00f3n similar. El Boulevard P\u00e9riph\u00e9ric se construy\u00f3 sobre los restos del antiguo muro de Thiers, una fortificaci\u00f3n defensiva terminada en el a\u00f1o 1844 que a principios del siglo XX era totalmente in\u00fatil y dificultaba el paso al interior de la ciudad de quienes viv\u00edan fuera de la muralla. Lo que no imaginaban es que estaban a punto de crear un nuevo muro.\u00a0<br \/>\nLa ciudad lleva a\u00f1os debatiendo qu\u00e9 hacer con esta v\u00eda de circunvalaci\u00f3n. Ya se han tomado medidas para tratar de reducir el tr\u00e1fico. La \u00faltima propuesta pasa por reconvertirla en un verdadero bulevar, con sus \u00e1rboles, sus pasos de peatones y sus carriles bici.<\/p>\n<p>     En Xataka<\/p>\n<p>    Par\u00eds tiene muy pocas viviendas disponibles y muchas oficinas y aparcamientos vac\u00edos. As\u00ed que ha sumado dos m\u00e1s dos<\/p>\n<p>Una nueva alcald\u00eda, un viejo proyecto<br \/>\nDurante la alcald\u00eda de Anne Hidalgo, la ciudad ha tomado diversas medidas para reducir el tr\u00e1fico en el centro de la ciudad, calmar el paso de los veh\u00edculos y penalizar a quienes llegan hasta el coraz\u00f3n de Par\u00eds en coche. As\u00ed, se ha implementado un proyecto para multiplicar el n\u00famero de carriles bici, reducir los trayectos que pasan por el interior de la ciudad y castigar a los que llegan con un SUV hasta la misma Torre Eiffel.\u00a0\u00a0<br \/>\nHidalgo ha dado el relevo a Emmanuel Gr\u00e9goire, quien ha conseguido mantener el control de la ciudad en manos de los socialistas. Y ahora se abre un nuevo mel\u00f3n: \u00bfqu\u00e9 hacer con la M-30 parisina?<br \/>\nBajo el mandato de Hidalgo, la carretera ya hab\u00eda dado los primeros pasos para convertirse en un verdadero bulevar. As\u00ed, la velocidad se ha reducido a 50 km\/h pero el atasco es tan serio que la mayor\u00eda de los conductores dec\u00edan que no notaban la diferencia.\u00a0<\/p>\n<p>     En Xataka<\/p>\n<p>    Par\u00eds va a celebrar un refer\u00e9ndum para echar de sus calles al que se ha convertido en su primer enemigo: los SUV <\/p>\n<p>Pero la intenci\u00f3n del nuevo Gobierno es ir m\u00e1s all\u00e1. El nuevo alcalde no ha escondido en ning\u00fan momento que quiere profundizar en el camino dise\u00f1ado por Hidalgo, reduciendo el volumen de veh\u00edculos que circulan por la ciudad. Y, sobre todo, reconvirtiendo el actual cintur\u00f3n de circunvalaci\u00f3n en un bulevard urbano. Esto es: transformar la carretera en una v\u00eda limitada a 30 km\/h, crear un carril bici que la recorra entera y dejar espacio para el peat\u00f3n.<br \/>\nEs un proyecto por el que tambi\u00e9n apuestan los partidos ecologistas parisinos que, adem\u00e1s, apoyan la creaci\u00f3n de pasos de cebra semaforizados, en lugar de elevar pasos de peatones con puentes. Esto \"lo cambia todo porque la carretera es una autopista circular, y desde el momento en que se rompe (se instalan los sem\u00e1foros), ya no es el mismo modelo\", se\u00f1alan sus representantes.<\/p>\n<p>Reconvertir la imagen del Boulevard P\u00e9riph\u00e9ric es una vieja ambici\u00f3n de los partidos ecologistas y los socialistas ya que se lleva hablando m\u00e1s de una d\u00e9cada del ca\u00f3tico tr\u00e1fico que se vive d\u00eda a d\u00eda en Par\u00eds pero tambi\u00e9n de la brecha social existente entre quienes viven dentro y fuera de la misma. Ya en 2015, The Guardian dedicaba un art\u00edculo a los problemas generados por esta autopista urbana.\u00a0<br \/>\nLa intenci\u00f3n del nuevo equipo de Gobierno es tener terminado el proyecto antes de terminar su mandato. Es decir, que los primeros a\u00f1os de la pr\u00f3xima d\u00e9cada, Par\u00eds haya cambiado la morfolog\u00eda de este espacio por completo. Sin embargo, desde Le Figaro avisan de que la burocracia puede jugar a la contra y que todo se atascar\u00eda si el cuerpo de polic\u00eda emite un dictamen desfavorable sobre la medida.\u00a0<br \/>\nFoto | Romain DC en Wikimedia y Johan Mouchet<br \/>\nEn Xataka |\u00a0Las ciudades con la peor hora punta del mundo, explicadas en estos gr\u00e1ficos\u00a0<\/p>\n<p>                 &#8211;  La noticia<\/p>\n<p>        Par\u00eds tiene un tr\u00e1fico tan ca\u00f3tico que ya juguetean con una idea: reconvertir su M-30 para circular en bici y pasear <\/p>\n<p>      fue publicada originalmente en<\/p>\n<p>        Xataka <\/p>\n<p>             por<br \/>\n        Alberto de la Torre<\/p>\n<p>      .\u00a0\u00a0\u00a0<\/p>\n","protected":false},"excerpt":{"rendered":"<p>El Boulevard P\u00e9riph\u00e9rique es una suerte de M-30 a la parisina. La ciudad francesa tiene, como Madrid, una carretera de circunvalaci\u00f3n con una longitud de 35 kil\u00f3metros. Fue ideada en 1958 para desatascar el tr\u00e1fico rodado por el centro de la ciudad con un claro objetivo: era m\u00e1s r\u00e1pido rodear el centro de la ciudad [&hellip;]<\/p>\n","protected":false},"author":1,"featured_media":10506,"comment_status":"open","ping_status":"open","sticky":false,"template":"","format":"standard","meta":{"amp_status":"","footnotes":""},"categories":[6],"tags":[],"class_list":["post-10505","post","type-post","status-publish","format-standard","has-post-thumbnail","hentry","category-ciencia-y-tecnologia"],"_links":{"self":[{"href":"https:\/\/ermdigital.com\/index.php\/wp-json\/wp\/v2\/posts\/10505","targetHints":{"allow":["GET"]}}],"collection":[{"href":"https:\/\/ermdigital.com\/index.php\/wp-json\/wp\/v2\/posts"}],"about":[{"href":"https:\/\/ermdigital.com\/index.php\/wp-json\/wp\/v2\/types\/post"}],"author":[{"embeddable":true,"href":"https:\/\/ermdigital.com\/index.php\/wp-json\/wp\/v2\/users\/1"}],"replies":[{"embeddable":true,"href":"https:\/\/ermdigital.com\/index.php\/wp-json\/wp\/v2\/comments?post=10505"}],"version-history":[{"count":0,"href":"https:\/\/ermdigital.com\/index.php\/wp-json\/wp\/v2\/posts\/10505\/revisions"}],"wp:featuredmedia":[{"embeddable":true,"href":"https:\/\/ermdigital.com\/index.php\/wp-json\/wp\/v2\/media\/10506"}],"wp:attachment":[{"href":"https:\/\/ermdigital.com\/index.php\/wp-json\/wp\/v2\/media?parent=10505"}],"wp:term":[{"taxonomy":"category","embeddable":true,"href":"https:\/\/ermdigital.com\/index.php\/wp-json\/wp\/v2\/categories?post=10505"},{"taxonomy":"post_tag","embeddable":true,"href":"https:\/\/ermdigital.com\/index.php\/wp-json\/wp\/v2\/tags?post=10505"}],"curies":[{"name":"wp","href":"https:\/\/api.w.org\/{rel}","templated":true}]}}