{"id":10471,"date":"2026-04-01T13:43:42","date_gmt":"2026-04-01T17:43:42","guid":{"rendered":"https:\/\/ermdigital.com\/index.php\/2026\/04\/01\/senador-de-peravia-hace-llamado-a-la-conciencia-ciudadana-para-preservar-la-vida-durante-semana-santa\/"},"modified":"2026-04-01T13:43:42","modified_gmt":"2026-04-01T17:43:42","slug":"senador-de-peravia-hace-llamado-a-la-conciencia-ciudadana-para-preservar-la-vida-durante-semana-santa","status":"publish","type":"post","link":"https:\/\/ermdigital.com\/index.php\/2026\/04\/01\/senador-de-peravia-hace-llamado-a-la-conciencia-ciudadana-para-preservar-la-vida-durante-semana-santa\/","title":{"rendered":"Senador de Peravia hace llamado a la conciencia ciudadana para preservar la vida durante Semana Santa"},"content":{"rendered":"<p>Ban\u00ed, Peravia.\u2013 El senador de la provincia Peravia, Julio Fulcar, hizo un llamado a la poblaci\u00f3n a asumir con responsabilidad el asueto de Semana Santa, al participar en el acto del operativo \u201cSemana Santa Conciencia por la Vida 2026\u201d realizado en la circunvalaci\u00f3n de Ban\u00ed.<\/p>\n<p>Durante su intervenci\u00f3n, el legislador destac\u00f3 que el lema del operativo, \u201cConciencia por la vida\u201d, debe traducirse en un compromiso individual de cada ciudadano para cuidar su integridad y la de los dem\u00e1s.<\/p>\n<blockquote class=\"wp-block-quote is-layout-flow wp-block-quote-is-layout-flow\">\n<p>\u201cSon dos palabras, pero encierran un gran llamado, que cada uno de nosotros asuma la responsabilidad de cuidarse para preservar la vida\u201d, expres\u00f3.<\/p>\n<\/blockquote>\n<p>Fulcar se\u00f1al\u00f3 que m\u00e1s all\u00e1 de la conmemoraci\u00f3n religiosa, la Semana Santa debe servir como un espacio para reflexionar sobre la conducta ciudadana, especialmente en las v\u00edas p\u00fablicas.<\/p>\n<blockquote class=\"wp-block-quote is-layout-flow wp-block-quote-is-layout-flow\">\n<p>\u201cM\u00e1s all\u00e1 de estos d\u00edas, hay vida. El lunes nos esperan en nuestros hogares, en nuestras comunidades, y debemos actuar con responsabilidad para poder regresar sanos y salvos\u201d, afirm\u00f3.<\/p>\n<\/blockquote>\n<p>El senador tambi\u00e9n resalt\u00f3 iniciativas locales como el programa \u201cCiudadano Modelo\u201d, que busca fomentar el respeto a las leyes, la convivencia pac\u00edfica y la educaci\u00f3n vial en la poblaci\u00f3n.<\/p>\n<p>Asimismo, valor\u00f3 como innovador que el operativo del COE se est\u00e9 llevando a distintos puntos del pa\u00eds, incluyendo carreteras y peajes, lo que, seg\u00fan dijo, fortalece el impacto del mensaje preventivo.<\/p>\n<p>Finalmente, exhort\u00f3 a los ciudadanos a revisar sus veh\u00edculos antes de viajar, respetar las normas de tr\u00e1nsito y evitar conductas de riesgo.<\/p>\n<blockquote class=\"wp-block-quote is-layout-flow wp-block-quote-is-layout-flow\">\n<p>\u201cQue el lunes podamos decir: estamos vivos, estamos en familia y estamos en comunidad\u201d, concluy\u00f3.<\/p>\n<\/blockquote>\n<p>\u200bBan\u00ed, Peravia.\u2013 El senador de la provincia Peravia, Julio Fulcar, hizo un llamado a la poblaci\u00f3n a asumir con responsabilidad el asueto de Semana Santa, al participar en el acto del operativo \u201cSemana Santa Conciencia por la Vida 2026\u201d realizado en la circunvalaci\u00f3n de Ban\u00ed. Durante su intervenci\u00f3n, el legislador destac\u00f3 que el lema del\u00a0\u00a0Nacionales, Deultimominuto, ElPeri\u00f3dicodelaVerdad, Rep\u00fablica Dominicana, Semana Santa\u00a0\u00a0<\/p>\n","protected":false},"excerpt":{"rendered":"<p>Ban\u00ed, Peravia.\u2013 El senador de la provincia Peravia, Julio Fulcar, hizo un llamado a la poblaci\u00f3n a asumir con responsabilidad el asueto de Semana Santa, al participar en el acto del operativo \u201cSemana Santa Conciencia por la Vida 2026\u201d realizado en la circunvalaci\u00f3n de Ban\u00ed. Durante su intervenci\u00f3n, el legislador destac\u00f3 que el lema del [&hellip;]<\/p>\n","protected":false},"author":1,"featured_media":10472,"comment_status":"open","ping_status":"open","sticky":false,"template":"","format":"standard","meta":{"amp_status":"","footnotes":""},"categories":[3],"tags":[],"class_list":["post-10471","post","type-post","status-publish","format-standard","has-post-thumbnail","hentry","category-de-ultimo-minuto"],"_links":{"self":[{"href":"https:\/\/ermdigital.com\/index.php\/wp-json\/wp\/v2\/posts\/10471","targetHints":{"allow":["GET"]}}],"collection":[{"href":"https:\/\/ermdigital.com\/index.php\/wp-json\/wp\/v2\/posts"}],"about":[{"href":"https:\/\/ermdigital.com\/index.php\/wp-json\/wp\/v2\/types\/post"}],"author":[{"embeddable":true,"href":"https:\/\/ermdigital.com\/index.php\/wp-json\/wp\/v2\/users\/1"}],"replies":[{"embeddable":true,"href":"https:\/\/ermdigital.com\/index.php\/wp-json\/wp\/v2\/comments?post=10471"}],"version-history":[{"count":0,"href":"https:\/\/ermdigital.com\/index.php\/wp-json\/wp\/v2\/posts\/10471\/revisions"}],"wp:featuredmedia":[{"embeddable":true,"href":"https:\/\/ermdigital.com\/index.php\/wp-json\/wp\/v2\/media\/10472"}],"wp:attachment":[{"href":"https:\/\/ermdigital.com\/index.php\/wp-json\/wp\/v2\/media?parent=10471"}],"wp:term":[{"taxonomy":"category","embeddable":true,"href":"https:\/\/ermdigital.com\/index.php\/wp-json\/wp\/v2\/categories?post=10471"},{"taxonomy":"post_tag","embeddable":true,"href":"https:\/\/ermdigital.com\/index.php\/wp-json\/wp\/v2\/tags?post=10471"}],"curies":[{"name":"wp","href":"https:\/\/api.w.org\/{rel}","templated":true}]}}