{"id":10467,"date":"2026-04-01T13:50:37","date_gmt":"2026-04-01T17:50:37","guid":{"rendered":"https:\/\/ermdigital.com\/index.php\/2026\/04\/01\/canciller-roberto-alvarez-se-reune-con-alto-funcionario-de-la-onu-sobre-apoyo-al-despliegue-de-la-gsf-en-haiti\/"},"modified":"2026-04-01T13:50:37","modified_gmt":"2026-04-01T17:50:37","slug":"canciller-roberto-alvarez-se-reune-con-alto-funcionario-de-la-onu-sobre-apoyo-al-despliegue-de-la-gsf-en-haiti","status":"publish","type":"post","link":"https:\/\/ermdigital.com\/index.php\/2026\/04\/01\/canciller-roberto-alvarez-se-reune-con-alto-funcionario-de-la-onu-sobre-apoyo-al-despliegue-de-la-gsf-en-haiti\/","title":{"rendered":"Canciller Roberto \u00c1lvarez se re\u00fane con alto funcionario de la ONU sobre apoyo al despliegue de la GSF en Hait\u00ed"},"content":{"rendered":"<p>Santo Domingo. \u2013 El canciller Roberto \u00c1lvarez sostuvo este lunes una reuni\u00f3n con el subsecretario general del Departamento de Apoyo Operacional de las Naciones Unidas, Atul Khare, en el contexto del despliegue de la Fuerza de Supresi\u00f3n de Bandas (GSF) en Hait\u00ed.<\/p>\n<p>En el encuentro se abordaron facilidades que podr\u00edan brindarse desde territorio dominicano, entre ellas el tr\u00e1nsito de personal y equipos, servicios m\u00e9dicos y el establecimiento de una oficina de apoyo para la Oficina de Apoyo de las Naciones Unidas en Hait\u00ed (UNSOH).<\/p>\n<p>El canciller \u00c1lvarez precis\u00f3 que esta cooperaci\u00f3n con la GSF se limita exclusivamente a respaldo desde Rep\u00fablica Dominicana.<br \/>La delegaci\u00f3n de las Naciones Unidas expuso los principales elementos de la UNSOH y su funci\u00f3n de soporte al despliegue de la GSF, as\u00ed como su coordinaci\u00f3n con la Oficina Integrada de las Naciones Unidas en Hait\u00ed (BINUH).<\/p>\n<p><strong><em>Te puede interesar: <a href=\"https:\/\/deultimominuto.net\/nacionales\/canciller-pedira-a-la-oea\/\">Canciller Roberto \u00c1lvarez pedir\u00e1 a la OEA mayor compromiso con la crisis haitiana<\/a><\/em><\/strong><\/p>\n<p>El se\u00f1or Khare estuvo acompa\u00f1ado por la subsecretaria general de las Naciones Unidas y jefa de UNSOH, Daniela Kroslak; la coordinadora residente de la ONU en el pa\u00eds, Julia Ram\u00edrez; y otros representantes del organismo.<\/p>\n<p>De su lado, el ministro \u00c1lvarez estuvo acompa\u00f1ado por el viceministro de Pol\u00edtica Exterior Multilateral, Rub\u00e9n Sili\u00e9, as\u00ed como por otros funcionarios del Ministerio de Relaciones Exteriores (MIREX).<\/p>\n<p>\u200bSanto Domingo. \u2013 El canciller Roberto \u00c1lvarez sostuvo este lunes una reuni\u00f3n con el subsecretario general del Departamento de Apoyo Operacional de las Naciones Unidas, Atul Khare, en el contexto del despliegue de la Fuerza de Supresi\u00f3n de Bandas (GSF) en Hait\u00ed. En el encuentro se abordaron facilidades que podr\u00edan brindarse desde territorio dominicano, entre\u00a0\u00a0Nacionales, Deultimominuto, ElPeri\u00f3dicodelaVerdad, Hait\u00ed, ONU, Rep\u00fablica Dominicana\u00a0\u00a0<\/p>\n","protected":false},"excerpt":{"rendered":"<p>Santo Domingo. \u2013 El canciller Roberto \u00c1lvarez sostuvo este lunes una reuni\u00f3n con el subsecretario general del Departamento de Apoyo Operacional de las Naciones Unidas, Atul Khare, en el contexto del despliegue de la Fuerza de Supresi\u00f3n de Bandas (GSF) en Hait\u00ed. En el encuentro se abordaron facilidades que podr\u00edan brindarse desde territorio dominicano, entre [&hellip;]<\/p>\n","protected":false},"author":1,"featured_media":10468,"comment_status":"open","ping_status":"open","sticky":false,"template":"","format":"standard","meta":{"amp_status":"","footnotes":""},"categories":[3],"tags":[],"class_list":["post-10467","post","type-post","status-publish","format-standard","has-post-thumbnail","hentry","category-de-ultimo-minuto"],"_links":{"self":[{"href":"https:\/\/ermdigital.com\/index.php\/wp-json\/wp\/v2\/posts\/10467","targetHints":{"allow":["GET"]}}],"collection":[{"href":"https:\/\/ermdigital.com\/index.php\/wp-json\/wp\/v2\/posts"}],"about":[{"href":"https:\/\/ermdigital.com\/index.php\/wp-json\/wp\/v2\/types\/post"}],"author":[{"embeddable":true,"href":"https:\/\/ermdigital.com\/index.php\/wp-json\/wp\/v2\/users\/1"}],"replies":[{"embeddable":true,"href":"https:\/\/ermdigital.com\/index.php\/wp-json\/wp\/v2\/comments?post=10467"}],"version-history":[{"count":0,"href":"https:\/\/ermdigital.com\/index.php\/wp-json\/wp\/v2\/posts\/10467\/revisions"}],"wp:featuredmedia":[{"embeddable":true,"href":"https:\/\/ermdigital.com\/index.php\/wp-json\/wp\/v2\/media\/10468"}],"wp:attachment":[{"href":"https:\/\/ermdigital.com\/index.php\/wp-json\/wp\/v2\/media?parent=10467"}],"wp:term":[{"taxonomy":"category","embeddable":true,"href":"https:\/\/ermdigital.com\/index.php\/wp-json\/wp\/v2\/categories?post=10467"},{"taxonomy":"post_tag","embeddable":true,"href":"https:\/\/ermdigital.com\/index.php\/wp-json\/wp\/v2\/tags?post=10467"}],"curies":[{"name":"wp","href":"https:\/\/api.w.org\/{rel}","templated":true}]}}