{"id":10465,"date":"2026-04-01T13:55:52","date_gmt":"2026-04-01T17:55:52","guid":{"rendered":"https:\/\/ermdigital.com\/index.php\/2026\/04\/01\/pn-inicia-distribucion-de-agentes-para-reforzar-seguridad-en-operativo-de-semana-santa-2026\/"},"modified":"2026-04-01T13:55:52","modified_gmt":"2026-04-01T17:55:52","slug":"pn-inicia-distribucion-de-agentes-para-reforzar-seguridad-en-operativo-de-semana-santa-2026","status":"publish","type":"post","link":"https:\/\/ermdigital.com\/index.php\/2026\/04\/01\/pn-inicia-distribucion-de-agentes-para-reforzar-seguridad-en-operativo-de-semana-santa-2026\/","title":{"rendered":"PN inicia distribuci\u00f3n de agentes para reforzar seguridad en operativo de Semana Santa 2026"},"content":{"rendered":"<p><strong>Santo Domingo.-<\/strong> La Polic\u00eda Nacional realiz\u00f3 este mi\u00e9rcoles el acto de distribuci\u00f3n de cientos de agentes que ser\u00e1n desplegados a nivel nacional para fortalecer las labores de prevenci\u00f3n y garantizar la seguridad ciudadana durante el asueto de Semana Santa 2026.<\/p>\n<p>La actividad tuvo lugar en el Coliseo de Boxeo Carlos Teo Cruz, donde j\u00f3venes polic\u00edas, tanto masculinos como femeninos, se concentraron desde tempranas horas listos para ser enviados a distintos puntos estrat\u00e9gicos del pa\u00eds.<\/p>\n<p>Los agentes, debidamente uniformados y con su equipaje en mano, forman parte del contingente que se integrar\u00e1 al Operativo Proteger y Servir Semana Santa 2026, una iniciativa del Gobierno dominicano que articula esfuerzos entre la Polic\u00eda Nacional, las Fuerzas Armadas y otros organismos de seguridad del Estado.<\/p>\n<figure class=\"wp-block-gallery has-nested-images columns-default is-cropped wp-block-gallery-1 is-layout-flex wp-block-gallery-is-layout-flex\">\n<figure class=\"wp-block-image size-large\"><img loading=\"lazy\" decoding=\"async\" width=\"1024\" height=\"682\" data-id=\"634238\" src=\"https:\/\/cdn.deultimominuto.net\/wp-content\/uploads\/2026\/04\/WhatsApp-Image-2026-04-01-at-1.24.15-PM-1024x682.jpeg\" alt=\"PN inicia distribuci\u00f3n de agentes para reforzar seguridad en operativo de Semana Santa 2026 - Noticias de hoy en Rep\u00fablica Dominicana | De \u00daltimo Minuto\" class=\"wp-image-634238\" title=\"PN inicia distribuci\u00f3n de agentes para reforzar seguridad en operativo de Semana Santa 2026 | 1 |\"><\/figure>\n<\/figure>\n<p>Durante el acto, se destac\u00f3 el compromiso, la disciplina y la vocaci\u00f3n de servicio de estos j\u00f3venes, quienes asumir\u00e1n la responsabilidad de reforzar la presencia policial en carreteras, balnearios, centros tur\u00edsticos y zonas urbanas de alta movilidad.<\/p>\n<p>Las autoridades policiales se\u00f1alaron que este despliegue forma parte de la estrategia preventiva dise\u00f1ada para reducir la incidencia delictiva, evitar accidentes y ofrecer una respuesta oportuna ante cualquier eventualidad que pudiera surgir durante el desplazamiento masivo de ciudadanos en este per\u00edodo.<\/p>\n<p><strong><em>Te puede interesar: <a href=\"https:\/\/deultimominuto.net\/nacionales\/interior-y-policia-desmiente-toque-de-queda-para-semana-santa-y-aclara-medidas-vigentes\/\">Interior y Polic\u00eda desmiente toque de queda para Semana Santa y aclara medidas vigentes<\/a><\/em><\/strong><\/p>\n<p>Asimismo, exhortaron a los agentes a desempe\u00f1ar sus funciones con apego a los protocolos institucionales, respeto a los derechos fundamentales y un alto sentido de responsabilidad, recordando que representan el rostro cercano de la instituci\u00f3n ante la ciudadan\u00eda.<\/p>\n<p>Con esta distribuci\u00f3n, la Polic\u00eda Nacional contin\u00faa fortaleciendo su capacidad operativa y reafirma su compromiso de proteger vidas, preservar el orden p\u00fablico y contribuir a que la poblaci\u00f3n disfrute de una Semana Santa segura y en paz.<\/p>\n<p>\u200bSanto Domingo.- La Polic\u00eda Nacional realiz\u00f3 este mi\u00e9rcoles el acto de distribuci\u00f3n de cientos de agentes que ser\u00e1n desplegados a nivel nacional para fortalecer las labores de prevenci\u00f3n y garantizar la seguridad ciudadana durante el asueto de Semana Santa 2026. La actividad tuvo lugar en el Coliseo de Boxeo Carlos Teo Cruz, donde j\u00f3venes polic\u00edas,\u00a0\u00a0Nacionales, Deultimominuto, ElPeri\u00f3dicodelaVerdad, Polic\u00eda Nacional, Rep\u00fablica Dominicana\u00a0\u00a0<\/p>\n","protected":false},"excerpt":{"rendered":"<p>Santo Domingo.- La Polic\u00eda Nacional realiz\u00f3 este mi\u00e9rcoles el acto de distribuci\u00f3n de cientos de agentes que ser\u00e1n desplegados a nivel nacional para fortalecer las labores de prevenci\u00f3n y garantizar la seguridad ciudadana durante el asueto de Semana Santa 2026. La actividad tuvo lugar en el Coliseo de Boxeo Carlos Teo Cruz, donde j\u00f3venes polic\u00edas, [&hellip;]<\/p>\n","protected":false},"author":1,"featured_media":10466,"comment_status":"open","ping_status":"open","sticky":false,"template":"","format":"standard","meta":{"amp_status":"","footnotes":""},"categories":[3],"tags":[],"class_list":["post-10465","post","type-post","status-publish","format-standard","has-post-thumbnail","hentry","category-de-ultimo-minuto"],"_links":{"self":[{"href":"https:\/\/ermdigital.com\/index.php\/wp-json\/wp\/v2\/posts\/10465","targetHints":{"allow":["GET"]}}],"collection":[{"href":"https:\/\/ermdigital.com\/index.php\/wp-json\/wp\/v2\/posts"}],"about":[{"href":"https:\/\/ermdigital.com\/index.php\/wp-json\/wp\/v2\/types\/post"}],"author":[{"embeddable":true,"href":"https:\/\/ermdigital.com\/index.php\/wp-json\/wp\/v2\/users\/1"}],"replies":[{"embeddable":true,"href":"https:\/\/ermdigital.com\/index.php\/wp-json\/wp\/v2\/comments?post=10465"}],"version-history":[{"count":0,"href":"https:\/\/ermdigital.com\/index.php\/wp-json\/wp\/v2\/posts\/10465\/revisions"}],"wp:featuredmedia":[{"embeddable":true,"href":"https:\/\/ermdigital.com\/index.php\/wp-json\/wp\/v2\/media\/10466"}],"wp:attachment":[{"href":"https:\/\/ermdigital.com\/index.php\/wp-json\/wp\/v2\/media?parent=10465"}],"wp:term":[{"taxonomy":"category","embeddable":true,"href":"https:\/\/ermdigital.com\/index.php\/wp-json\/wp\/v2\/categories?post=10465"},{"taxonomy":"post_tag","embeddable":true,"href":"https:\/\/ermdigital.com\/index.php\/wp-json\/wp\/v2\/tags?post=10465"}],"curies":[{"name":"wp","href":"https:\/\/api.w.org\/{rel}","templated":true}]}}