{"id":10463,"date":"2026-04-01T14:01:03","date_gmt":"2026-04-01T18:01:03","guid":{"rendered":"https:\/\/ermdigital.com\/index.php\/2026\/04\/01\/caid-conmemora-dia-mundial-de-la-concienciacion-sobre-el-autismo\/"},"modified":"2026-04-01T14:01:03","modified_gmt":"2026-04-01T18:01:03","slug":"caid-conmemora-dia-mundial-de-la-concienciacion-sobre-el-autismo","status":"publish","type":"post","link":"https:\/\/ermdigital.com\/index.php\/2026\/04\/01\/caid-conmemora-dia-mundial-de-la-concienciacion-sobre-el-autismo\/","title":{"rendered":"CAID conmemora D\u00eda Mundial de la Concienciaci\u00f3n sobre el Autismo"},"content":{"rendered":"<p>Santo Domingo. &#8211; Con el objetivo de promover la inclusi\u00f3n y celebrar la diversidad, el Centro de Atenci\u00f3n Integral para la Discapacidad (CAID) realiz\u00f3 actividades conmemorativas con motivo del D\u00eda Mundial de Concienciaci\u00f3n sobre el Autismo, donde los ni\u00f1os, ni\u00f1as y sus familias compartieron en un ambiente din\u00e1mico, educativo y familiar.<\/p>\n<p>Durante la actividad, se realizaron din\u00e1micas l\u00fadicas y educativas, entre ellas manualidades, pintura, pinta caritas y bailes, todas orientadas a estimular el aprendizaje y la experiencia sensorial de los ni\u00f1os y ni\u00f1as con autismo.<\/p>\n<p>Las familias participantes expresaron su agradecimiento al equipo organizador por su dedicaci\u00f3n y sensibilidad al crear un ambiente acogedor, accesible y respetuoso.<\/p>\n<p><strong><em>Te puede interesar: <a href=\"https:\/\/deultimominuto.net\/nacionales\/salud\/fda-se-retracta-de-su-apoyo\/\">FDA se retracta de su apoyo a la leucovorina para el autismo<\/a><\/em><\/strong><\/p>\n<p>El CAID inform\u00f3 que continuar\u00e1 las actividades conmemorativas durante el mes de abril, reafirmando su compromiso con la concienciaci\u00f3n, la inclusi\u00f3n y el bienestar de los ni\u00f1os y ni\u00f1as con autismo y sus familias.<\/p>\n<p>\u200bSanto Domingo. &#8211; Con el objetivo de promover la inclusi\u00f3n y celebrar la diversidad, el Centro de Atenci\u00f3n Integral para la Discapacidad (CAID) realiz\u00f3 actividades conmemorativas con motivo del D\u00eda Mundial de Concienciaci\u00f3n sobre el Autismo, donde los ni\u00f1os, ni\u00f1as y sus familias compartieron en un ambiente din\u00e1mico, educativo y familiar. Durante la actividad, se\u00a0\u00a0Nacionales, Autismo, CAID, Deultimominuto, D\u00eda Mundial, ElPeri\u00f3dicodelaVerdad, Rep\u00fablica Dominicana\u00a0\u00a0<\/p>\n","protected":false},"excerpt":{"rendered":"<p>Santo Domingo. &#8211; Con el objetivo de promover la inclusi\u00f3n y celebrar la diversidad, el Centro de Atenci\u00f3n Integral para la Discapacidad (CAID) realiz\u00f3 actividades conmemorativas con motivo del D\u00eda Mundial de Concienciaci\u00f3n sobre el Autismo, donde los ni\u00f1os, ni\u00f1as y sus familias compartieron en un ambiente din\u00e1mico, educativo y familiar. Durante la actividad, se [&hellip;]<\/p>\n","protected":false},"author":1,"featured_media":10464,"comment_status":"open","ping_status":"open","sticky":false,"template":"","format":"standard","meta":{"amp_status":"","footnotes":""},"categories":[3],"tags":[],"class_list":["post-10463","post","type-post","status-publish","format-standard","has-post-thumbnail","hentry","category-de-ultimo-minuto"],"_links":{"self":[{"href":"https:\/\/ermdigital.com\/index.php\/wp-json\/wp\/v2\/posts\/10463","targetHints":{"allow":["GET"]}}],"collection":[{"href":"https:\/\/ermdigital.com\/index.php\/wp-json\/wp\/v2\/posts"}],"about":[{"href":"https:\/\/ermdigital.com\/index.php\/wp-json\/wp\/v2\/types\/post"}],"author":[{"embeddable":true,"href":"https:\/\/ermdigital.com\/index.php\/wp-json\/wp\/v2\/users\/1"}],"replies":[{"embeddable":true,"href":"https:\/\/ermdigital.com\/index.php\/wp-json\/wp\/v2\/comments?post=10463"}],"version-history":[{"count":0,"href":"https:\/\/ermdigital.com\/index.php\/wp-json\/wp\/v2\/posts\/10463\/revisions"}],"wp:featuredmedia":[{"embeddable":true,"href":"https:\/\/ermdigital.com\/index.php\/wp-json\/wp\/v2\/media\/10464"}],"wp:attachment":[{"href":"https:\/\/ermdigital.com\/index.php\/wp-json\/wp\/v2\/media?parent=10463"}],"wp:term":[{"taxonomy":"category","embeddable":true,"href":"https:\/\/ermdigital.com\/index.php\/wp-json\/wp\/v2\/categories?post=10463"},{"taxonomy":"post_tag","embeddable":true,"href":"https:\/\/ermdigital.com\/index.php\/wp-json\/wp\/v2\/tags?post=10463"}],"curies":[{"name":"wp","href":"https:\/\/api.w.org\/{rel}","templated":true}]}}