{"id":10436,"date":"2026-04-01T12:41:32","date_gmt":"2026-04-01T16:41:32","guid":{"rendered":"https:\/\/ermdigital.com\/index.php\/2026\/04\/01\/autoridades-ponen-en-marcha-operativo-proteger-y-servir-semana-santa-2026-en-bonao\/"},"modified":"2026-04-01T12:41:32","modified_gmt":"2026-04-01T16:41:32","slug":"autoridades-ponen-en-marcha-operativo-proteger-y-servir-semana-santa-2026-en-bonao","status":"publish","type":"post","link":"https:\/\/ermdigital.com\/index.php\/2026\/04\/01\/autoridades-ponen-en-marcha-operativo-proteger-y-servir-semana-santa-2026-en-bonao\/","title":{"rendered":"Autoridades ponen en marcha operativo \u201cProteger y Servir Semana Santa 2026\u201d en Bonao"},"content":{"rendered":"<p>Por Daniel Reyes<\/p>\n<p>Bonao, Monse\u00f1or Nouel.\u2013 Con el objetivo de preservar vidas y garantizar la seguridad ciudadana durante el asueto de la Semana Santa, autoridades civiles y militares dejaron formalmente iniciado este mi\u00e9rcoles 1 de abril el operativo \u201cProteger y Servir Semana Santa 2026\u201d, en un acto celebrado en la explanada de la Direcci\u00f3n Regional Cibao Sur.<\/p>\n<p>La actividad estuvo encabezada por la gobernadora provincial Adela Tejada y el alcalde municipal doctor Eberto N\u00fa\u00f1ez, junto a representantes de la DIGESETT, el Ej\u00e9rcito de la Rep\u00fablica Dominicana, el DICRIM, el COBA, el Ministerio P\u00fablico y diversos organismos de socorro.<\/p>\n<p>Durante el acto, el director regional Cibao Sur, general Miguel Mata Rodr\u00edguez, explic\u00f3 que el operativo se ejecuta por instrucciones del alto mando policial, con el prop\u00f3sito de mantener la paz, el orden y la convivencia pac\u00edfica en las provincias Monse\u00f1or Nouel, S\u00e1nchez Ram\u00edrez y el municipio de Villa Altagracia.<\/p>\n<figure class=\"wp-block-image size-large\"><img loading=\"lazy\" decoding=\"async\" width=\"1024\" height=\"549\" src=\"https:\/\/cdn.deultimominuto.net\/wp-content\/uploads\/2026\/04\/IMG_8489-1024x549.jpeg\" alt=\"Autoridades ponen en marcha operativo \u201cProteger y Servir Semana Santa 2026\u201d en Bonao - Noticias de hoy en Rep\u00fablica Dominicana | De \u00daltimo Minuto\" class=\"wp-image-634191\" title=\"Autoridades ponen en marcha operativo \u201cProteger y Servir Semana Santa 2026\u201d en Bonao | 3 |\"><figcaption class=\"wp-element-caption\">Screenshot<\/figcaption><\/figure>\n<p>El oficial inform\u00f3 que m\u00e1s de 400 agentes ser\u00e1n desplegados en puntos estrat\u00e9gicos, incluyendo balnearios y zonas de alta concurrencia, apoyados por unidades vehiculares y motocicletas. Estas acciones se llevar\u00e1n a cabo en coordinaci\u00f3n con la Defensa Civil y el Comit\u00e9 de Emergencias, a fin de garantizar una respuesta inmediata ante cualquier eventualidad.<\/p>\n<p>Asimismo, asegur\u00f3 que se dar\u00e1 cumplimiento estricto a las disposiciones emitidas por las autoridades competentes, al tiempo que exhort\u00f3 a la ciudadan\u00eda a actuar con prudencia y colaborar con las medidas preventivas.<\/p>\n<blockquote class=\"wp-block-quote is-layout-flow wp-block-quote-is-layout-flow\">\n<p>\u201cEl compromiso es claro: proteger y servir con entrega, garantizando la seguridad de todos los ciudadanos y visitantes durante esta Semana Santa\u201d, expres\u00f3 Mata Rodr\u00edguez.<\/p>\n<\/blockquote>\n<p>Las autoridades reiteraron el llamado a la poblaci\u00f3n a disfrutar el asueto con responsabilidad, promoviendo un ambiente de paz, uni\u00f3n y respeto.<\/p>\n<p>\u200bPor Daniel Reyes Bonao, Monse\u00f1or Nouel.\u2013 Con el objetivo de preservar vidas y garantizar la seguridad ciudadana durante el asueto de la Semana Santa, autoridades civiles y militares dejaron formalmente iniciado este mi\u00e9rcoles 1 de abril el operativo \u201cProteger y Servir Semana Santa 2026\u201d, en un acto celebrado en la explanada de la Direcci\u00f3n Regional\u00a0\u00a0Nacionales, Deultimominuto, ElPeri\u00f3dicodelaVerdad, Rep\u00fablica Dominicana\u00a0\u00a0<\/p>\n","protected":false},"excerpt":{"rendered":"<p>Por Daniel Reyes Bonao, Monse\u00f1or Nouel.\u2013 Con el objetivo de preservar vidas y garantizar la seguridad ciudadana durante el asueto de la Semana Santa, autoridades civiles y militares dejaron formalmente iniciado este mi\u00e9rcoles 1 de abril el operativo \u201cProteger y Servir Semana Santa 2026\u201d, en un acto celebrado en la explanada de la Direcci\u00f3n Regional [&hellip;]<\/p>\n","protected":false},"author":1,"featured_media":10437,"comment_status":"open","ping_status":"open","sticky":false,"template":"","format":"standard","meta":{"amp_status":"","footnotes":""},"categories":[3],"tags":[],"class_list":["post-10436","post","type-post","status-publish","format-standard","has-post-thumbnail","hentry","category-de-ultimo-minuto"],"_links":{"self":[{"href":"https:\/\/ermdigital.com\/index.php\/wp-json\/wp\/v2\/posts\/10436","targetHints":{"allow":["GET"]}}],"collection":[{"href":"https:\/\/ermdigital.com\/index.php\/wp-json\/wp\/v2\/posts"}],"about":[{"href":"https:\/\/ermdigital.com\/index.php\/wp-json\/wp\/v2\/types\/post"}],"author":[{"embeddable":true,"href":"https:\/\/ermdigital.com\/index.php\/wp-json\/wp\/v2\/users\/1"}],"replies":[{"embeddable":true,"href":"https:\/\/ermdigital.com\/index.php\/wp-json\/wp\/v2\/comments?post=10436"}],"version-history":[{"count":0,"href":"https:\/\/ermdigital.com\/index.php\/wp-json\/wp\/v2\/posts\/10436\/revisions"}],"wp:featuredmedia":[{"embeddable":true,"href":"https:\/\/ermdigital.com\/index.php\/wp-json\/wp\/v2\/media\/10437"}],"wp:attachment":[{"href":"https:\/\/ermdigital.com\/index.php\/wp-json\/wp\/v2\/media?parent=10436"}],"wp:term":[{"taxonomy":"category","embeddable":true,"href":"https:\/\/ermdigital.com\/index.php\/wp-json\/wp\/v2\/categories?post=10436"},{"taxonomy":"post_tag","embeddable":true,"href":"https:\/\/ermdigital.com\/index.php\/wp-json\/wp\/v2\/tags?post=10436"}],"curies":[{"name":"wp","href":"https:\/\/api.w.org\/{rel}","templated":true}]}}