{"id":10428,"date":"2026-04-01T13:00:08","date_gmt":"2026-04-01T17:00:08","guid":{"rendered":"https:\/\/ermdigital.com\/index.php\/2026\/04\/01\/coe-continua-despliegue-del-operativo-de-semana-santa-con-acto-en-la-circunvalacion-de-bani\/"},"modified":"2026-04-01T13:00:08","modified_gmt":"2026-04-01T17:00:08","slug":"coe-continua-despliegue-del-operativo-de-semana-santa-con-acto-en-la-circunvalacion-de-bani","status":"publish","type":"post","link":"https:\/\/ermdigital.com\/index.php\/2026\/04\/01\/coe-continua-despliegue-del-operativo-de-semana-santa-con-acto-en-la-circunvalacion-de-bani\/","title":{"rendered":"COE contin\u00faa despliegue del operativo de Semana Santa con acto en la Circunvalaci\u00f3n de Ban\u00ed"},"content":{"rendered":"<p><strong>Ban\u00ed, Peravia.\u2013 <\/strong>El <strong><a href=\"https:\/\/www.coe.gob.do\/\" data-type=\"link\" data-id=\"https:\/\/www.coe.gob.do\/\" target=\"_blank\" rel=\"noopener\">Centro de Operaciones de Emergencias (COE)<\/a><\/strong> continu\u00f3 este <strong>Mi\u00e9rcoles Santo<\/strong> el despliegue del operativo <strong>\u201cSemana Santa Conciencia por la Vida 2026\u201d<\/strong>, con un acto realizado en la Circunvalaci\u00f3n de Ban\u00ed, como parte de su estrategia de llevar el mensaje de prevenci\u00f3n a las principales v\u00edas del pa\u00eds.<\/p>\n<p>Durante la actividad, el <strong>director del COE, Juan Manuel M\u00e9ndez Garc\u00eda<\/strong>, reiter\u00f3 el compromiso de las autoridades de preservar vidas durante el asueto, al tiempo que llam\u00f3 a la ciudadan\u00eda a actuar con responsabilidad.<\/p>\n<h2 class=\"wp-block-heading\">\u201cEl Centro de Operaciones de Emergencia, por disposici\u00f3n del presidente Luis Abinader, inicia ma\u00f1ana jueves a las 2 de la tarde este operativo con m\u00e1s de 51 mil hombres y mujeres desplegados en toda la geograf\u00eda nacional\u201d, expres\u00f3.<\/h2>\n<figure class=\"wp-block-gallery has-nested-images columns-default is-cropped wp-block-gallery-1 is-layout-flex wp-block-gallery-is-layout-flex\">\n<figure class=\"wp-block-image size-large\"><img loading=\"lazy\" decoding=\"async\" width=\"1024\" height=\"576\" data-id=\"634204\" src=\"https:\/\/cdn.deultimominuto.net\/wp-content\/uploads\/2026\/04\/WhatsApp-Image-2026-04-01-at-12.52.02-PM-1-1024x576.jpeg\" alt=\"COE contin\u00faa despliegue del operativo de Semana Santa con acto en la Circunvalaci\u00f3n de Ban\u00ed - Noticias de hoy en Rep\u00fablica Dominicana | De \u00daltimo Minuto\" class=\"wp-image-634204\" title=\"COE contin\u00faa despliegue del operativo de Semana Santa con acto en la Circunvalaci\u00f3n de Ban\u00ed | 1 |\"><\/figure>\n<figure class=\"wp-block-image size-large\"><img loading=\"lazy\" decoding=\"async\" width=\"1024\" height=\"576\" data-id=\"634205\" src=\"https:\/\/cdn.deultimominuto.net\/wp-content\/uploads\/2026\/04\/WhatsApp-Image-2026-04-01-at-12.52.02-PM-1024x576.jpeg\" alt=\"COE contin\u00faa despliegue del operativo de Semana Santa con acto en la Circunvalaci\u00f3n de Ban\u00ed - Noticias de hoy en Rep\u00fablica Dominicana | De \u00daltimo Minuto\" class=\"wp-image-634205\" title=\"COE contin\u00faa despliegue del operativo de Semana Santa con acto en la Circunvalaci\u00f3n de Ban\u00ed | 2 |\"><\/figure>\n<\/figure>\n<p>M\u00e9ndez explic\u00f3 que el operativo estar\u00e1 enfocado en cuatro variables principales: prevenci\u00f3n de accidentes de tr\u00e1nsito, intoxicaci\u00f3n por alcohol, intoxicaci\u00f3n alimentaria y asfixia por inmersi\u00f3n, que hist\u00f3ricamente representan los mayores riesgos durante la Semana Santa.<\/p>\n<p>Asimismo, detall\u00f3 que <strong>el dispositivo contar\u00e1 con 637 ambulancias<\/strong>,<strong> 27 embarcaciones<\/strong>,<strong> tres helic\u00f3pteros<\/strong>, <strong>47 autobuses de la OMSA,<\/strong> <strong>327 unidades de respuesta inmediata,<\/strong> <strong>3,451 puestos de socorro<\/strong> y decenas de gr\u00faas y talleres m\u00f3viles, fortalecidos con el apoyo de distintas instituciones.<\/p>\n<p>El funcionario enfatiz\u00f3 que, aunque el Estado ha dispuesto una amplia estructura de respuesta, el objetivo es reducir al m\u00ednimo las tragedias.<\/p>\n<blockquote class=\"wp-block-quote is-layout-flow wp-block-quote-is-layout-flow\">\n<p>\u201cQueremos que en esta ocasi\u00f3n las estad\u00edsticas sean diferentes, que no tengamos que hablar de fallecidos ni lesionados. Ese es el prop\u00f3sito de todos nosotros\u201d, afirm\u00f3.<\/p>\n<\/blockquote>\n<p><strong>Te puede interesar: <\/strong><a href=\"https:\/\/deultimominuto.net\/nacionales\/interior-y-policia-desmiente-toque-de-queda-para-semana-santa-y-aclara-medidas-vigentes\/\" data-type=\"link\" data-id=\"https:\/\/deultimominuto.net\/nacionales\/interior-y-policia-desmiente-toque-de-queda-para-semana-santa-y-aclara-medidas-vigentes\/\">Interior y Polic\u00eda desmiente toque de queda para Semana Santa y aclara medidas vigentes<\/a><\/p>\n<p>Durante su intervenci\u00f3n, tambi\u00e9n hizo un llamado a la reflexi\u00f3n y al fortalecimiento de los valores familiares en el marco de la Semana Santa.<\/p>\n<p>\u201cLo que conmemoramos es la pasi\u00f3n, muerte y resurrecci\u00f3n de Jes\u00fas. Es un momento para reencontrarnos con la familia, para reflexionar y actuar con prudencia\u201d, se\u00f1al\u00f3.<\/p>\n<p>M\u00e9ndez insisti\u00f3 en que <strong>el \u00e9xito del operativo depender\u00e1 del comportamiento ciudadano<\/strong>. \u201cSi acatamos el llamado de las autoridades, el lunes podremos decir que estamos en casa, con nuestras familias y fuera de las estad\u00edsticas\u201d, puntualiz\u00f3.<\/p>\n<p>El acto en la circunvalaci\u00f3n de Ban\u00ed forma parte de una serie de intervenciones del COE en puntos estrat\u00e9gicos del pa\u00eds, con el objetivo de impactar directamente a los conductores y reforzar la conciencia vial durante uno de los per\u00edodos de mayor movilidad en la Rep\u00fablica Dominicana.<\/p>\n<p>\u200bBan\u00ed, Peravia.\u2013 El Centro de Operaciones de Emergencias (COE) continu\u00f3 este Mi\u00e9rcoles Santo el despliegue del operativo \u201cSemana Santa Conciencia por la Vida 2026\u201d, con un acto realizado en la Circunvalaci\u00f3n de Ban\u00ed, como parte de su estrategia de llevar el mensaje de prevenci\u00f3n a las principales v\u00edas del pa\u00eds. Durante la actividad, el director\u00a0\u00a0Nacionales, Circunvalaci\u00f3n de Ban\u00ed, Semana Santa\u00a0\u00a0<\/p>\n","protected":false},"excerpt":{"rendered":"<p>Ban\u00ed, Peravia.\u2013 El Centro de Operaciones de Emergencias (COE) continu\u00f3 este Mi\u00e9rcoles Santo el despliegue del operativo \u201cSemana Santa Conciencia por la Vida 2026\u201d, con un acto realizado en la Circunvalaci\u00f3n de Ban\u00ed, como parte de su estrategia de llevar el mensaje de prevenci\u00f3n a las principales v\u00edas del pa\u00eds. Durante la actividad, el director [&hellip;]<\/p>\n","protected":false},"author":1,"featured_media":10429,"comment_status":"open","ping_status":"open","sticky":false,"template":"","format":"standard","meta":{"amp_status":"","footnotes":""},"categories":[3],"tags":[],"class_list":["post-10428","post","type-post","status-publish","format-standard","has-post-thumbnail","hentry","category-de-ultimo-minuto"],"_links":{"self":[{"href":"https:\/\/ermdigital.com\/index.php\/wp-json\/wp\/v2\/posts\/10428","targetHints":{"allow":["GET"]}}],"collection":[{"href":"https:\/\/ermdigital.com\/index.php\/wp-json\/wp\/v2\/posts"}],"about":[{"href":"https:\/\/ermdigital.com\/index.php\/wp-json\/wp\/v2\/types\/post"}],"author":[{"embeddable":true,"href":"https:\/\/ermdigital.com\/index.php\/wp-json\/wp\/v2\/users\/1"}],"replies":[{"embeddable":true,"href":"https:\/\/ermdigital.com\/index.php\/wp-json\/wp\/v2\/comments?post=10428"}],"version-history":[{"count":0,"href":"https:\/\/ermdigital.com\/index.php\/wp-json\/wp\/v2\/posts\/10428\/revisions"}],"wp:featuredmedia":[{"embeddable":true,"href":"https:\/\/ermdigital.com\/index.php\/wp-json\/wp\/v2\/media\/10429"}],"wp:attachment":[{"href":"https:\/\/ermdigital.com\/index.php\/wp-json\/wp\/v2\/media?parent=10428"}],"wp:term":[{"taxonomy":"category","embeddable":true,"href":"https:\/\/ermdigital.com\/index.php\/wp-json\/wp\/v2\/categories?post=10428"},{"taxonomy":"post_tag","embeddable":true,"href":"https:\/\/ermdigital.com\/index.php\/wp-json\/wp\/v2\/tags?post=10428"}],"curies":[{"name":"wp","href":"https:\/\/api.w.org\/{rel}","templated":true}]}}