{"id":10402,"date":"2026-04-01T11:52:56","date_gmt":"2026-04-01T15:52:56","guid":{"rendered":"https:\/\/ermdigital.com\/index.php\/2026\/04\/01\/fiscalia-sometera-a-responsables-por-muerte-de-mujer-en-clinica-estetica-si-confirman-irregularidades\/"},"modified":"2026-04-01T11:52:56","modified_gmt":"2026-04-01T15:52:56","slug":"fiscalia-sometera-a-responsables-por-muerte-de-mujer-en-clinica-estetica-si-confirman-irregularidades","status":"publish","type":"post","link":"https:\/\/ermdigital.com\/fiscalia-sometera-a-responsables-por-muerte-de-mujer-en-clinica-estetica-si-confirman-irregularidades\/","title":{"rendered":"Fiscal\u00eda someter\u00e1 a responsables por muerte de mujer en cl\u00ednica est\u00e9tica si confirman irregularidades"},"content":{"rendered":"<h3 class=\"wp-block-heading\"><strong><em>La investigaci\u00f3n no descarta a ninguna persona vinculada al procedimiento ni a la operaci\u00f3n de la cl\u00ednica<\/em><\/strong><\/h3>\n<p><strong>Santiago.-<\/strong> La <strong>Fiscal\u00eda de Santiago <\/strong>advirti\u00f3 que podr\u00eda emprender acciones penales si las investigaciones confirman irregularidades en la muerte de<strong> \u00c1ngela Geraldine Hern\u00e1ndez<\/strong>, de 32 a\u00f1os, quien falleci\u00f3 presuntamente, mientras era sometida a una liposucci\u00f3n en la cl\u00ednica de est\u00e9tica Diosa, ubicada en el sector Los Jardines Metropolitanos de esta ciudad.<\/p>\n<p>La fiscal titular de Santiago, <strong>Quirsa Abreu Pe\u00f1a<\/strong>, asegur\u00f3 que el<strong> Ministerio P\u00fablico mantiene una investigaci\u00f3n activa<\/strong> y exhaustiva sobre el caso, centrada en el procedimiento m\u00e9dico practicado, el personal que intervino, la documentaci\u00f3n cl\u00ednica y la responsabilidad del centro de salud.<\/p>\n<p>La magistrada dej\u00f3 claro que, si los resultados cient\u00edficos, forenses y patol\u00f3gicos revelan negligencia, imprudencia o cualquier otra falta con consecuencias penales, el \u00f3rgano acusador actuar\u00e1 sin vacilaciones contra los responsables.<\/p>\n<h2 class=\"wp-block-heading\">\u201cSi las evidencias determinan que hubo una actuaci\u00f3n irregular o una falta que deriv\u00f3 en una responsabilidad penal, el Ministerio P\u00fablico proceder\u00e1\u201d, advirti\u00f3 Abreu Pe\u00f1a.<\/h2>\n<p>La fiscal explic\u00f3 que, por tratarse de un caso vinculado a un procedimiento m\u00e9dico, las conclusiones depender\u00e1n de los an\u00e1lisis especializados, incluyendo las evaluaciones de pat\u00f3logos y expertos forenses, quienes establecer\u00e1n si hubo fallas en la intervenci\u00f3n que termin\u00f3 con la vida de la joven.<\/p>\n<p>Indic\u00f3 que, desde que se conoci\u00f3 el hecho, se han realizado levantamientos, entrevistas y otras diligencias investigativas para reconstruir lo ocurrido dentro de la cl\u00ednica, incluyendo la verificaci\u00f3n del procedimiento que se le practicar\u00eda a la v\u00edctima, la actuaci\u00f3n de los m\u00e9dicos y la posible responsabilidad administrativa y penal de los propietarios del establecimiento.<\/p>\n<p>Abreu Pe\u00f1a subray\u00f3 adem\u00e1s que<strong> el<a href=\"https:\/\/pgr.gob.do\/\" data-type=\"link\" data-id=\"https:\/\/pgr.gob.do\/\" target=\"_blank\" rel=\"noopener\"> Ministerio P\u00fablico<\/a> ha asumido a \u00c1ngela Geraldine Hern\u00e1ndez como v\u00edctima<\/strong>, pese a su fallecimiento, y que ha mantenido comunicaci\u00f3n directa con sus familiares para acompa\u00f1arlos durante el proceso.<\/p>\n<p><strong>Te puede interesar: <\/strong><a href=\"https:\/\/deultimominuto.net\/nacionales\/entre-lagrimas-y-reclamos-de-justicia-sepultan\/\" data-type=\"link\" data-id=\"https:\/\/deultimominuto.net\/nacionales\/entre-lagrimas-y-reclamos-de-justicia-sepultan\/\">Entre l\u00e1grimas y reclamos de justicia sepultan en Santiago a \u00c1ngela Geraldine, fallecida tras presunta liposucci\u00f3n en cl\u00ednica est\u00e9tica<\/a><\/p>\n<blockquote class=\"wp-block-quote is-layout-flow wp-block-quote-is-layout-flow\">\n<p>\u201cPara nosotros hay una v\u00edctima, y aunque est\u00e1 fallecida, eso no cambia el deber del Ministerio P\u00fablico de investigar hasta las \u00faltimas consecuencias\u201d, sostuvo.<\/p>\n<\/blockquote>\n<p>La titular del \u00f3rgano persecutor en el distrito judicial de esta ciudad <strong>reiter\u00f3 que la investigaci\u00f3n no descarta a ninguna persona vinculada al procedimiento ni a la operaci\u00f3n de la cl\u00ednica<\/strong>, y afirm\u00f3 que cualquier evidencia nueva que apunte a una conducta penal ser\u00e1 incorporada al expediente.<\/p>\n<p>La muerte de la joven ocurrida el pasado jueves 26 de marzo ha generado conmoci\u00f3n en Santiago y reaviva el debate sobre los controles, protocolos y supervisi\u00f3n en cl\u00ednicas est\u00e9ticas, en momentos en que familiares y allegados exigen justicia y sanciones ejemplares si se comprueba mala pr\u00e1ctica m\u00e9dica.<\/p>\n<p>\u200bLa investigaci\u00f3n no descarta a ninguna persona vinculada al procedimiento ni a la operaci\u00f3n de la cl\u00ednica Santiago.- La Fiscal\u00eda de Santiago advirti\u00f3 que podr\u00eda emprender acciones penales si las investigaciones confirman irregularidades en la muerte de \u00c1ngela Geraldine Hern\u00e1ndez, de 32 a\u00f1os, quien falleci\u00f3 presuntamente, mientras era sometida a una liposucci\u00f3n en la cl\u00ednica\u00a0\u00a0Nacionales, Cirug\u00eda est\u00e9tica, cl\u00ednica est\u00e9tica, Fiscal\u00eda\u00a0\u00a0<\/p>\n","protected":false},"excerpt":{"rendered":"<p>La investigaci\u00f3n no descarta a ninguna persona vinculada al procedimiento ni a la operaci\u00f3n de la cl\u00ednica Santiago.- La Fiscal\u00eda de Santiago advirti\u00f3 que podr\u00eda emprender acciones penales si las investigaciones confirman irregularidades en la muerte de \u00c1ngela Geraldine Hern\u00e1ndez, de 32 a\u00f1os, quien falleci\u00f3 presuntamente, mientras era sometida a una liposucci\u00f3n en la cl\u00ednica [&hellip;]<\/p>\n","protected":false},"author":1,"featured_media":10403,"comment_status":"open","ping_status":"open","sticky":false,"template":"","format":"standard","meta":{"amp_status":"","footnotes":""},"categories":[3],"tags":[],"class_list":["post-10402","post","type-post","status-publish","format-standard","has-post-thumbnail","hentry","category-de-ultimo-minuto"],"_links":{"self":[{"href":"https:\/\/ermdigital.com\/wp-json\/wp\/v2\/posts\/10402","targetHints":{"allow":["GET"]}}],"collection":[{"href":"https:\/\/ermdigital.com\/wp-json\/wp\/v2\/posts"}],"about":[{"href":"https:\/\/ermdigital.com\/wp-json\/wp\/v2\/types\/post"}],"author":[{"embeddable":true,"href":"https:\/\/ermdigital.com\/wp-json\/wp\/v2\/users\/1"}],"replies":[{"embeddable":true,"href":"https:\/\/ermdigital.com\/wp-json\/wp\/v2\/comments?post=10402"}],"version-history":[{"count":0,"href":"https:\/\/ermdigital.com\/wp-json\/wp\/v2\/posts\/10402\/revisions"}],"wp:featuredmedia":[{"embeddable":true,"href":"https:\/\/ermdigital.com\/wp-json\/wp\/v2\/media\/10403"}],"wp:attachment":[{"href":"https:\/\/ermdigital.com\/wp-json\/wp\/v2\/media?parent=10402"}],"wp:term":[{"taxonomy":"category","embeddable":true,"href":"https:\/\/ermdigital.com\/wp-json\/wp\/v2\/categories?post=10402"},{"taxonomy":"post_tag","embeddable":true,"href":"https:\/\/ermdigital.com\/wp-json\/wp\/v2\/tags?post=10402"}],"curies":[{"name":"wp","href":"https:\/\/api.w.org\/{rel}","templated":true}]}}