{"id":10400,"date":"2026-04-01T12:01:07","date_gmt":"2026-04-01T16:01:07","guid":{"rendered":"https:\/\/ermdigital.com\/index.php\/2026\/04\/01\/semana-santa-arranca-mas-lenta-en-boca-chica-que-en-anos-anteriores-afirman-vendedores\/"},"modified":"2026-04-01T12:01:07","modified_gmt":"2026-04-01T16:01:07","slug":"semana-santa-arranca-mas-lenta-en-boca-chica-que-en-anos-anteriores-afirman-vendedores","status":"publish","type":"post","link":"https:\/\/ermdigital.com\/index.php\/2026\/04\/01\/semana-santa-arranca-mas-lenta-en-boca-chica-que-en-anos-anteriores-afirman-vendedores\/","title":{"rendered":"Semana Santa arranca m\u00e1s lenta en Boca Chica que en a\u00f1os anteriores, afirman vendedores"},"content":{"rendered":"<p><strong>Santo Domingo.-<\/strong> Comerciantes y prestadores de servicios que laboran en zonas tur\u00edsticas de la <strong>playa en Boca Chica,<\/strong> aseguraron que el inicio de la <strong>Semana Mayor<\/strong> ha transcurrido con una menor presencia de visitantes en comparaci\u00f3n con a\u00f1os anteriores, situaci\u00f3n que, seg\u00fan afirman, ha afectado sus ventas y expectativas econ\u00f3micas.<\/p>\n<p>Sentado debajo de un paraguas, a la espera de clientes para ofrecer sus servicios, el camarero Leo El Primo M\u00e1ximo Playa describi\u00f3 como \u201cflojo\u201d el ambiente que se vive en la playa durante los primeros d\u00edas del asueto.<\/p>\n<p>El trabajador explic\u00f3 que en temporadas pasadas, desde el<strong> Domingo de Ramos<\/strong>, ya comenzaba a sentirse una mayor llegada de personas, algo que asegura no se ha reflejado con la misma intensidad este a\u00f1o.<\/p>\n<p>Asimismo, sostuvo que las medidas implementadas por el Ministerio de Interior y Polic\u00eda han incidido en la disminuci\u00f3n del flujo de ciudadanos hacia las playas.<\/p>\n<h2 class=\"wp-block-heading\">Pese a este panorama, expres\u00f3 que mantiene la esperanza de que en los pr\u00f3ximos d\u00edas aumente la asistencia, ya que <strong>muchos trabajadores realizan inversiones significativas para esta temporada<\/strong>, incluso recurriendo a pr\u00e9stamos para abastecerse de mercanc\u00eda.<\/h2>\n<p>\u201cDurante estos d\u00edas uno hace inversiones, hasta toma pr\u00e9stamos para comprar mercanc\u00eda y recuperarlo con la venta, pero la cosa est\u00e1 floja\u201d, manifest\u00f3.<\/p>\n<p><strong>Te puede interesar: <\/strong><a href=\"https:\/\/deultimominuto.net\/nacionales\/director-de-rd-vial-resalta-mejoras-en-carreteras\/\" data-type=\"link\" data-id=\"https:\/\/deultimominuto.net\/nacionales\/director-de-rd-vial-resalta-mejoras-en-carreteras\/\">Director de RD Vial resalta mejoras en carreteras y refuerzo de asistencia durante Semana Santa<\/a><\/p>\n<p>De igual manera, Salnave Freitil, vendedor de coco con m\u00e1s de 15 a\u00f1os trabajando en la zona, coincidi\u00f3 en que el movimiento de personas ha sido limitado en comparaci\u00f3n con otros a\u00f1os, aunque reconoci\u00f3 que los d\u00edas m\u00e1s fuertes de la Semana Santa suelen concentrarse a partir del jueves.<\/p>\n<p>\u201cPor ahora mismo no hay nada\u201d, expres\u00f3 al referirse al flujo de visitantes en el \u00e1rea tur\u00edstica.<\/p>\n<p>Al comparar la situaci\u00f3n actual con temporadas anteriores, indic\u00f3 que para esta misma fecha en a\u00f1os pasados se observaba una mayor cantidad de personas y veh\u00edculos en la zona.<\/p>\n<p>\u201cTodo eso estaba lleno de gente, carros y movimiento, pero ahora mismo est\u00e1 diferente\u201d, afirm\u00f3.<\/p>\n<p>No obstante, se\u00f1al\u00f3 que a\u00fan<strong> esperan que en los d\u00edas m\u00e1s intensos del feriado aumente la presencia de vacacionistas<\/strong>, lo que podr\u00eda representar un alivio para quienes dependen de la actividad comercial en estos espacios.<\/p>\n<p>La <strong>Semana Santa <\/strong>es considerada una de las temporadas de mayor movimiento econ\u00f3mico para vendedores informales, camareros, peque\u00f1os comerciantes y prestadores de servicios en playas y balnearios, quienes cada a\u00f1o apuestan a una alta movilizaci\u00f3n de personas para generar ingresos.<\/p>\n<p>\u200bSanto Domingo.- Comerciantes y prestadores de servicios que laboran en zonas tur\u00edsticas de la playa en Boca Chica, aseguraron que el inicio de la Semana Mayor ha transcurrido con una menor presencia de visitantes en comparaci\u00f3n con a\u00f1os anteriores, situaci\u00f3n que, seg\u00fan afirman, ha afectado sus ventas y expectativas econ\u00f3micas. Sentado debajo de un paraguas,\u00a0\u00a0Nacionales, Boca Chica, Semana Santa, Vendedores\u00a0\u00a0<\/p>\n","protected":false},"excerpt":{"rendered":"<p>Santo Domingo.- Comerciantes y prestadores de servicios que laboran en zonas tur\u00edsticas de la playa en Boca Chica, aseguraron que el inicio de la Semana Mayor ha transcurrido con una menor presencia de visitantes en comparaci\u00f3n con a\u00f1os anteriores, situaci\u00f3n que, seg\u00fan afirman, ha afectado sus ventas y expectativas econ\u00f3micas. Sentado debajo de un paraguas, [&hellip;]<\/p>\n","protected":false},"author":1,"featured_media":10401,"comment_status":"open","ping_status":"open","sticky":false,"template":"","format":"standard","meta":{"amp_status":"","footnotes":""},"categories":[3],"tags":[],"class_list":["post-10400","post","type-post","status-publish","format-standard","has-post-thumbnail","hentry","category-de-ultimo-minuto"],"_links":{"self":[{"href":"https:\/\/ermdigital.com\/index.php\/wp-json\/wp\/v2\/posts\/10400","targetHints":{"allow":["GET"]}}],"collection":[{"href":"https:\/\/ermdigital.com\/index.php\/wp-json\/wp\/v2\/posts"}],"about":[{"href":"https:\/\/ermdigital.com\/index.php\/wp-json\/wp\/v2\/types\/post"}],"author":[{"embeddable":true,"href":"https:\/\/ermdigital.com\/index.php\/wp-json\/wp\/v2\/users\/1"}],"replies":[{"embeddable":true,"href":"https:\/\/ermdigital.com\/index.php\/wp-json\/wp\/v2\/comments?post=10400"}],"version-history":[{"count":0,"href":"https:\/\/ermdigital.com\/index.php\/wp-json\/wp\/v2\/posts\/10400\/revisions"}],"wp:featuredmedia":[{"embeddable":true,"href":"https:\/\/ermdigital.com\/index.php\/wp-json\/wp\/v2\/media\/10401"}],"wp:attachment":[{"href":"https:\/\/ermdigital.com\/index.php\/wp-json\/wp\/v2\/media?parent=10400"}],"wp:term":[{"taxonomy":"category","embeddable":true,"href":"https:\/\/ermdigital.com\/index.php\/wp-json\/wp\/v2\/categories?post=10400"},{"taxonomy":"post_tag","embeddable":true,"href":"https:\/\/ermdigital.com\/index.php\/wp-json\/wp\/v2\/tags?post=10400"}],"curies":[{"name":"wp","href":"https:\/\/api.w.org\/{rel}","templated":true}]}}