{"id":10180,"date":"2026-03-31T22:22:03","date_gmt":"2026-04-01T02:22:03","guid":{"rendered":"https:\/\/ermdigital.com\/index.php\/2026\/03\/31\/mundial-2026-panama-gana-confianza-rumbo-al-mundial-tras-vencer\/"},"modified":"2026-03-31T22:22:03","modified_gmt":"2026-04-01T02:22:03","slug":"mundial-2026-panama-gana-confianza-rumbo-al-mundial-tras-vencer","status":"publish","type":"post","link":"https:\/\/ermdigital.com\/index.php\/2026\/03\/31\/mundial-2026-panama-gana-confianza-rumbo-al-mundial-tras-vencer\/","title":{"rendered":"Mundial 2026: Panam\u00e1 gana confianza rumbo al Mundial tras vencer"},"content":{"rendered":"<p>\u00a0\u00a0<\/p>\n<p><strong>Panam\u00e1 venci\u00f3<\/strong> en <strong>Ciudad del Cabo<\/strong> este martes 2-1 a <strong>Sud\u00e1frica<\/strong> en el segundo <strong>amistoso<\/strong> al hilo entre ambas selecciones, un resultado que da alas a los canaleros rumbo a su debut en el <strong>Mundial<\/strong> de 2026 frente a Ghana, en dos meses y medio.<\/p>\n<p><strong>Mbekezeli Mbokazi<\/strong> (64&#8242;) anot\u00f3 para los sudafricanos y <strong>Jos\u00e9 C\u00f3rdoba<\/strong> (58&#8242;) y <strong>Jiovani Ramos<\/strong> (77&#8242;) para los paname\u00f1os, que mostraron oficio para maniatar a un rival que tuvo la posesi\u00f3n del bal\u00f3n, pero fueron incapaces de crear muchas ocasiones para marcar.<\/p>\n<p>Ambos equipos, que <strong>empataron 1-1<\/strong> el pasado viernes en Durban, disputaron estos <strong>amistosos<\/strong> pensando en el arranque de la <strong>Copa del Mundo<\/strong>, donde <strong>Sud\u00e1frica<\/strong> jugar\u00e1 el partido inaugural ante M\u00e9xico el 11 de junio en el Estadio Azteca de Ciudad de M\u00e9xico.<\/p>\n<p><strong>Panam\u00e1<\/strong>, por su parte, <strong>debutar\u00e1 ante Ghana<\/strong> el 17 en el <strong>BMO Field<\/strong>, en Toronto, Canad\u00e1.\u00a0Los paname\u00f1os ser\u00e1n los <strong>\u00fanicos centroamericanos<\/strong> en la m\u00e1xima cita del f\u00fatbol.<\/p>\n<p>Los canaleros mejoraron sus prestaciones en comparaci\u00f3n con el <strong>partido anterior<\/strong>, en el que los africanos dispusieron de innumerables oportunidades para llevarse la victoria ante un equipo que no pudo desplegar su <strong>juego vistoso<\/strong>.<\/p>\n<p>Para darle salida al bal\u00f3n, el seleccionador paname\u00f1o, el hispano-dan\u00e9s <strong>Thomas Christiansen<\/strong>, dio entrada de inicio al volante de Pumas, <strong>Adalberto Carrasquilla<\/strong>, el verdadero motor de este equipo.<\/p>\n<h2>&#8211; \"<strong>Contento con la actuaci\u00f3n<\/strong>\" &#8211;<\/h2>\n<p>Christiansen hab\u00eda dicho que los <strong>duelos contra Sud\u00e1frica<\/strong> servir\u00edan al equipo para su debut ante Ghana, pero su t\u00e9cnico <strong>Otto Addo<\/strong> fue <strong>destituido<\/strong> tras perder 2-1 ante Alemania y 5-1 ante Austria en esta ventana FIFA, la \u00faltima antes de que se definan los planteles mundialistas.<\/p>\n<p>\"Vi ayer a <strong>Ghana jugar<\/strong> contra Alemania y vi tambi\u00e9n el que jugaron contra Austria, as\u00ed que s\u00e9 perfectamente lo que vamos a tener contra ellos en el <strong>Mundial<\/strong> y estos eran dos buenos <strong>partidos de prueba<\/strong>\", dijo el DT.<\/p>\n<p>En la primera parte, pudo adelantarse <strong>Sud\u00e1frica<\/strong> al <strong>filo del descanso<\/strong>, pero fue <strong>Panam\u00e1<\/strong> la que abri\u00f3 la lata al aprovechar C\u00f3rdoba un rechazo del arquero en la reanudaci\u00f3n.<\/p>\n<p>Sin embargo, la alegr\u00eda dur\u00f3 poco para los paname\u00f1os, que vieron profanada su porter\u00eda con un <strong>golazo<\/strong> desde <strong>fuera del \u00e1rea<\/strong> de <strong>Mbokazi<\/strong>.<\/p>\n<p>Casi un cuarto de hora despu\u00e9s, <strong>Ramos<\/strong> <strong>rompi\u00f3 la igualada<\/strong> tras un <strong>remate de cabeza<\/strong>.<\/p>\n<p>\"Estoy <strong>contento con la actuaci\u00f3n<\/strong>, especialmente la personalidad que el equipo mostr\u00f3 hoy, donde fuimos <strong>m\u00e1s agresivos<\/strong>, con m\u00e1s posesi\u00f3n y <strong>m\u00e1s oportunidades<\/strong>\", declar\u00f3 Christiansen.<\/p>\n<p>Esta ser\u00e1 la <strong>segunda participaci\u00f3n<\/strong> de <strong>Panam\u00e1<\/strong> en un <strong>Mundial<\/strong> tras <strong>Rusia 2018<\/strong>, donde qued\u00f3 \u00faltima al perder los tres partidos de la <strong>fase de grupos<\/strong>.<\/p>\n<p>En esta ocasi\u00f3n, la afici\u00f3n paname\u00f1a tiene la <strong>esperanza<\/strong> de poder mejorar esos resultados, aunque en el <strong>Grupo L<\/strong> tambi\u00e9n est\u00e1 la Inglaterra dirigida por el alem\u00e1n <strong>Thomas Tuchel<\/strong> y la Croacia del incombustible Luka Modric.<\/p>\n<p>El <strong>31 de mayo<\/strong> <strong>Panam\u00e1<\/strong> enfrentar\u00e1 a Brasil en un <strong>amistoso<\/strong> en el <strong>Maracan\u00e1<\/strong>.<\/p>\n<h2>&#8211; <strong>Sud\u00e1frica<\/strong> deja dudas &#8211;<\/h2>\n<p>Por otro lado, <strong>Sud\u00e1frica<\/strong> mostr\u00f3, de cara a su <strong>debut contra M\u00e9xico<\/strong>, que tiene la <strong>p\u00f3lvora mojada<\/strong>. Aunque tuvo mayor posesi\u00f3n de la pelota y grandes oportunidades para marcar, sobre todo en el primer partido, solo pudo perforar la red en una ocasi\u00f3n.<\/p>\n<p>El t\u00e9cnico belga <strong>Hugo Broos<\/strong> enfrent\u00f3 a los canaleros con un equipo plagado de jugadores de la <strong>liga local<\/strong>, adem\u00e1s de Ime Okon, defensa del Hannover 96 alem\u00e1n, el delantero <strong>Lyle Foster<\/strong>, del Burnley de la Premier League.<\/p>\n<div class=\"w-full pt-2 float-left inside-related\"><strong>RELACIONADAS<\/strong><\/p>\n<article class=\"flex flex-wrap border-b pb-4 mb-3 inline-block\">\n<div class=\"xl:w-2\/12 w-4\/12\">\n<figure class=\"mb-0\"><img loading=\"lazy\" decoding=\"async\" src=\"https:\/\/resources.diariolibre.com\/images\/2026\/03\/31\/infantino-revisa-con-autoridades-de-ciudad-de-mexico-los-preparativos-07aea182-focus-min0.2-0.64-149-99.jpg\" width=\"149\" height=\"99\" title=\"Ir\u00e1n estar\u00e1 en la Copa del Mundo, asegura Gianni Infantino presidente de la FIFA\" alt=\"Ir\u00e1n estar\u00e1 en la Copa del Mundo, asegura Gianni Infantino presidente de la FIFA\" class=\"object-cover\" \/><\/figure>\n<\/div>\n<\/article>\n<article class=\"flex flex-wrap border-b pb-4 mb-3 inline-block\">\n<div class=\"xl:w-2\/12 w-4\/12\">\n<figure class=\"mb-0\"><img loading=\"lazy\" decoding=\"async\" src=\"https:\/\/resources.diariolibre.com\/images\/2026\/03\/29\/mundial-2026-mexico-y-portugal-empatan-0-0-en-reapertura-azteca-b1754406-focus-min0.02-0.46-149-99.jpg\" width=\"149\" height=\"99\" title=\"M\u00e9xico y Portugal empatan en la reapertura del estadio Azteca para el Mundial 2026\" alt=\"M\u00e9xico y Portugal empatan en la reapertura del estadio Azteca para el Mundial 2026\" class=\"object-cover\" \/><\/figure>\n<\/div>\n<\/article>\n<article class=\"flex flex-wrap border-b pb-4 mb-3 inline-block\">\n<div class=\"xl:w-2\/12 w-4\/12\">\n<figure class=\"mb-0\"><img loading=\"lazy\" decoding=\"async\" src=\"https:\/\/resources.diariolibre.com\/images\/2026\/03\/21\/mundial-de-2026-punto-de-inflexion-para-despegue-del-futbol-en-usa-6d12e9d9-focus-min0.07-0.45-149-99.jpg\" width=\"149\" height=\"99\" title=\"Mundial de 2026: punto de inflexi\u00f3n para el despegue definitivo del soccer en Estados Unidos\" alt=\"Mundial de 2026: punto de inflexi\u00f3n para el despegue definitivo del soccer en Estados Unidos\" class=\"object-cover\" \/><\/figure>\n<\/div>\n<\/article>\n<\/div>\n<p><strong>Sud\u00e1frica<\/strong>, que sumar\u00e1 su <strong>cuarta participaci\u00f3n<\/strong> mundialista, aspira a pasar por primera vez de la <strong>fase de grupos<\/strong>, que en esta edici\u00f3n tendr\u00e1 como rivales, adem\u00e1s de a M\u00e9xico, a <strong>Corea del Sur<\/strong> y a Rep\u00fablica Checa.<\/p>\n<p>\"Fueron dos <strong>partidos muy interesantes<\/strong> para m\u00ed, ahora veremos que tenemos que hacer para el <strong>futuro<\/strong>\", indic\u00f3 <strong>Broos<\/strong>.<\/p>\n<div class=\"border-t border-b py-2 my-5 tags-container\"><strong>TEMAS &#8211; <\/strong><\/p>\n<ul>\n<li>\n<div class=\"inline-block border p-2 rounded-full align-middle\">\n<p><a href=\"https:\/\/www.diariolibre.com\/tags\/mundial-2026\/74292\" title=\"Mundial 2026\">Mundial 2026<\/a><\/p>\n<\/div>\n<\/li>\n<li>\n<div class=\"inline-block border p-2 rounded-full align-middle\">\n<p><a href=\"https:\/\/www.diariolibre.com\/tags\/panama\/7204\" title=\"Panam\u00e1\">Panam\u00e1<\/a><\/p>\n<\/div>\n<\/li>\n<li>\n<div class=\"inline-block border p-2 rounded-full align-middle\">\n<p><a href=\"https:\/\/www.diariolibre.com\/tags\/sudafrica\/28138\" title=\"SUD\u00c1FRICA\">SUD\u00c1FRICA<\/a><\/p>\n<\/div>\n<\/li>\n<\/ul>\n<\/div>\n<p>\u00a0<\/p>\n","protected":false},"excerpt":{"rendered":"<p>\u00a0\u00a0 Panam\u00e1 venci\u00f3 en Ciudad del Cabo este martes 2-1 a Sud\u00e1frica en el segundo amistoso al hilo entre ambas selecciones, un resultado que da alas a los canaleros rumbo a su debut en el Mundial de 2026 frente a Ghana, en dos meses y medio. Mbekezeli Mbokazi (64&#8242;) anot\u00f3 para los sudafricanos y Jos\u00e9 [&hellip;]<\/p>\n","protected":false},"author":1,"featured_media":10181,"comment_status":"open","ping_status":"open","sticky":false,"template":"","format":"standard","meta":{"amp_status":"","footnotes":""},"categories":[4],"tags":[],"class_list":["post-10180","post","type-post","status-publish","format-standard","has-post-thumbnail","hentry","category-deportes"],"_links":{"self":[{"href":"https:\/\/ermdigital.com\/index.php\/wp-json\/wp\/v2\/posts\/10180","targetHints":{"allow":["GET"]}}],"collection":[{"href":"https:\/\/ermdigital.com\/index.php\/wp-json\/wp\/v2\/posts"}],"about":[{"href":"https:\/\/ermdigital.com\/index.php\/wp-json\/wp\/v2\/types\/post"}],"author":[{"embeddable":true,"href":"https:\/\/ermdigital.com\/index.php\/wp-json\/wp\/v2\/users\/1"}],"replies":[{"embeddable":true,"href":"https:\/\/ermdigital.com\/index.php\/wp-json\/wp\/v2\/comments?post=10180"}],"version-history":[{"count":0,"href":"https:\/\/ermdigital.com\/index.php\/wp-json\/wp\/v2\/posts\/10180\/revisions"}],"wp:featuredmedia":[{"embeddable":true,"href":"https:\/\/ermdigital.com\/index.php\/wp-json\/wp\/v2\/media\/10181"}],"wp:attachment":[{"href":"https:\/\/ermdigital.com\/index.php\/wp-json\/wp\/v2\/media?parent=10180"}],"wp:term":[{"taxonomy":"category","embeddable":true,"href":"https:\/\/ermdigital.com\/index.php\/wp-json\/wp\/v2\/categories?post=10180"},{"taxonomy":"post_tag","embeddable":true,"href":"https:\/\/ermdigital.com\/index.php\/wp-json\/wp\/v2\/tags?post=10180"}],"curies":[{"name":"wp","href":"https:\/\/api.w.org\/{rel}","templated":true}]}}