{"id":10178,"date":"2026-03-31T22:22:02","date_gmt":"2026-04-01T02:22:02","guid":{"rendered":"https:\/\/ermdigital.com\/index.php\/2026\/03\/31\/marileidy-paulino-ratifica-calidad-de-la-pista-del-inefi-en-sfm\/"},"modified":"2026-03-31T22:22:02","modified_gmt":"2026-04-01T02:22:02","slug":"marileidy-paulino-ratifica-calidad-de-la-pista-del-inefi-en-sfm","status":"publish","type":"post","link":"https:\/\/ermdigital.com\/index.php\/2026\/03\/31\/marileidy-paulino-ratifica-calidad-de-la-pista-del-inefi-en-sfm\/","title":{"rendered":"Marileidy Paulino ratifica calidad de la pista del Inefi en SFM"},"content":{"rendered":"<p>\u00a0\u00a0<\/p>\n<p>La doble campeona ol\u00edmpica y mundial, <strong>Marileidy Paulino<\/strong>, <strong>recorri\u00f3<\/strong> las modernas instalaciones de la <strong>pista de atletismo<\/strong> construida por el Instituto Nacional de Educaci\u00f3n F\u00edsica (<strong>Inefi<\/strong>) en esta ciudad para la celebraci\u00f3n de los <strong>Juegos Deportivos Escolares<\/strong> celebrados el <strong>a\u00f1o pasado<\/strong>.\u00a0<\/p>\n<p>La \"<strong>Gacela de Ebano<\/strong>\" <strong>valid\u00f3<\/strong> personalmente la alta calidad t\u00e9cnica de la obra, que hoy se erige como el <strong>epicentro del talento<\/strong> en la regi\u00f3n Nordeste.<\/p>\n<h2>Un <strong>hito para el deporte<\/strong> escolar<\/h2>\n<p>Durante su visita al Complejo Deportivo Juan Pablo Duarte, <strong>Paulino<\/strong> enfatiz\u00f3 que <strong>infraestructuras<\/strong> de este nivel, impulsadas bajo la visi\u00f3n del presidente <strong>Luis Abinader<\/strong> y ejecutadas por la gesti\u00f3n de <strong>Alberto Rodr\u00edguez Mella<\/strong> al frente del Inafi, son la pieza clave para que Rep\u00fablica Dominicana siga brillando en escenarios internacionales.<\/p>\n<p>\"<strong>Valoro profundamente<\/strong> esta <strong>pista<\/strong>. No es solo una obra de infraestructura, es una <strong>herramienta real<\/strong> para que en San Francisco de Macor\u00eds se formen los <strong>pr\u00f3ximos campeones<\/strong> que representen nuestra bandera\", afirm\u00f3.\u00a0<\/p>\n<h2>Respaldo t\u00e9cnico de \u00e9lite<\/h2>\n<p>El <strong>recorrido<\/strong> cont\u00f3 tambi\u00e9n con la presencia del reconocido <strong>entrenador Yaseen P\u00e9rez<\/strong>, quien destac\u00f3 la importancia estrat\u00e9gica de contar con pistas que cumplan con los est\u00e1ndares internacionales para el entrenamiento diario.<\/p>\n<p>\"La <strong>visi\u00f3n del Inefi<\/strong> ha sido sumamente acertada. Construir este tipo de <strong>facilidades<\/strong> en las provincias descentraliza el \u00e9xito y permite que los <strong>j\u00f3venes talentos<\/strong> tengan las mismas oportunidades que los atletas de \u00e9lite\", se\u00f1al\u00f3 P\u00e9rez.<\/p>\n<h2>Educaci\u00f3n y Deporte: La <strong>f\u00f3rmula ganadora<\/strong><\/h2>\n<p>Bajo la direcci\u00f3n de <strong>Alberto Rodr\u00edguez Mella<\/strong>, el <strong>Inefi<\/strong> reafirma su filosof\u00eda de que \"la educaci\u00f3n m\u00e1s el deporte es la <strong>f\u00f3rmula ganadora<\/strong>\". <\/p>\n<p>La presencia de una figura de la magnitud de <strong>Marileidy Paulino<\/strong> en esta instalaci\u00f3n no solo valida la <strong>inversi\u00f3n estatal<\/strong>, sino que sirve de <strong>inspiraci\u00f3n directa<\/strong> para miles de estudiantes que ven en <strong>Paulino<\/strong> un espejo de superaci\u00f3n.<\/p>\n<div class=\"w-full pt-2 float-left inside-related\"><strong>RELACIONADAS<\/strong><\/p>\n<article class=\"flex flex-wrap border-b pb-4 mb-3 inline-block\">\n<div class=\"xl:w-2\/12 w-4\/12\">\n<figure class=\"mb-0\"><img loading=\"lazy\" decoding=\"async\" src=\"https:\/\/resources.diariolibre.com\/images\/2026\/03\/28\/el-inefi-masifica-el-baloncesto-3x3-4f6d7274-focus-0-0-149-99.jpg\" width=\"149\" height=\"99\" title=\"El Inefi masifica el baloncesto 3x3 con el inicio del Festival Metropolitano de Basket Femenino 2026\" alt=\"El Inefi masifica el baloncesto 3x3 con el inicio del Festival Metropolitano de Basket Femenino 2026\" class=\"object-cover\" \/><\/figure>\n<\/div>\n<\/article>\n<article class=\"flex flex-wrap border-b pb-4 mb-3 inline-block\">\n<div class=\"xl:w-2\/12 w-4\/12\">\n<figure class=\"mb-0\"><img loading=\"lazy\" decoding=\"async\" src=\"https:\/\/resources.diariolibre.com\/images\/2026\/03\/25\/minerd-e-inefi-capacitan-a-mas-de-300-docentes-con-taller-formativo-5de89847-focus-0-0-149-99.jpg\" width=\"149\" height=\"99\" title=\"Minerd e Inefi capacitan a m\u00e1s de 300 docentes con Taller de Actualizaci\u00f3n Curricular\" alt=\"Minerd e Inefi capacitan a m\u00e1s de 300 docentes con Taller de Actualizaci\u00f3n Curricular\" class=\"object-cover\" \/><\/figure>\n<\/div>\n<\/article>\n<article class=\"flex flex-wrap border-b pb-4 mb-3 inline-block\">\n<div class=\"xl:w-2\/12 w-4\/12\">\n<figure class=\"mb-0\"><img loading=\"lazy\" decoding=\"async\" src=\"https:\/\/resources.diariolibre.com\/images\/2026\/02\/24\/inefi-lleva-deporte-salud-y-esperanza-a-madre-vieja-norte-82115fb6-focus-min0.07-0.36-149-99.jpg\" width=\"149\" height=\"99\" title=\"Inefi lleva deporte, salud y esperanza a Madre Vieja Norte con jornada comunitaria\" alt=\"Inefi lleva deporte, salud y esperanza a Madre Vieja Norte con jornada comunitaria\" class=\"object-cover\" \/><\/figure>\n<\/div>\n<\/article>\n<\/div>\n<p>Esta <strong>pista<\/strong> en la \"<strong>Ciudad del Jaya<\/strong>\" se consolida como el legado m\u00e1s tangible de los <strong>Juegos Escolares 2025<\/strong>, garantizando que el atletismo dominicano cuente con una cantera inagotable de prospectos en condiciones \u00f3ptimas de formaci\u00f3n.<\/p>\n<div class=\"border-t border-b py-2 my-5 tags-container\"><strong>TEMAS &#8211; <\/strong><\/p>\n<ul>\n<li>\n<div class=\"inline-block border p-2 rounded-full align-middle\">\n<p><a href=\"https:\/\/www.diariolibre.com\/tags\/marileidy-paulino\/12100\" title=\"Marileidy Paulino\">Marileidy Paulino<\/a><\/p>\n<\/div>\n<\/li>\n<li><\/li>\n<li>\n<div class=\"inline-block border p-2 rounded-full align-middle\">\n<p><a href=\"https:\/\/www.diariolibre.com\/tags\/alberto-rodriguez-mella\/88182\" title=\"Alberto Rodr\u00edguez Mella\">Alberto Rodr\u00edguez Mella<\/a><\/p>\n<\/div>\n<\/li>\n<\/ul>\n<\/div>\n<p>\u00a0<\/p>\n","protected":false},"excerpt":{"rendered":"<p>\u00a0\u00a0 La doble campeona ol\u00edmpica y mundial, Marileidy Paulino, recorri\u00f3 las modernas instalaciones de la pista de atletismo construida por el Instituto Nacional de Educaci\u00f3n F\u00edsica (Inefi) en esta ciudad para la celebraci\u00f3n de los Juegos Deportivos Escolares celebrados el a\u00f1o pasado.\u00a0 La \"Gacela de Ebano\" valid\u00f3 personalmente la alta calidad t\u00e9cnica de la obra, [&hellip;]<\/p>\n","protected":false},"author":1,"featured_media":10179,"comment_status":"open","ping_status":"open","sticky":false,"template":"","format":"standard","meta":{"amp_status":"","footnotes":""},"categories":[4],"tags":[],"class_list":["post-10178","post","type-post","status-publish","format-standard","has-post-thumbnail","hentry","category-deportes"],"_links":{"self":[{"href":"https:\/\/ermdigital.com\/index.php\/wp-json\/wp\/v2\/posts\/10178","targetHints":{"allow":["GET"]}}],"collection":[{"href":"https:\/\/ermdigital.com\/index.php\/wp-json\/wp\/v2\/posts"}],"about":[{"href":"https:\/\/ermdigital.com\/index.php\/wp-json\/wp\/v2\/types\/post"}],"author":[{"embeddable":true,"href":"https:\/\/ermdigital.com\/index.php\/wp-json\/wp\/v2\/users\/1"}],"replies":[{"embeddable":true,"href":"https:\/\/ermdigital.com\/index.php\/wp-json\/wp\/v2\/comments?post=10178"}],"version-history":[{"count":0,"href":"https:\/\/ermdigital.com\/index.php\/wp-json\/wp\/v2\/posts\/10178\/revisions"}],"wp:featuredmedia":[{"embeddable":true,"href":"https:\/\/ermdigital.com\/index.php\/wp-json\/wp\/v2\/media\/10179"}],"wp:attachment":[{"href":"https:\/\/ermdigital.com\/index.php\/wp-json\/wp\/v2\/media?parent=10178"}],"wp:term":[{"taxonomy":"category","embeddable":true,"href":"https:\/\/ermdigital.com\/index.php\/wp-json\/wp\/v2\/categories?post=10178"},{"taxonomy":"post_tag","embeddable":true,"href":"https:\/\/ermdigital.com\/index.php\/wp-json\/wp\/v2\/tags?post=10178"}],"curies":[{"name":"wp","href":"https:\/\/api.w.org\/{rel}","templated":true}]}}