{"id":10160,"date":"2026-03-31T21:22:10","date_gmt":"2026-04-01T01:22:10","guid":{"rendered":"https:\/\/ermdigital.com\/index.php\/2026\/03\/31\/azocibao-celebra-torneo-zonas-francas-del-cibao-padel-open\/"},"modified":"2026-03-31T21:22:10","modified_gmt":"2026-04-01T01:22:10","slug":"azocibao-celebra-torneo-zonas-francas-del-cibao-padel-open","status":"publish","type":"post","link":"https:\/\/ermdigital.com\/index.php\/2026\/03\/31\/azocibao-celebra-torneo-zonas-francas-del-cibao-padel-open\/","title":{"rendered":"Azocibao celebra torneo \u201cZonas Francas del Cibao P\u00e1del Open\u201d"},"content":{"rendered":"<p>\u00a0\u00a0<\/p>\n<p>La <strong>Asociaci\u00f3n de Empresas<\/strong> de <strong>Zonas Francas del Cibao<\/strong> realiz\u00f3, por segundo a\u00f1o consecutivo, su torneo \"<strong>Zonas Francas del Cibao<\/strong> <strong>P\u00e1del<\/strong> Open\", el cual se estuvo llevando a cabo en las instalaciones del STI Racket Club de la ciudad de Santiago de los Caballeros.\u00a0<\/p>\n<h2>Resultados destacados del torneo Zonas Francas del Cibao <strong>P\u00e1del<\/strong> Open<\/h2>\n<p>La competencia fue muy re\u00f1ida en todas las <strong>categor\u00edas<\/strong> de <strong>ambas ramas<\/strong>.\u00a0<\/p>\n<p>En la <strong>rama masculina<\/strong>, <strong>Enmanuel y Pedro Mu\u00f1oz<\/strong> ganaron la <strong>categor\u00eda B<\/strong>; en la <strong>categor\u00eda C<\/strong>+, Jean Col\u00f3n y Eduardo Lara; en la C-, se alzaron con el triunfo Jos\u00e9 Torres y Gabriel Mat\u00edas; en la categor\u00eda D+, Diego Rodr\u00edguez y Ramon Infante y en el D-, Rubi Santana (padre) y Francisco Everszt.<\/p>\n<p>En la <strong>rama femenina<\/strong> los primeros lugares lo obtuvieron <strong>Ashley Jim\u00e9nez y Carolina P\u00e9rez<\/strong> en la <strong>categor\u00eda C<\/strong>; y la pareja conformada por Angie Bothfeld y Katherine Cruz en la categor\u00eda D.<\/p>\n<h2>Compromiso social y donaci\u00f3n a la Fundaci\u00f3n Comunitaria Zonas Francas<\/h2>\n<p>El <strong>acto de apertura<\/strong> estuvo encabezado por el presidente de la entidad, el se\u00f1or <strong>Marco Cabral<\/strong>, que expres\u00f3 que al celebrar la <strong>segunda edici\u00f3n<\/strong> de la competencia, se reafirmaba el compromiso de fortalecer la comunidad empresarial, con eventos que aportan recreaci\u00f3n sana, con compa\u00f1erismo y buenas relaciones humanas. <\/p>\n<p>Cabral enfatiz\u00f3 sobre el <strong>car\u00e1cter social<\/strong> del torneo, que dona parte de los fondos recaudados a la labor que se realiza a trav\u00e9s de la <strong>Fundaci\u00f3n Comunitaria Zonas Francas<\/strong>\u00a0 Santiago, la cual dirige tres centros educativos para la atenci\u00f3n de la primera infancia para los hijos de los colaboradores de zona franca en zonas vulnerables como lo son Pek\u00edn, Camboya y Cienfuegos.<\/p>\n<div class=\"w-full pt-2 float-left inside-related\"><strong>RELACIONADAS<\/strong><\/p>\n<article class=\"flex flex-wrap border-b pb-4 mb-3 inline-block\">\n<div class=\"xl:w-2\/12 w-4\/12\">\n<figure class=\"mb-0\"><img loading=\"lazy\" decoding=\"async\" src=\"https:\/\/resources.diariolibre.com\/images\/2026\/03\/19\/alcaldia-del-dn-supervisa-avances-del-malecon-deportivo-e9a1d3e8-focus-0-0-149-99.jpg\" width=\"149\" height=\"99\" title=\"Las canchas del Malec\u00f3n Deportivo se encuentran a un 85 % y ya se perfila el cambio paisaje\" alt=\"Las canchas del Malec\u00f3n Deportivo se encuentran a un 85 % y ya se perfila el cambio paisaje\" class=\"object-cover\" \/><\/figure>\n<\/div>\n<\/article>\n<article class=\"flex flex-wrap border-b pb-4 mb-3 inline-block\">\n<div class=\"xl:w-2\/12 w-4\/12\">\n<figure class=\"mb-0\"><img loading=\"lazy\" decoding=\"async\" src=\"https:\/\/resources.diariolibre.com\/images\/2026\/03\/26\/body-shop-athletic-club-inaugura-nuevo-rooftop-de-padel-en-bella-vista-67dbc68f-focus-0-0-149-99.jpg\" width=\"149\" height=\"99\" title=\"Body Shop Athletic Club inaugura nuevo rooftop de p\u00e1del en Bella Vista: &quot;The Blue Space&quot;\" alt=\"Body Shop Athletic Club inaugura nuevo rooftop de p\u00e1del en Bella Vista: &quot;The Blue Space&quot;\" class=\"object-cover\" \/><\/figure>\n<\/div>\n<\/article>\n<article class=\"flex flex-wrap border-b pb-4 mb-3 inline-block\">\n<div class=\"xl:w-2\/12 w-4\/12\">\n<figure class=\"mb-0\"><img loading=\"lazy\" decoding=\"async\" src=\"https:\/\/resources.diariolibre.com\/images\/2026\/03\/27\/celebran-tercera-edicion-del-united-capital-padel-tour-463e2105-focus-min0.03-0.22-149-99.jpg\" width=\"149\" height=\"99\" title=\"Celebran la tercera edici\u00f3n del United Capital P\u00e1del Tour\" alt=\"Celebran la tercera edici\u00f3n del United Capital P\u00e1del Tour\" class=\"object-cover\" \/><\/figure>\n<\/div>\n<\/article>\n<\/div>\n<ul class=\"list-text\">\n<li>La donaci\u00f3n fue recibida por la Presidenta de la Fundaci\u00f3n, <strong>Patricia Lama de Bonilla<\/strong>.<\/li>\n<\/ul>\n<p>\u00a0<\/p>\n<div class=\"border-t border-b py-2 my-5 tags-container\"><strong>TEMAS &#8211; <\/strong><\/p>\n<ul>\n<li>\n<div class=\"inline-block border p-2 rounded-full align-middle\">\n<p><a href=\"https:\/\/www.diariolibre.com\/tags\/azocibao\/228579\" title=\"Azocibao\">Azocibao<\/a><\/p>\n<\/div>\n<\/li>\n<li><\/li>\n<\/ul>\n<\/div>\n<p>\u00a0<\/p>\n","protected":false},"excerpt":{"rendered":"<p>\u00a0\u00a0 La Asociaci\u00f3n de Empresas de Zonas Francas del Cibao realiz\u00f3, por segundo a\u00f1o consecutivo, su torneo \"Zonas Francas del Cibao P\u00e1del Open\", el cual se estuvo llevando a cabo en las instalaciones del STI Racket Club de la ciudad de Santiago de los Caballeros.\u00a0 Resultados destacados del torneo Zonas Francas del Cibao P\u00e1del Open [&hellip;]<\/p>\n","protected":false},"author":1,"featured_media":10161,"comment_status":"open","ping_status":"open","sticky":false,"template":"","format":"standard","meta":{"amp_status":"","footnotes":""},"categories":[4],"tags":[],"class_list":["post-10160","post","type-post","status-publish","format-standard","has-post-thumbnail","hentry","category-deportes"],"_links":{"self":[{"href":"https:\/\/ermdigital.com\/index.php\/wp-json\/wp\/v2\/posts\/10160","targetHints":{"allow":["GET"]}}],"collection":[{"href":"https:\/\/ermdigital.com\/index.php\/wp-json\/wp\/v2\/posts"}],"about":[{"href":"https:\/\/ermdigital.com\/index.php\/wp-json\/wp\/v2\/types\/post"}],"author":[{"embeddable":true,"href":"https:\/\/ermdigital.com\/index.php\/wp-json\/wp\/v2\/users\/1"}],"replies":[{"embeddable":true,"href":"https:\/\/ermdigital.com\/index.php\/wp-json\/wp\/v2\/comments?post=10160"}],"version-history":[{"count":0,"href":"https:\/\/ermdigital.com\/index.php\/wp-json\/wp\/v2\/posts\/10160\/revisions"}],"wp:featuredmedia":[{"embeddable":true,"href":"https:\/\/ermdigital.com\/index.php\/wp-json\/wp\/v2\/media\/10161"}],"wp:attachment":[{"href":"https:\/\/ermdigital.com\/index.php\/wp-json\/wp\/v2\/media?parent=10160"}],"wp:term":[{"taxonomy":"category","embeddable":true,"href":"https:\/\/ermdigital.com\/index.php\/wp-json\/wp\/v2\/categories?post=10160"},{"taxonomy":"post_tag","embeddable":true,"href":"https:\/\/ermdigital.com\/index.php\/wp-json\/wp\/v2\/tags?post=10160"}],"curies":[{"name":"wp","href":"https:\/\/api.w.org\/{rel}","templated":true}]}}