{"id":10156,"date":"2026-03-31T21:22:10","date_gmt":"2026-04-01T01:22:10","guid":{"rendered":"https:\/\/ermdigital.com\/index.php\/2026\/03\/31\/mundial-2026-italia-vera-su-tercer-mundial-consecutivo-por-television\/"},"modified":"2026-03-31T21:22:10","modified_gmt":"2026-04-01T01:22:10","slug":"mundial-2026-italia-vera-su-tercer-mundial-consecutivo-por-television","status":"publish","type":"post","link":"https:\/\/ermdigital.com\/index.php\/2026\/03\/31\/mundial-2026-italia-vera-su-tercer-mundial-consecutivo-por-television\/","title":{"rendered":"Mundial 2026: Italia ver\u00e1 su tercer Mundial consecutivo por televisi\u00f3n"},"content":{"rendered":"<p>\u00a0\u00a0<\/p>\n<p>&lt;app-viewer-title&gt;&lt;\/app-viewer-title&gt;<\/p>\n<p>No hay dos sin tres y la <strong>maldici\u00f3n del repechaje<\/strong> golpe\u00f3 de nuevo a <strong>Italia<\/strong>. Ausente de los dos \u00faltimos mundiales, la Nazionale no estar\u00e1 en la edici\u00f3n de Norteam\u00e9rica 2026 tras <strong>perder ante Bosnia<\/strong> en los <strong>penales<\/strong> (1-1, 4-1) en la final de la repesca europea este martes en Zenica.<\/p>\n<p>Es ya una mala costumbre para <strong>Italia<\/strong>, <strong>tetracampeona del mundo<\/strong> y <strong>doble campeona de Europa<\/strong>, pero el mazazo es contundente y dif\u00edcil de digerir para un pa\u00eds loco por el \"calcio\".<\/p>\n<p>Al igual que para los mundiales de 2018 y 2022, a la Nazionale se le atragant\u00f3 el <strong>repechaje<\/strong>, en esta ocasi\u00f3n ante <strong>Bosnia<\/strong> (66\u00aa en el ranking FIFA).<\/p>\n<p><strong>Italia<\/strong> se adelant\u00f3 con un <strong>gol<\/strong> de <strong>Moise Kean<\/strong> (15&#8242;) tras un <strong>error del arquero<\/strong> local Nikola Vasilj en la salida del bal\u00f3n. Para el delantero de la Fiorentina fue su octavo <strong>gol<\/strong> en sus ocho \u00faltimos partidos internacionales.<\/p>\n<h2>&#8211; Una <strong>expulsi\u00f3n decisiva<\/strong> &#8211;<\/h2>\n<p>Pero los locales igualaron por medio del delantero Haris Tabakovic (79&#8242;) al aprovechar un rechace de Gianluigi <strong>Donnarumma<\/strong>, despu\u00e9s de la expulsi\u00f3n del central azzurro <strong>Alessandro Bastoni<\/strong> en el minuto 41 por una falta cuando era el \u00faltimo hombre.<\/p>\n<p>Una expulsi\u00f3n que supuso tambi\u00e9n la <strong>sustituci\u00f3n<\/strong> del delantero de origen argentino <strong>Mateo Retegui<\/strong> por el defensor <strong>Federico Gatti<\/strong>.<\/p>\n<p>En la tanda fat\u00eddica, <strong>Donnarumma<\/strong> no detuvo ninguno de los <strong>cuatro lanzamientos<\/strong> de los bosnios, que disputar\u00e1n el <strong>segundo Mundial<\/strong> de su historia.<\/p>\n<p><strong>Pio Esposito<\/strong> y <strong>Bryan Cristante<\/strong> fallaron para la Azzurra de Gennaro <strong>Gattuso<\/strong> desde los once metros en un partido bajo un clima hostil en el peque\u00f1o y vetusto estadio Bilino-Polje.<\/p>\n<p>Antes, en la <strong>pr\u00f3rroga<\/strong>, <strong>Italia<\/strong> cre\u00f3 m\u00e1s peligro. Pero <strong>Palestra<\/strong> fue frenado justo antes del \u00e1rea por <strong>Tarik Muharemovic<\/strong> (102&#8242;), en posici\u00f3n de \u00faltimo defensor, lo que solo le supuso una amarilla para indignaci\u00f3n del banco italiano.<\/p>\n<p>Francesco <strong>Pio Esposito<\/strong> vio c\u00f3mo su cabezazo era despejado in extremis por el guardameta bosnio (105+1&#8242;). Primer lanzador italiano en la tanda de penaltis, el prodigio del Inter de 20 a\u00f1os envi\u00f3 el bal\u00f3n alto e <strong>Italia<\/strong> no se repuso.<\/p>\n<p>\"Estoy <strong>orgulloso<\/strong> de mis <strong>jugadores<\/strong>, por su actuaci\u00f3n, por todos sus esfuerzos, por el amor que han demostrado durante este partido\", declar\u00f3 <strong>Gattuso<\/strong>.<\/p>\n<p>\"Pero as\u00ed es el f\u00fatbol, lo han dado todo. Si alguien tuviera que exprimir todo de m\u00ed ahora, no saldr\u00eda nada de mi cuerpo, ni sangre, nada; duele, porque la necesit\u00e1bamos (esta <strong>clasificaci\u00f3n<\/strong>) por nosotros, por nuestras familias, por toda <strong>Italia<\/strong>, por el f\u00fatbol italiano\", a\u00f1adi\u00f3.<\/p>\n<h2>&#8211; La <strong>maldici\u00f3n del repechaje<\/strong> &#8211;<\/h2>\n<p>En las dos precedentes Copas del Mundo, la Azzurra no super\u00f3 el escollo del <strong>repechaje<\/strong>, en ambas ocasiones en casa, contra <strong>Suecia<\/strong> para el Mundial ruso, y ante <strong>Macedonia del Norte<\/strong> cuatro a\u00f1os despu\u00e9s para el torneo de Catar.<\/p>\n<p><strong>Italia<\/strong> hab\u00eda terminado segunda de su <strong>grupo I<\/strong> de <strong>clasificaci\u00f3n<\/strong> (<strong>18 puntos<\/strong>), por detr\u00e1s de <strong>Noruega<\/strong>, que le derrot\u00f3 en sus dos enfrentamientos (3-0 en Oslo y 4-1 en San Siro).<\/p>\n<p>Este <strong>fracaso<\/strong> podr\u00eda costar el puesto a Gennaro <strong>Gattuso<\/strong>, nombrado seleccionador en <strong>sustituci\u00f3n<\/strong> de Luciano Spalletti en junio de 2025 tras la debacle en <strong>Noruega<\/strong> al inicio de las eliminatorias.<\/p>\n<p>Sin embargo, al final del encuentro, <strong>Gabriele Gravina<\/strong>, presidente de la Federaci\u00f3n Italiana de F\u00fatbol (<strong>FIGC<\/strong>), le pidi\u00f3 a <strong>Gattuso<\/strong> <strong>quedarse<\/strong>.<\/p>\n<p>\"Le he pedido a \u00e9l que se quede, y le he pedido a (Gianluigi) <strong>Buffon<\/strong> que contin\u00fae a cargo del \u00e1rea deportiva\", declar\u00f3 a la prensa el dirigente.<\/p>\n<p>Al ser consultado sobre si aceptar\u00eda la invitaci\u00f3n de Gravina, <strong>Gattuso<\/strong> reiter\u00f3 lo que ya hab\u00eda dicho a la cadena italiana <strong>RAI<\/strong>, sobre que aquello \"no era lo importante\".<\/p>\n<p>Bajo la direcci\u00f3n del antiguo centrocampista del AC Milan, campe\u00f3n del mundo en 2006, <strong>Italia<\/strong> gan\u00f3 seis de sus ocho \u00faltimos partidos. \"La derrota duele demasiado\", expres\u00f3 el entrenador tras la eliminaci\u00f3n.<\/p>\n<div class=\"w-full pt-2 float-left inside-related\"><strong>RELACIONADAS<\/strong><\/p>\n<article class=\"flex flex-wrap border-b pb-4 mb-3 inline-block\">\n<div class=\"xl:w-2\/12 w-4\/12\">\n<figure class=\"mb-0\"><img loading=\"lazy\" decoding=\"async\" src=\"https:\/\/resources.diariolibre.com\/images\/2025\/11\/27\/mundial-2026-el-11-de-diciembre-es-el-tercer-plazo-para-entradas-4ca56b52-focus-0-0.14-149-99.jpg\" width=\"149\" height=\"99\" title=\"Cuatro sue\u00f1os y doce pesadillas: arranca la eliminatoria europea final rumbo al Mundial 2026\" alt=\"Cuatro sue\u00f1os y doce pesadillas: arranca la eliminatoria europea final rumbo al Mundial 2026\" class=\"object-cover\" \/><\/figure>\n<\/div>\n<\/article>\n<article class=\"flex flex-wrap border-b pb-4 mb-3 inline-block\">\n<div class=\"xl:w-2\/12 w-4\/12\">\n<figure class=\"mb-0\"><img loading=\"lazy\" decoding=\"async\" src=\"https:\/\/resources.diariolibre.com\/images\/2026\/03\/31\/infantino-revisa-con-autoridades-de-ciudad-de-mexico-los-preparativos-07aea182-focus-min0.2-0.64-149-99.jpg\" width=\"149\" height=\"99\" title=\"Ir\u00e1n estar\u00e1 en la Copa del Mundo, asegura Gianni Infantino presidente de la FIFA\" alt=\"Ir\u00e1n estar\u00e1 en la Copa del Mundo, asegura Gianni Infantino presidente de la FIFA\" class=\"object-cover\" \/><\/figure>\n<\/div>\n<\/article>\n<article class=\"flex flex-wrap border-b pb-4 mb-3 inline-block\">\n<div class=\"xl:w-2\/12 w-4\/12\">\n<figure class=\"mb-0\"><img loading=\"lazy\" decoding=\"async\" src=\"https:\/\/resources.diariolibre.com\/images\/2026\/03\/29\/mundial-2026-mexico-y-portugal-empatan-0-0-en-reapertura-azteca-b1754406-focus-min0.02-0.46-149-99.jpg\" width=\"149\" height=\"99\" title=\"M\u00e9xico y Portugal empatan en la reapertura del estadio Azteca para el Mundial 2026\" alt=\"M\u00e9xico y Portugal empatan en la reapertura del estadio Azteca para el Mundial 2026\" class=\"object-cover\" \/><\/figure>\n<\/div>\n<\/article>\n<\/div>\n<p><strong>Gattuso<\/strong>, de 48 a\u00f1os, logr\u00f3 adem\u00e1s instalar un <strong>esp\u00edritu de equipo<\/strong> en una selecci\u00f3n italiana (12\u00ba en ranking FIFA) que adolece en los \u00faltimos tiempos de grandes talentos individuales y de <strong>jugadores<\/strong> carism\u00e1ticos.<\/p>\n<p>Durante la fase final de la Copa del Mundo en Estados Unidos, Canad\u00e1 y M\u00e9xico (11 de junio-19 de julio), <strong>Bosnia<\/strong>, que disputar\u00e1 su <strong>segundo Mundial<\/strong> tras Brasil 2014, se enfrentar\u00e1 en el <strong>grupo B<\/strong> a Canad\u00e1, Catar y Suiza.<\/p>\n<div class=\"border-t border-b py-2 my-5 tags-container\"><strong>TEMAS &#8211; <\/strong><\/p>\n<ul>\n<li>\n<div class=\"inline-block border p-2 rounded-full align-middle\">\n<p><a href=\"https:\/\/www.diariolibre.com\/tags\/mundial-2026\/74292\" title=\"Mundial 2026\">Mundial 2026<\/a><\/p>\n<\/div>\n<\/li>\n<li>\n<div class=\"inline-block border p-2 rounded-full align-middle\">\n<p><a href=\"https:\/\/www.diariolibre.com\/tags\/europa\/6821\" title=\"Europa\">Europa<\/a><\/p>\n<\/div>\n<\/li>\n<\/ul>\n<\/div>\n<p>\u00a0<\/p>\n","protected":false},"excerpt":{"rendered":"<p>\u00a0\u00a0 &lt;app-viewer-title&gt;&lt;\/app-viewer-title&gt; No hay dos sin tres y la maldici\u00f3n del repechaje golpe\u00f3 de nuevo a Italia. Ausente de los dos \u00faltimos mundiales, la Nazionale no estar\u00e1 en la edici\u00f3n de Norteam\u00e9rica 2026 tras perder ante Bosnia en los penales (1-1, 4-1) en la final de la repesca europea este martes en Zenica. Es ya [&hellip;]<\/p>\n","protected":false},"author":1,"featured_media":10157,"comment_status":"open","ping_status":"open","sticky":false,"template":"","format":"standard","meta":{"amp_status":"","footnotes":""},"categories":[4],"tags":[],"class_list":["post-10156","post","type-post","status-publish","format-standard","has-post-thumbnail","hentry","category-deportes"],"_links":{"self":[{"href":"https:\/\/ermdigital.com\/index.php\/wp-json\/wp\/v2\/posts\/10156","targetHints":{"allow":["GET"]}}],"collection":[{"href":"https:\/\/ermdigital.com\/index.php\/wp-json\/wp\/v2\/posts"}],"about":[{"href":"https:\/\/ermdigital.com\/index.php\/wp-json\/wp\/v2\/types\/post"}],"author":[{"embeddable":true,"href":"https:\/\/ermdigital.com\/index.php\/wp-json\/wp\/v2\/users\/1"}],"replies":[{"embeddable":true,"href":"https:\/\/ermdigital.com\/index.php\/wp-json\/wp\/v2\/comments?post=10156"}],"version-history":[{"count":0,"href":"https:\/\/ermdigital.com\/index.php\/wp-json\/wp\/v2\/posts\/10156\/revisions"}],"wp:featuredmedia":[{"embeddable":true,"href":"https:\/\/ermdigital.com\/index.php\/wp-json\/wp\/v2\/media\/10157"}],"wp:attachment":[{"href":"https:\/\/ermdigital.com\/index.php\/wp-json\/wp\/v2\/media?parent=10156"}],"wp:term":[{"taxonomy":"category","embeddable":true,"href":"https:\/\/ermdigital.com\/index.php\/wp-json\/wp\/v2\/categories?post=10156"},{"taxonomy":"post_tag","embeddable":true,"href":"https:\/\/ermdigital.com\/index.php\/wp-json\/wp\/v2\/tags?post=10156"}],"curies":[{"name":"wp","href":"https:\/\/api.w.org\/{rel}","templated":true}]}}