{"id":10014,"date":"2026-03-31T15:21:57","date_gmt":"2026-03-31T19:21:57","guid":{"rendered":"https:\/\/ermdigital.com\/index.php\/2026\/03\/31\/colapinto-llevara-de-nuevo-la-formula-uno-a-argentina\/"},"modified":"2026-03-31T15:21:57","modified_gmt":"2026-03-31T19:21:57","slug":"colapinto-llevara-de-nuevo-la-formula-uno-a-argentina","status":"publish","type":"post","link":"https:\/\/ermdigital.com\/index.php\/2026\/03\/31\/colapinto-llevara-de-nuevo-la-formula-uno-a-argentina\/","title":{"rendered":"Colapinto llevar\u00e1 de nuevo la F\u00f3rmula Uno a Argentina"},"content":{"rendered":"<p>\u00a0\u00a0<\/p>\n<p>El piloto argentino <strong>Franco Colapinto<\/strong>, de la escuder\u00eda BWT <strong>Alpine<\/strong> de <strong>F\u00f3rmula Uno<\/strong>, protagonizar\u00e1 una <strong>exhibici\u00f3n<\/strong> con el <strong>monoplaza E20<\/strong> en las calles de Buenos Aires el pr\u00f3ximo 26 de abril.<\/p>\n<p>De esta forma, se convertir\u00e1 en el <strong>primer argentino<\/strong> en <strong>conducir<\/strong> un veh\u00edculo de <strong>F\u00f3rmula Uno<\/strong> sobre el asfalto de la capital <strong>argentina<\/strong>, en concreto del barrio norte\u00f1o de Palermo, seg\u00fan inform\u00f3 este martes en un comunicado la escuder\u00eda.<\/p>\n<p>En un evento que han calificado de \"hist\u00f3rico\", el piloto de Pilar (provincia de Buenos Aires) conducir\u00e1 el <strong>E20 de F\u00f3rmula 1<\/strong> de 2012, propulsado por un <strong>motor Renault V8<\/strong> y decorado con los colores de BWT <strong>Alpine<\/strong>.<\/p>\n<p>Las <strong>Avenidas Libertador y Sarmiento<\/strong> se transformar\u00e1n en un <strong>circuito urbano<\/strong> de <strong>2 kil\u00f3metros<\/strong>, donde se completar\u00e1n dos recorridos oficiales del evento.<\/p>\n<p>\"<strong>Conducir<\/strong> en casa con un coche de F\u00f3rmula 1 ser\u00e1 uno de los momentos m\u00e1s especiales de mi vida. Es mi forma de agradecer, aunque sea un poquito, todo el apoyo y el cari\u00f1o que he recibido desde muy peque\u00f1o, que me impulsa cada d\u00eda a seguir so\u00f1ando con alcanzar todas mis metas profesionales. Cada mensaje, cada bandera y cada \u00e1nimo siempre han estado ah\u00ed. Esto es para todos vosotros, para disfrutar juntos de este momento tan especial\", se\u00f1al\u00f3 el piloto.<\/p>\n<p>La <strong>exhibici\u00f3n<\/strong> forma parte del <strong>festival<\/strong> 'Mercado Libre presenta: <strong>Franco Colapinto<\/strong> Road Show Buenos Aires 2026&#8242;, que tambi\u00e9n contar\u00e1 con <strong>experiencias \u00fanicas<\/strong> para los fans y los invitados, un foro y actuaciones musicales, entre otras actividades.<\/p>\n<p>As\u00ed, <strong>Argentina<\/strong> volver\u00e1 a revivir la pasi\u00f3n de la <strong>F\u00f3rmula Uno<\/strong> en el pa\u00eds, que desde 1998 no celebra su Gran Premio en el <strong>Aut\u00f3dromo Oscar y Juan G\u00e1lvez<\/strong>.<\/p>\n<p>En julio pasado, el alcalde de Buenos Aires, el conservador <strong>Jorge Macri<\/strong>, anunci\u00f3 que la capital <strong>argentina<\/strong> volver\u00e1 a albergar desde 2027 el Gran Premio de la Rep\u00fablica <strong>Argentina<\/strong> de MotoGP como \"un primer paso para postular a la ciudad como sede de la <strong>F\u00f3rmula Uno<\/strong>\".<\/p>\n<div class=\"w-full pt-2 float-left inside-related\"><strong>RELACIONADAS<\/strong><\/p>\n<article class=\"flex flex-wrap border-b pb-4 mb-3 inline-block\">\n<div class=\"xl:w-2\/12 w-4\/12\">\n<figure class=\"mb-0\"><img loading=\"lazy\" decoding=\"async\" src=\"https:\/\/resources.diariolibre.com\/images\/2025\/12\/02\/725821b39cb4e1393fd9f88fea11e3c1cabeea06-816ae3e1-focus-0.42-0.38-149-99.jpg\" width=\"149\" height=\"99\" title=\"Verstappen, desanimado, da a entender que podr\u00eda dejar la F\u00f3rmula Uno\" alt=\"Verstappen, desanimado, da a entender que podr\u00eda dejar la F\u00f3rmula Uno\" class=\"object-cover\" \/><\/figure>\n<\/div>\n<\/article>\n<\/div>\n<div class=\"border-t border-b py-2 my-5 tags-container\"><strong>TEMAS &#8211; <\/strong><\/p>\n<ul>\n<li>\n<div class=\"inline-block border p-2 rounded-full align-middle\">\n<p><a href=\"https:\/\/www.diariolibre.com\/tags\/formula-uno\/519\" title=\"F\u00f3rmula Uno\">F\u00f3rmula Uno<\/a><\/p>\n<\/div>\n<\/li>\n<li>\n<div class=\"inline-block border p-2 rounded-full align-middle\">\n<p><a href=\"https:\/\/www.diariolibre.com\/tags\/franco-colapinto\/216914\" title=\"Franco Colapinto\">Franco Colapinto<\/a><\/p>\n<\/div>\n<\/li>\n<li>\n<div class=\"inline-block border p-2 rounded-full align-middle\">\n<p><a href=\"https:\/\/www.diariolibre.com\/tags\/argentina\/6091\" title=\"Argentina\">Argentina<\/a><\/p>\n<\/div>\n<\/li>\n<li>\n<div class=\"inline-block border p-2 rounded-full align-middle\">\n<p><a href=\"https:\/\/www.diariolibre.com\/tags\/alpine\/51174\" title=\"Alpine\">Alpine<\/a><\/p>\n<\/div>\n<\/li>\n<\/ul>\n<\/div>\n<p>\u00a0<\/p>\n","protected":false},"excerpt":{"rendered":"<p>\u00a0\u00a0 El piloto argentino Franco Colapinto, de la escuder\u00eda BWT Alpine de F\u00f3rmula Uno, protagonizar\u00e1 una exhibici\u00f3n con el monoplaza E20 en las calles de Buenos Aires el pr\u00f3ximo 26 de abril. De esta forma, se convertir\u00e1 en el primer argentino en conducir un veh\u00edculo de F\u00f3rmula Uno sobre el asfalto de la capital argentina, [&hellip;]<\/p>\n","protected":false},"author":1,"featured_media":10015,"comment_status":"open","ping_status":"open","sticky":false,"template":"","format":"standard","meta":{"amp_status":"","footnotes":""},"categories":[4],"tags":[],"class_list":["post-10014","post","type-post","status-publish","format-standard","has-post-thumbnail","hentry","category-deportes"],"_links":{"self":[{"href":"https:\/\/ermdigital.com\/index.php\/wp-json\/wp\/v2\/posts\/10014","targetHints":{"allow":["GET"]}}],"collection":[{"href":"https:\/\/ermdigital.com\/index.php\/wp-json\/wp\/v2\/posts"}],"about":[{"href":"https:\/\/ermdigital.com\/index.php\/wp-json\/wp\/v2\/types\/post"}],"author":[{"embeddable":true,"href":"https:\/\/ermdigital.com\/index.php\/wp-json\/wp\/v2\/users\/1"}],"replies":[{"embeddable":true,"href":"https:\/\/ermdigital.com\/index.php\/wp-json\/wp\/v2\/comments?post=10014"}],"version-history":[{"count":0,"href":"https:\/\/ermdigital.com\/index.php\/wp-json\/wp\/v2\/posts\/10014\/revisions"}],"wp:featuredmedia":[{"embeddable":true,"href":"https:\/\/ermdigital.com\/index.php\/wp-json\/wp\/v2\/media\/10015"}],"wp:attachment":[{"href":"https:\/\/ermdigital.com\/index.php\/wp-json\/wp\/v2\/media?parent=10014"}],"wp:term":[{"taxonomy":"category","embeddable":true,"href":"https:\/\/ermdigital.com\/index.php\/wp-json\/wp\/v2\/categories?post=10014"},{"taxonomy":"post_tag","embeddable":true,"href":"https:\/\/ermdigital.com\/index.php\/wp-json\/wp\/v2\/tags?post=10014"}],"curies":[{"name":"wp","href":"https:\/\/api.w.org\/{rel}","templated":true}]}}