{"id":10010,"date":"2026-03-31T15:21:56","date_gmt":"2026-03-31T19:21:56","guid":{"rendered":"https:\/\/ermdigital.com\/index.php\/2026\/03\/31\/kenia-paga-30-millones-de-dolares-para-acoger-la-copa-africana-de-futbol\/"},"modified":"2026-03-31T15:21:56","modified_gmt":"2026-03-31T19:21:56","slug":"kenia-paga-30-millones-de-dolares-para-acoger-la-copa-africana-de-futbol","status":"publish","type":"post","link":"https:\/\/ermdigital.com\/index.php\/2026\/03\/31\/kenia-paga-30-millones-de-dolares-para-acoger-la-copa-africana-de-futbol\/","title":{"rendered":"Kenia paga 30 millones de d\u00f3lares para acoger la Copa Africana de f\u00fatbol"},"content":{"rendered":"<p>\u00a0\u00a0<\/p>\n<p>El <strong>Gobierno de Kenia<\/strong> confirm\u00f3 este martes que el pa\u00eds ha <strong>pagado<\/strong> a la Confederaci\u00f3n Africana de F\u00fatbol (<strong>CAF<\/strong>) la tasa de <strong>30 millones de d\u00f3lares<\/strong> (unos 26 millones de euros) requerida para acoger la Copa Africana de Naciones (CAN) en 2027, un evento que coorganiza con las vecinas Uganda y Tanzania.<\/p>\n<p>\"<strong>Kenia<\/strong> ha cumplido plenamente con sus obligaciones financieras e institucionales con la <strong>CAF<\/strong>, lo que representa un paso decisivo hacia la organizaci\u00f3n conjunta de la Copa Africana de Naciones 2027&#8243;, declar\u00f3 el ministro keniano de Deportes, <strong>Salim Mvurya<\/strong>.<\/p>\n<p>El <strong>pago<\/strong>, afirm\u00f3 el ministro, \"reafirma la credibilidad, la preparaci\u00f3n y el compromiso inquebrantable de <strong>Kenia<\/strong> para ofrecer un <strong>torneo continental<\/strong> exitoso\".<\/p>\n<p>\"Adem\u00e1s, el Gobierno ha constituido un <strong>Comit\u00e9 Organizador Local<\/strong> (LOC, en ingl\u00e9s) reestructurado, que re\u00fane a actores clave de los <strong>sectores p\u00fablico y privado<\/strong> en todas las \u00e1reas cr\u00edticas de la organizaci\u00f3n\", a\u00f1adi\u00f3.<\/p>\n<p>Mvurya dijo que el pa\u00eds acelerar\u00e1 la implementaci\u00f3n de todos los requisitos de la <strong>CAF<\/strong>, tanto respecto a <strong>infraestructuras<\/strong> como al desarrollo de la competici\u00f3n.<\/p>\n<p>\"Entre ellos, se incluyen la construcci\u00f3n y la mejora aceleradas de los <strong>estadios<\/strong>, las instalaciones de entrenamiento y los <strong>sistemas de transporte<\/strong> y log\u00edstica, as\u00ed como las normas de seguridad y retransmisi\u00f3n\", detall\u00f3.<\/p>\n<ul class=\"list-text\">\n<li>En\u00a0<strong>septiembre de 2023<\/strong>, el Comit\u00e9 Ejecutivo de la\u00a0<strong>CAF<\/strong>\u00a0adjudic\u00f3 la organizaci\u00f3n de la CAN de 2025 a Marruecos y la de 2027 al tr\u00edo <strong>Kenia<\/strong>-Uganda-Tanzania.<\/li>\n<\/ul>\n<p>\"El mayor evento en suelo africano regresa a <strong>\u00c1frica oriental<\/strong> despu\u00e9s de 51 a\u00f1os desde que fue organizado por \u00faltima vez en Etiop\u00eda en 1976. Esta ser\u00e1 la 36\u00aa edici\u00f3n de la competici\u00f3n y la primera vez que ser\u00e1 organizada por <strong>tres pa\u00edses<\/strong>\", detall\u00f3 entonces el presidente de la CAN, <strong>Patrice Motsepe<\/strong>.<\/p>\n<div class=\"w-full pt-2 float-left inside-related\"><strong>RELACIONADAS<\/strong><\/p>\n<article class=\"flex flex-wrap border-b pb-4 mb-3 inline-block\">\n<div class=\"xl:w-2\/12 w-4\/12\">\n<figure class=\"mb-0\"><img loading=\"lazy\" decoding=\"async\" src=\"https:\/\/resources.diariolibre.com\/images\/2026\/03\/18\/copa-africa-senegal-apelara-decision-injusta-de-quitarle-el-titulo-f99a2a1e-focus-min0.41-0.38-149-99.jpg\" width=\"149\" height=\"99\" title=\"Federaci\u00f3n de Senegal apelar\u00e1 decisi\u00f3n injusta que le quit\u00f3 t\u00edtulo de la Copa de \u00c1frica\" alt=\"Federaci\u00f3n de Senegal apelar\u00e1 decisi\u00f3n injusta que le quit\u00f3 t\u00edtulo de la Copa de \u00c1frica\" class=\"object-cover\" \/><\/figure>\n<\/div>\n<\/article>\n<\/div>\n<div class=\"border-t border-b py-2 my-5 tags-container\"><strong>TEMAS &#8211; <\/strong><\/p>\n<ul>\n<li><\/li>\n<li>\n<div class=\"inline-block border p-2 rounded-full align-middle\">\n<p><a href=\"https:\/\/www.diariolibre.com\/tags\/copa-africana-de-futbol\/40181\" title=\"Copa Africana de F\u00fatbol\">Copa Africana de F\u00fatbol<\/a><\/p>\n<\/div>\n<\/li>\n<li><\/li>\n<li><\/li>\n<\/ul>\n<\/div>\n<p>\u00a0<\/p>\n","protected":false},"excerpt":{"rendered":"<p>\u00a0\u00a0 El Gobierno de Kenia confirm\u00f3 este martes que el pa\u00eds ha pagado a la Confederaci\u00f3n Africana de F\u00fatbol (CAF) la tasa de 30 millones de d\u00f3lares (unos 26 millones de euros) requerida para acoger la Copa Africana de Naciones (CAN) en 2027, un evento que coorganiza con las vecinas Uganda y Tanzania. \"Kenia ha [&hellip;]<\/p>\n","protected":false},"author":1,"featured_media":10011,"comment_status":"open","ping_status":"open","sticky":false,"template":"","format":"standard","meta":{"amp_status":"","footnotes":""},"categories":[4],"tags":[],"class_list":["post-10010","post","type-post","status-publish","format-standard","has-post-thumbnail","hentry","category-deportes"],"_links":{"self":[{"href":"https:\/\/ermdigital.com\/index.php\/wp-json\/wp\/v2\/posts\/10010","targetHints":{"allow":["GET"]}}],"collection":[{"href":"https:\/\/ermdigital.com\/index.php\/wp-json\/wp\/v2\/posts"}],"about":[{"href":"https:\/\/ermdigital.com\/index.php\/wp-json\/wp\/v2\/types\/post"}],"author":[{"embeddable":true,"href":"https:\/\/ermdigital.com\/index.php\/wp-json\/wp\/v2\/users\/1"}],"replies":[{"embeddable":true,"href":"https:\/\/ermdigital.com\/index.php\/wp-json\/wp\/v2\/comments?post=10010"}],"version-history":[{"count":0,"href":"https:\/\/ermdigital.com\/index.php\/wp-json\/wp\/v2\/posts\/10010\/revisions"}],"wp:featuredmedia":[{"embeddable":true,"href":"https:\/\/ermdigital.com\/index.php\/wp-json\/wp\/v2\/media\/10011"}],"wp:attachment":[{"href":"https:\/\/ermdigital.com\/index.php\/wp-json\/wp\/v2\/media?parent=10010"}],"wp:term":[{"taxonomy":"category","embeddable":true,"href":"https:\/\/ermdigital.com\/index.php\/wp-json\/wp\/v2\/categories?post=10010"},{"taxonomy":"post_tag","embeddable":true,"href":"https:\/\/ermdigital.com\/index.php\/wp-json\/wp\/v2\/tags?post=10010"}],"curies":[{"name":"wp","href":"https:\/\/api.w.org\/{rel}","templated":true}]}}